{"id":24411,"date":"2018-11-21T16:25:30","date_gmt":"2018-11-21T13:25:30","guid":{"rendered":"http:\/\/arantv.az\/?p=24411"},"modified":"2018-11-21T16:25:30","modified_gmt":"2018-11-21T13:25:30","slug":"ilham-%c9%99liyev-turkm%c9%99nistana-r%c9%99smi-s%c9%99f%c9%99r%c9%99-g%c9%99lib","status":"publish","type":"post","link":"https:\/\/arantv.az\/?p=24411","title":{"rendered":"\u0130lham \u018fliyev T\u00fcrkm\u0259nistana r\u0259smi s\u0259f\u0259r\u0259 g\u0259lib"},"content":{"rendered":"<p class=\"\"><strong>ARANTV.AZ<\/strong> x\u0259b\u0259r verir ki, Az\u0259rbaycan Respublikas\u0131n\u0131n Prezidenti \u0130lham \u018fliyev noyabr\u0131n 21-d\u0259 T\u00fcrkm\u0259nistana r\u0259smi s\u0259f\u0259r\u0259 g\u0259lib.<\/p>\n<p>Az\u0259rbaycan\u0131n v\u0259 T\u00fcrkm\u0259nistan\u0131n d\u00f6vl\u0259t bayraqlar\u0131n\u0131n dal\u011faland\u0131\u011f\u0131 A\u015fqabad beyn\u0259lxalq hava liman\u0131nda d\u00f6vl\u0259timizin ba\u015f\u00e7\u0131s\u0131n\u0131n \u015f\u0259r\u0259fin\u0259 f\u0259xri qarovul d\u0259st\u0259si d\u00fcz\u00fclm\u00fc\u015fd\u00fc.<\/p>\n<p>Prezident \u0130lham \u018fliyevi T\u00fcrkm\u0259nistan\u0131n Ba\u015f nazirinin m\u00fcavini, xarici i\u015fl\u0259r naziri R\u0259\u015fid Meredov v\u0259 dig\u0259r y\u00fcks\u0259k v\u0259zif\u0259li \u015f\u0259xsl\u0259r qar\u015f\u0131lad\u0131lar.<\/p>\n<div class=\"fotorama--hidden\"><\/div>\n<div class=\"article-carousel fotorama fotorama1542806600268\" data-autoplay=\"true\" data-ratio=\"660\/430\" data-width=\"100%\">\n<div class=\"fotorama__wrap fotorama__wrap--css3 fotorama__wrap--slide fotorama__wrap--toggle-arrows fotorama__wrap--no-controls\">\n<div class=\"fotorama__stage fotorama__pointer\">\n<div class=\"fotorama__stage__shaft\">\n<div class=\"fotorama__stage__frame fotorama__loaded fotorama__loaded--img\"><img class=\"fotorama__img\" src=\"https:\/\/static.president.az\/media\/W1siZiIsIjIwMTgvMTEvMjEvODV6YzhoM3EzOV8wMDMuanBnIl0sWyJwIiwidGh1bWIiLCIxMzQweDEwMjAiXV0?sha=d06d38b0ad6da16f\" \/><\/div>\n<div class=\"fotorama__stage__frame fotorama__loaded fotorama__loaded--img fotorama__active\"><img class=\"fotorama__img\" src=\"https:\/\/static.president.az\/media\/W1siZiIsIjIwMTgvMTEvMjEvOHhpNzQ3eTViYl8wMDQuanBnIl0sWyJwIiwidGh1bWIiLCIxMzQweDEwMjAiXV0?sha=085e68d100a4070f\" \/><\/div>\n<\/div>\n<div class=\"fotorama__arr fotorama__arr--prev\" tabindex=\"0\" role=\"button\"><\/div>\n<div class=\"fotorama__arr fotorama__arr--next fotorama__arr--disabled\" tabindex=\"-1\" role=\"button\"><\/div>\n<div class=\"fotorama__video-close\"><\/div>\n<\/div>\n<div class=\"fotorama__nav-wrap\">\n<div class=\"fotorama__nav fotorama__nav--dots\">\n<div class=\"fotorama__nav__shaft\">\n<div class=\"fotorama__nav__frame fotorama__nav__frame--dot\" tabindex=\"0\" role=\"button\">\n<div class=\"fotorama__dot\"><\/div>\n<\/div>\n<div class=\"fotorama__nav__frame fotorama__nav__frame--dot\" tabindex=\"0\" role=\"button\">\n<div class=\"fotorama__dot\"><\/div>\n<\/div>\n<div class=\"fotorama__nav__frame fotorama__nav__frame--dot\" tabindex=\"0\" role=\"button\">\n<div class=\"fotorama__dot\"><\/div>\n<\/div>\n<div class=\"fotorama__nav__frame fotorama__nav__frame--dot fotorama__active\" tabindex=\"0\" role=\"button\">\n<div class=\"fotorama__dot\"><\/div>\n<\/div>\n<\/div>\n<\/div>\n<\/div>\n<\/div>\n<\/div>\n","protected":false},"excerpt":{"rendered":"<p>ARANTV.AZ x\u0259b\u0259r verir ki, Az\u0259rbaycan Respublikas\u0131n\u0131n Prezidenti \u0130lham \u018fliyev noyabr\u0131n 21-d\u0259 T\u00fcrkm\u0259nistana r\u0259smi s\u0259f\u0259r\u0259 g\u0259lib. Az\u0259rbaycan\u0131n v\u0259 T\u00fcrkm\u0259nistan\u0131n d\u00f6vl\u0259t bayraqlar\u0131n\u0131n dal\u011faland\u0131\u011f\u0131 A\u015fqabad beyn\u0259lxalq hava liman\u0131nda d\u00f6vl\u0259timizin ba\u015f\u00e7\u0131s\u0131n\u0131n \u015f\u0259r\u0259fin\u0259 f\u0259xri qarovul d\u0259st\u0259si d\u00fcz\u00fclm\u00fc\u015fd\u00fc. Prezident \u0130lham \u018fliyevi T\u00fcrkm\u0259nistan\u0131n Ba\u015f nazirinin m\u00fcavini, xarici i\u015fl\u0259r naziri R\u0259\u015fid Meredov v\u0259 dig\u0259r y\u00fcks\u0259k v\u0259zif\u0259li \u015f\u0259xsl\u0259r qar\u015f\u0131lad\u0131lar.<\/p>\n","protected":false},"author":2,"featured_media":24412,"comment_status":"closed","ping_status":"closed","sticky":false,"template":"","format":"standard","meta":{"om_disable_all_campaigns":false,"_monsterinsights_skip_tracking":false,"_monsterinsights_sitenote_active":false,"_monsterinsights_sitenote_note":"","_monsterinsights_sitenote_category":0},"categories":[8],"tags":[],"aioseo_notices":[],"gutentor_comment":0,"rttpg_featured_image_url":{"full":["https:\/\/arantv.az\/wp-content\/uploads\/2018\/11\/004-1.jpg",2360,1196,false],"landscape":["https:\/\/arantv.az\/wp-content\/uploads\/2018\/11\/004-1.jpg",2360,1196,false],"portraits":["https:\/\/arantv.az\/wp-content\/uploads\/2018\/11\/004-1.jpg",2360,1196,false],"thumbnail":["https:\/\/arantv.az\/wp-content\/uploads\/2018\/11\/004-1-150x150.jpg",150,150,true],"medium":["https:\/\/arantv.az\/wp-content\/uploads\/2018\/11\/004-1-300x152.jpg",300,152,true],"large":["https:\/\/arantv.az\/wp-content\/uploads\/2018\/11\/004-1-1024x519.jpg",640,324,true],"1536x1536":["https:\/\/arantv.az\/wp-content\/uploads\/2018\/11\/004-1.jpg",1536,778,false],"2048x2048":["https:\/\/arantv.az\/wp-content\/uploads\/2018\/11\/004-1.jpg",2048,1038,false],"post-thumbnail":["https:\/\/arantv.az\/wp-content\/uploads\/2018\/11\/004-1-240x172.jpg",240,172,true],"advps-thumb-one":["https:\/\/arantv.az\/wp-content\/uploads\/2018\/11\/004-1-1200x620.jpg",1200,620,true]},"rttpg_author":{"display_name":"V\u00fcsal Rafiqo\u011flu","author_link":"https:\/\/arantv.az\/?author=2"},"rttpg_comment":0,"rttpg_category":"<a href=\"https:\/\/arantv.az\/?cat=8\" rel=\"category\">\u018fsas s\u0259hif\u0259<\/a>","rttpg_excerpt":"ARANTV.AZ x\u0259b\u0259r verir ki, Az\u0259rbaycan Respublikas\u0131n\u0131n Prezidenti \u0130lham \u018fliyev noyabr\u0131n 21-d\u0259 T\u00fcrkm\u0259nistana r\u0259smi s\u0259f\u0259r\u0259 g\u0259lib. Az\u0259rbaycan\u0131n v\u0259 T\u00fcrkm\u0259nistan\u0131n d\u00f6vl\u0259t bayraqlar\u0131n\u0131n dal\u011faland\u0131\u011f\u0131 A\u015fqabad beyn\u0259lxalq hava liman\u0131nda d\u00f6vl\u0259timizin ba\u015f\u00e7\u0131s\u0131n\u0131n \u015f\u0259r\u0259fin\u0259 f\u0259xri qarovul d\u0259st\u0259si d\u00fcz\u00fclm\u00fc\u015fd\u00fc. Prezident \u0130lham \u018fliyevi T\u00fcrkm\u0259nistan\u0131n Ba\u015f nazirinin m\u00fcavini, xarici i\u015fl\u0259r naziri R\u0259\u015fid Meredov v\u0259 dig\u0259r y\u00fcks\u0259k v\u0259zif\u0259li \u015f\u0259xsl\u0259r qar\u015f\u0131lad\u0131lar.","_links":{"self":[{"href":"https:\/\/arantv.az\/index.php?rest_route=\/wp\/v2\/posts\/24411"}],"collection":[{"href":"https:\/\/arantv.az\/index.php?rest_route=\/wp\/v2\/posts"}],"about":[{"href":"https:\/\/arantv.az\/index.php?rest_route=\/wp\/v2\/types\/post"}],"author":[{"embeddable":true,"href":"https:\/\/arantv.az\/index.php?rest_route=\/wp\/v2\/users\/2"}],"replies":[{"embeddable":true,"href":"https:\/\/arantv.az\/index.php?rest_route=%2Fwp%2Fv2%2Fcomments&post=24411"}],"version-history":[{"count":0,"href":"https:\/\/arantv.az\/index.php?rest_route=\/wp\/v2\/posts\/24411\/revisions"}],"wp:featuredmedia":[{"embeddable":true,"href":"https:\/\/arantv.az\/index.php?rest_route=\/wp\/v2\/media\/24412"}],"wp:attachment":[{"href":"https:\/\/arantv.az\/index.php?rest_route=%2Fwp%2Fv2%2Fmedia&parent=24411"}],"wp:term":[{"taxonomy":"category","embeddable":true,"href":"https:\/\/arantv.az\/index.php?rest_route=%2Fwp%2Fv2%2Fcategories&post=24411"},{"taxonomy":"post_tag","embeddable":true,"href":"https:\/\/arantv.az\/index.php?rest_route=%2Fwp%2Fv2%2Ftags&post=24411"}],"curies":[{"name":"wp","href":"https:\/\/api.w.org\/{rel}","templated":true}]}}