{"id":244111,"date":"2020-11-28T16:58:55","date_gmt":"2020-11-28T13:58:55","guid":{"rendered":"http:\/\/arantv.az\/?p=244111"},"modified":"2020-11-28T16:58:55","modified_gmt":"2020-11-28T13:58:55","slug":"mariya-pavlovna-huseynova-prezident-ilham-%c9%99liyevi-t%c9%99brik-edib","status":"publish","type":"post","link":"https:\/\/arantv.az\/?p=244111","title":{"rendered":"Mariya Pavlovna H\u00fcseynova Prezident \u0130lham \u018fliyevi t\u0259brik edib"},"content":{"rendered":"<p>\u201cAz\u0259rbaycan-Bolqar\u0131stan Dostlu\u011funun \u0130nki\u015faf\u0131na K\u00f6m\u0259k\u201d \u0130ctimai Birliyinin s\u0259dri Mariya Pavlovna H\u00fcseynova-Atanasovadan Az\u0259rbaycan Respublikas\u0131n\u0131n Prezidenti Ali Ba\u015f Komandan \u0130lham Heyd\u0259r o\u011flu \u018fliyev\u0259 t\u0259brik m\u0259ktubu g\u0259lib.<\/p>\n<p><strong>ARANTV.AZ<\/strong>-\u0131n m\u0259lumat\u0131na g\u00f6r\u0259, m\u0259ktubda qeyd edilir:<\/p>\n<p>&#8220;H\u00f6rm\u0259tli c\u0259nab Prezident.<\/p>\n<p>Az\u0259rbaycan-Bolqar\u0131stan ictimai birliyinin ad\u0131ndan Sizi Az\u0259rbaycan\u0131n B\u00f6y\u00fck Q\u0259l\u0259b\u0259si m\u00fcnasib\u0259til\u0259 t\u0259brik edirik. Qaraba\u011f Az\u0259rbaycand\u0131r!<\/p>\n<p>C\u0259nab Prezident, Siz Az\u0259rbaycan xalq\u0131n\u0131n \u00fcmummilli lideri, dahi Heyd\u0259r \u018fliyevin i\u015fini v\u0259 siyas\u0259tini l\u0259yaq\u0259tl\u0259 davam etdirirsiniz. Sizin ad\u0131n\u0131z tarix\u0259, diplomatiya tarixin\u0259, beyn\u0259lxalq m\u00fcnasib\u0259tl\u0259r tarixin\u0259 v\u0259 h\u0259rbi i\u015f tarixin\u0259 d\u00fc\u015f\u00fcb. Sizin siyas\u0259tiniz say\u0259sind\u0259 Az\u0259rbaycanda \u2013 d\u00fcnyan\u0131n bu g\u00f6z\u0259l gu\u015f\u0259sind\u0259 m\u00fcxt\u0259lif mill\u0259tl\u0259rd\u0259n olan insanlar, o c\u00fcml\u0259d\u0259n bolqarlar ya\u015fay\u0131rlar. B\u00fct\u00fcn bunlar ona g\u00f6r\u0259 m\u00fcmk\u00fcnd\u00fcr ki, Az\u0259rbaycanda milli azl\u0131qlara m\u00fcnasib\u0259td\u0259 tolerantl\u0131q v\u0259 multikulturalizm siyas\u0259ti h\u0259yata ke\u00e7irilir. Az\u0259rbaycan xalq\u0131n\u0131n \u00e7oxillik tarixi m\u0259d\u0259niyy\u0259tl\u0259r aras\u0131nda d\u00f6z\u00fcml\u00fcl\u00fck v\u0259 dialoq ruhunun, h\u0259m\u00e7inin \u00f6lk\u0259nizd\u0259 ya\u015fayan bu q\u0259d\u0259r m\u00fcxt\u0259lif insanlar aras\u0131nda, onlar\u0131n etnik, m\u0259d\u0259ni, dil v\u0259 din m\u0259nsubiyy\u0259tind\u0259n as\u0131l\u0131 olmayaraq, qar\u015f\u0131l\u0131ql\u0131 h\u00f6rm\u0259t, anla\u015fma v\u0259 \u0259m\u0259kda\u015fl\u0131q ruhunun yarad\u0131lmas\u0131 v\u0259 b\u0259rq\u0259rar olmas\u0131 \u00fc\u00e7\u00fcn m\u00fch\u00fcm amildir.<\/p>\n<p>2005-ci ild\u0259 Az\u0259rbaycanda \u201cAz\u0259rbaycan-Bolqar\u0131stan dostlu\u011funun inki\u015faf\u0131na k\u00f6m\u0259k\u201d \u0130ctimai Birliyi yarad\u0131l\u0131b, bolqar dilind\u0259 \u201cAkord\u201d adl\u0131 beyn\u0259lxalq jurnal n\u0259\u015fr edilir. Bu \u0130ctimai Birliyin s\u0259dri Az\u0259rbaycan\u0131n q\u0259dim tarix\u0259 malik G\u0259nc\u0259 \u015f\u0259h\u0259rind\u0259 do\u011fulub boya-ba\u015fa \u00e7atm\u0131\u015f etnik bolqar qad\u0131nd\u0131r.<\/p>\n<p>On be\u015f il \u0259rzind\u0259 bu c\u0259miyy\u0259tin f\u0259aliyy\u0259tinin v\u0259 jurnal\u0131n n\u0259\u015frinin \u0259sas missiyas\u0131 auditoriyan\u0131 Az\u0259rbaycan il\u0259 Bolqar\u0131stan\u0131n qar\u015f\u0131l\u0131ql\u0131 m\u00fcnasib\u0259tl\u0259rind\u0259 ba\u015f ver\u0259n \u0259n m\u00fch\u00fcm v\u0259 aktual hadis\u0259l\u0259r bar\u0259d\u0259 m\u0259lumatland\u0131rmaqd\u0131r.<\/p>\n<p>Erm\u0259nistan t\u0259r\u0259finin t\u00f6r\u0259tdiyi t\u0259cav\u00fcz v\u0259 terrorizm il\u0259 \u0259laq\u0259dar h\u0259rbi \u0259m\u0259liyyatlar d\u00f6vr\u00fcnd\u0259 sosial \u015f\u0259b\u0259k\u0259d\u0259 informasiya meydan\u0131n\u0131 \u0259l\u0259 ke\u00e7irm\u0259k m\u0259qs\u0259dil\u0259 c\u0259miyy\u0259tin \u201cInstagram\u201d sosial \u015f\u0259b\u0259k\u0259sind\u0259 \u201c@azerbaijan_bulgaria\u201d r\u0259smi s\u0259hif\u0259si yarad\u0131l\u0131b. Bu s\u0259hif\u0259d\u0259 yerl\u0259\u015fdiril\u0259n postlarda Erm\u0259nistan t\u0259r\u0259find\u0259n Az\u0259rbaycan\u0131n dinc \u0259halisin\u0259 qar\u015f\u0131 t\u00f6r\u0259dil\u0259n t\u0259cav\u00fcz\u00fcn, terrorizmin v\u0259 vandalizmin n\u0259tic\u0259l\u0259ri bar\u0259d\u0259 m\u0259lumatlar \u0259ks olunur.<\/p>\n<p>\u0130ctimai Birlik Bolqar\u0131stan\u0131n Prezidentin\u0259, Ba\u015f nazirin\u0259, parlamentin\u0259, Plovdiv v\u0259 Varna \u015f\u0259h\u0259rl\u0259rinin r\u0259smi \u015f\u0259xsl\u0259rin\u0259, k\u00fctl\u0259vi informasiya vasit\u0259l\u0259rin\u0259 m\u00fcraci\u0259t g\u00f6nd\u0259rib. H\u0259min m\u00fcraci\u0259td\u0259 Az\u0259rbaycanda ba\u015f ver\u0259n real hadis\u0259l\u0259r, Az\u0259rbaycan\u0131n dinc \u0259halisin\u0259 qar\u015f\u0131 erm\u0259ni t\u0259cav\u00fcz\u00fc v\u0259 terrorizmi bar\u0259d\u0259 m\u0259lumat verilib. M\u00fcraci\u0259td\u0259 deyilirdi ki, Az\u0259rbaycanda dinc \u015f\u0259raitd\u0259 ya\u015fayan bolqarlar Erm\u0259nistan\u0131n t\u0259xribat\u00e7\u0131 h\u0259r\u0259k\u0259tl\u0259rini v\u0259 siyas\u0259tini q\u0259tiyy\u0259tl\u0259 pisl\u0259yirl\u0259r.<\/p>\n<p>Noyabr\u0131n 10-da Bolqar\u0131stan v\u0259 Az\u0259rbaycan K\u0130V n\u00fcmay\u0259nd\u0259l\u0259ri il\u0259 u\u011furla t\u0259\u015fkil edilmi\u015f \u201cAz\u0259rbaycan-Bolqar\u0131stan\u201d telek\u00f6rp\u00fcs\u00fc xo\u015f t\u0259sad\u00fcfd\u0259n Az\u0259rbaycan\u0131n B\u00f6y\u00fck Q\u0259l\u0259b\u0259 G\u00fcn\u00fc il\u0259 eyni vaxtda d\u00fc\u015fd\u00fc.<\/p>\n<p>\u00c7oxmill\u0259tli Az\u0259rbaycan xalq\u0131 ad\u0131ndan Siz\u0259 &#8211; Az\u0259rbaycan Respublikas\u0131n\u0131n Prezidenti \u0130lham Heyd\u0259r o\u011flu \u018fliyev\u0259, birinci xan\u0131m v\u0259 Az\u0259rbaycan Respublikas\u0131n\u0131n Birinci vitse-prezidenti Mehriban \u018fliyevaya, Sizin b\u00fct\u00fcn ail\u0259niz\u0259 v\u0259 b\u00fct\u00fcn Az\u0259rbaycan xalq\u0131na s\u00fclh, firavanl\u0131q, xo\u015fb\u0259xtlik, cansa\u011fl\u0131\u011f\u0131 v\u0259 Az\u0259rbaycan\u0131n inki\u015faf\u0131 namin\u0259 u\u011furlu f\u0259aliyy\u0259t arzu edirik&#8221;.<\/p>\n","protected":false},"excerpt":{"rendered":"<p>\u201cAz\u0259rbaycan-Bolqar\u0131stan Dostlu\u011funun \u0130nki\u015faf\u0131na K\u00f6m\u0259k\u201d \u0130ctimai Birliyinin s\u0259dri Mariya Pavlovna H\u00fcseynova-Atanasovadan Az\u0259rbaycan Respublikas\u0131n\u0131n Prezidenti Ali Ba\u015f Komandan \u0130lham Heyd\u0259r o\u011flu \u018fliyev\u0259 t\u0259brik m\u0259ktubu g\u0259lib. ARANTV.AZ-\u0131n m\u0259lumat\u0131na g\u00f6r\u0259, m\u0259ktubda qeyd edilir: &#8220;H\u00f6rm\u0259tli c\u0259nab Prezident. Az\u0259rbaycan-Bolqar\u0131stan ictimai birliyinin ad\u0131ndan Sizi Az\u0259rbaycan\u0131n B\u00f6y\u00fck Q\u0259l\u0259b\u0259si m\u00fcnasib\u0259til\u0259 t\u0259brik edirik. Qaraba\u011f Az\u0259rbaycand\u0131r! C\u0259nab Prezident, Siz Az\u0259rbaycan xalq\u0131n\u0131n \u00fcmummilli lideri, dahi Heyd\u0259r \u018fliyevin i\u015fini v\u0259 siyas\u0259tini l\u0259yaq\u0259tl\u0259 davam etdirirsiniz. Sizin ad\u0131n\u0131z tarix\u0259, diplomatiya tarixin\u0259, beyn\u0259lxalq m\u00fcnasib\u0259tl\u0259r tarixin\u0259 v\u0259 h\u0259rbi i\u015f tarixin\u0259 d\u00fc\u015f\u00fcb. Sizin siyas\u0259tiniz say\u0259sind\u0259 Az\u0259rbaycanda \u2013 d\u00fcnyan\u0131n bu g\u00f6z\u0259l gu\u015f\u0259sind\u0259 m\u00fcxt\u0259lif mill\u0259tl\u0259rd\u0259n olan insanlar, o c\u00fcml\u0259d\u0259n bolqarlar&hellip;<\/p>\n","protected":false},"author":2,"featured_media":244112,"comment_status":"closed","ping_status":"closed","sticky":false,"template":"","format":"standard","meta":{"om_disable_all_campaigns":false,"_monsterinsights_skip_tracking":false,"_monsterinsights_sitenote_active":false,"_monsterinsights_sitenote_note":"","_monsterinsights_sitenote_category":0},"categories":[4],"tags":[],"aioseo_notices":[],"gutentor_comment":0,"rttpg_featured_image_url":{"full":["https:\/\/arantv.az\/wp-content\/uploads\/2020\/11\/51a472c0160015100835629323410137220-4.jpg",975,540,false],"landscape":["https:\/\/arantv.az\/wp-content\/uploads\/2020\/11\/51a472c0160015100835629323410137220-4.jpg",975,540,false],"portraits":["https:\/\/arantv.az\/wp-content\/uploads\/2020\/11\/51a472c0160015100835629323410137220-4.jpg",975,540,false],"thumbnail":["https:\/\/arantv.az\/wp-content\/uploads\/2020\/11\/51a472c0160015100835629323410137220-4-150x150.jpg",150,150,true],"medium":["https:\/\/arantv.az\/wp-content\/uploads\/2020\/11\/51a472c0160015100835629323410137220-4-300x166.jpg",300,166,true],"large":["https:\/\/arantv.az\/wp-content\/uploads\/2020\/11\/51a472c0160015100835629323410137220-4.jpg",640,354,false],"1536x1536":["https:\/\/arantv.az\/wp-content\/uploads\/2020\/11\/51a472c0160015100835629323410137220-4.jpg",975,540,false],"2048x2048":["https:\/\/arantv.az\/wp-content\/uploads\/2020\/11\/51a472c0160015100835629323410137220-4.jpg",975,540,false],"post-thumbnail":["https:\/\/arantv.az\/wp-content\/uploads\/2020\/11\/51a472c0160015100835629323410137220-4-240x172.jpg",240,172,true],"advps-thumb-one":["https:\/\/arantv.az\/wp-content\/uploads\/2020\/11\/51a472c0160015100835629323410137220-4.jpg",975,540,false]},"rttpg_author":{"display_name":"V\u00fcsal Rafiqo\u011flu","author_link":"https:\/\/arantv.az\/?author=2"},"rttpg_comment":0,"rttpg_category":"<a href=\"https:\/\/arantv.az\/?cat=4\" rel=\"category\">Siyas\u0259t<\/a>","rttpg_excerpt":"\u201cAz\u0259rbaycan-Bolqar\u0131stan Dostlu\u011funun \u0130nki\u015faf\u0131na K\u00f6m\u0259k\u201d \u0130ctimai Birliyinin s\u0259dri Mariya Pavlovna H\u00fcseynova-Atanasovadan Az\u0259rbaycan Respublikas\u0131n\u0131n Prezidenti Ali Ba\u015f Komandan \u0130lham Heyd\u0259r o\u011flu \u018fliyev\u0259 t\u0259brik m\u0259ktubu g\u0259lib. ARANTV.AZ-\u0131n m\u0259lumat\u0131na g\u00f6r\u0259, m\u0259ktubda qeyd edilir: &#8220;H\u00f6rm\u0259tli c\u0259nab Prezident. Az\u0259rbaycan-Bolqar\u0131stan ictimai birliyinin ad\u0131ndan Sizi Az\u0259rbaycan\u0131n B\u00f6y\u00fck Q\u0259l\u0259b\u0259si m\u00fcnasib\u0259til\u0259 t\u0259brik edirik. Qaraba\u011f Az\u0259rbaycand\u0131r! C\u0259nab Prezident, Siz Az\u0259rbaycan xalq\u0131n\u0131n \u00fcmummilli lideri, dahi Heyd\u0259r \u018fliyevin&hellip;","_links":{"self":[{"href":"https:\/\/arantv.az\/index.php?rest_route=\/wp\/v2\/posts\/244111"}],"collection":[{"href":"https:\/\/arantv.az\/index.php?rest_route=\/wp\/v2\/posts"}],"about":[{"href":"https:\/\/arantv.az\/index.php?rest_route=\/wp\/v2\/types\/post"}],"author":[{"embeddable":true,"href":"https:\/\/arantv.az\/index.php?rest_route=\/wp\/v2\/users\/2"}],"replies":[{"embeddable":true,"href":"https:\/\/arantv.az\/index.php?rest_route=%2Fwp%2Fv2%2Fcomments&post=244111"}],"version-history":[{"count":0,"href":"https:\/\/arantv.az\/index.php?rest_route=\/wp\/v2\/posts\/244111\/revisions"}],"wp:featuredmedia":[{"embeddable":true,"href":"https:\/\/arantv.az\/index.php?rest_route=\/wp\/v2\/media\/244112"}],"wp:attachment":[{"href":"https:\/\/arantv.az\/index.php?rest_route=%2Fwp%2Fv2%2Fmedia&parent=244111"}],"wp:term":[{"taxonomy":"category","embeddable":true,"href":"https:\/\/arantv.az\/index.php?rest_route=%2Fwp%2Fv2%2Fcategories&post=244111"},{"taxonomy":"post_tag","embeddable":true,"href":"https:\/\/arantv.az\/index.php?rest_route=%2Fwp%2Fv2%2Ftags&post=244111"}],"curies":[{"name":"wp","href":"https:\/\/api.w.org\/{rel}","templated":true}]}}