{"id":244115,"date":"2020-11-28T17:00:21","date_gmt":"2020-11-28T14:00:21","guid":{"rendered":"http:\/\/arantv.az\/?p=244115"},"modified":"2020-11-28T17:00:21","modified_gmt":"2020-11-28T14:00:21","slug":"avropa-mus%c9%99lman-forumunun-prezidenti-v%c9%99-idar%c9%99-hey%c9%99tinin-uzvl%c9%99ri-prezident-ilham-%c9%99liyevi-t%c9%99brik-edibl%c9%99r","status":"publish","type":"post","link":"https:\/\/arantv.az\/?p=244115","title":{"rendered":"Avropa M\u00fcs\u0259lman Forumunun prezidenti v\u0259 \u0130dar\u0259 Hey\u0259tinin \u00fczvl\u0259ri Prezident \u0130lham \u018fliyevi t\u0259brik edibl\u0259r"},"content":{"rendered":"<p>Avropa M\u00fcs\u0259lman Forumunun prezidenti v\u0259 \u0130dar\u0259 Hey\u0259tinin \u00fczvl\u0259rind\u0259n Az\u0259rbaycan Respublikas\u0131n\u0131n Prezidenti \u0130lham \u018fliyev\u0259 t\u0259brik m\u0259ktubu g\u0259lib.<\/p>\n<p><strong>ARANTV.AZ<\/strong>-\u0131n m\u0259lumat\u0131na g\u00f6r\u0259, m\u0259ktubda qeyd edilir:<\/p>\n<p>&#8220;H\u00f6rm\u0259tli c\u0259nab Prezident.<\/p>\n<p>Az\u0259rbaycan m\u00fcs\u0259lmanlar\u0131n\u0131n co\u011frafi c\u0259h\u0259td\u0259n d\u00f6vl\u0259tinizin d\u0259 daxil oldu\u011fu Avropan\u0131n m\u00fcs\u0259lman icmas\u0131n\u0131n bir hiss\u0259si oldu\u011funu n\u0259z\u0259r\u0259 alaraq, Avropadak\u0131 b\u00fct\u00fcn m\u00fcs\u0259lmanlar\u0131n maraqlar\u0131n\u0131 t\u0259msil ed\u0259n \u00fcmumavropa platformas\u0131 olan Avropa M\u00fcs\u0259lman Forumu ad\u0131ndan Siz\u0259 d\u0259rin h\u00f6rm\u0259timizi bildiririk. Pey\u011f\u0259mb\u0259rimizin m\u00fcbar\u0259k R\u0259biul-\u018fvv\u0259l ay\u0131nda, el\u0259c\u0259 d\u0259 \u0130slam \u0259leyhin\u0259 h\u00f6rm\u0259tsizlikl\u0259rin edildiyi, Az\u0259rbaycan xalq\u0131n\u0131n Qaraba\u011f xanl\u0131\u011f\u0131n\u0131n \u0259razisi olmu\u015f qanuni v\u0259 tarixi torpaqlar\u0131 il\u0259 ba\u011fl\u0131 legitim h\u00fcquqlar\u0131na qar\u015f\u0131 q\u0259r\u0259zli t\u0259bli\u011fatlar\u0131n apar\u0131ld\u0131\u011f\u0131 bir d\u00f6vrd\u0259 Sizin r\u0259hb\u0259rliyinizl\u0259 tarixi z\u0259f\u0259r qazanan Az\u0259rbaycan xalq\u0131n\u0131 v\u0259 qarda\u015f Az\u0259rbaycan\u0131 m\u00f6ht\u0259\u015f\u0259m Q\u0259l\u0259b\u0259 m\u00fcnasib\u0259til\u0259 t\u0259brik edirik.<\/p>\n<p>Bu g\u00fcn b\u00fct\u00fcn \u0130slam \u00fcmm\u0259ti, y\u0259ni 1,7 milyard n\u0259f\u0259r olan m\u00fcs\u0259lman qarda\u015flar\u0131m\u0131z ordunuzun v\u0259 xalq\u0131n\u0131z\u0131n qazand\u0131\u011f\u0131 bu Q\u0259l\u0259b\u0259d\u0259n q\u00fcrur duyur. \u018fn m\u00fcasir silahlarla t\u0259min edilmi\u015f ordunuzun pe\u015f\u0259karl\u0131\u011f\u0131, d\u00fc\u015fm\u0259n\u0259 qar\u015f\u0131 nizaml\u0131 \u015f\u0259kild\u0259 g\u00f6st\u0259rdiyi \u015f\u00fcca\u0259t, el\u0259c\u0259 d\u0259 \u00f6lk\u0259nizd\u0259 ya\u015fayan b\u00fct\u00fcn xalqlar\u0131n v\u0259 dinl\u0259rin n\u00fcmay\u0259nd\u0259l\u0259rinin birliyi v\u0259 h\u0259rt\u0259r\u0259fli d\u00fc\u015f\u00fcn\u00fclm\u00fc\u015f strategiya say\u0259sind\u0259 qazand\u0131\u011f\u0131n\u0131z bu m\u00fcv\u0259ff\u0259qiyy\u0259t \u0259n b\u00f6y\u00fck alq\u0131\u015fa v\u0259 \u0259n d\u0259rin h\u00f6rm\u0259t\u0259 layiqdir.<\/p>\n<p>Bildiyiniz kimi, t\u0259\u015fkilat\u0131m\u0131z Qaraba\u011f m\u00fcnaqi\u015f\u0259sinin \u0259dal\u0259tli h\u0259lli, i\u015f\u011fal alt\u0131nda olmu\u015f torpaqlar\u0131n azad edilm\u0259si, eyni zamanda, ac\u0131nacaql\u0131 v\u0259 t\u0259hqir edilmi\u015f v\u0259ziyy\u0259td\u0259 olan \u00e7oxsayl\u0131 abid\u0259l\u0259rin, m\u00fcs\u0259lmanlara m\u0259xsus dini v\u0259 tarixi m\u0259kanlar\u0131n b\u0259rpas\u0131, m\u0259scidl\u0259rd\u0259 donuz v\u0259 mal-qaran\u0131n saxlan\u0131lmas\u0131, hamam kimi istifad\u0259 olunmas\u0131 il\u0259 ba\u011fl\u0131 m\u0259s\u0259l\u0259l\u0259ri d\u0259f\u0259l\u0259rl\u0259 g\u00fcnd\u0259m\u0259 g\u0259tirib. Biz qarda\u015f Az\u0259rbaycan xalq\u0131na v\u0259 onun haql\u0131 m\u00f6vqeyin\u0259 d\u0259st\u0259k olaraq \u00fcmumavropa konfrans\u0131n\u0131n ke\u00e7irilm\u0259sini bir ne\u00e7\u0259 d\u0259f\u0259 t\u0259klif etmi\u015fik. \u0130ndi Az\u0259rbaycan xalq\u0131n\u0131n bir \u00e7ox amill\u0259r\u0259 baxmayaraq, \u00f6z torpaqlar\u0131n\u0131 \u00f6zl\u0259ri azad etm\u0259si, \u015f\u00fcbh\u0259siz ki, ba\u015f vermi\u015f \u0259n yax\u015f\u0131 hadis\u0259dir v\u0259 biz buna g\u00f6r\u0259 Uca Yaradana minn\u0259tdar\u0131q v\u0259 Pey\u011f\u0259mb\u0259rimiz\u0259 (s.\u0259.v.) salavat g\u00f6nd\u0259ririk.<\/p>\n<p>T\u0259\u015fkilat\u0131m\u0131z\u0131n t\u0259\u015f\u0259bb\u00fcsl\u0259rini davam etdir\u0259r\u0259k Zati-alinizd\u0259n xahi\u015f edirik ki, torpaqlar\u0131n\u0131z\u0131n 30 illik i\u015f\u011fal n\u0259tic\u0259sind\u0259 n\u0259 q\u0259d\u0259r ac\u0131nacaql\u0131 bir v\u0259ziyy\u0259t\u0259 d\u00fc\u015fd\u00fcy\u00fcn\u00fc v\u0259 i\u015f\u011fal alt\u0131ndak\u0131 \u0259razil\u0259rd\u0259 \u00fcmumiyy\u0259tl\u0259 dinimiz\u0259 qar\u015f\u0131 hans\u0131 vandalizm v\u0259 t\u0259hqiramiz \u0259m\u0259ll\u0259rin h\u0259yata ke\u00e7irildiyini \u00f6z g\u00f6zl\u0259rimizl\u0259 g\u00f6rm\u0259k, el\u0259c\u0259 d\u0259 Az\u0259rbaycan xalq\u0131na m\u0259n\u0259vi d\u0259st\u0259k verm\u0259k, qarda\u015f h\u0259mr\u0259yliyimizi n\u00fcmayi\u015f etdirm\u0259k, h\u0259m\u00e7inin indi daha az \u0259h\u0259miyy\u0259t k\u0259sb etm\u0259y\u0259n m\u0259s\u0259l\u0259, y\u0259ni Qaraba\u011f m\u00fcnaqi\u015f\u0259si, onun tarixi v\u0259 faci\u0259vi n\u0259tic\u0259l\u0259ri, u\u011furla ba\u015fa \u00e7atmas\u0131 il\u0259 ba\u011fl\u0131 real v\u0259ziyy\u0259t v\u0259 m\u00fcnaqi\u015f\u0259y\u0259 dair h\u0259qiq\u0259tl\u0259r bar\u0259d\u0259 d\u00fcnya ictimaiyy\u0259tini m\u0259lumatland\u0131rmaq m\u0259qs\u0259dil\u0259 Avropa M\u00fcs\u0259lman Forumu liderl\u0259rind\u0259n ibar\u0259t n\u00fcmay\u0259nd\u0259 hey\u0259tinin Az\u0259rbaycan\u0131n i\u015f\u011faldan azad edilmi\u015f \u0259razil\u0259rin\u0259 s\u0259f\u0259rin\u0259 icaz\u0259 ver\u0259siniz.<\/p>\n<p>N\u00fcmay\u0259nd\u0259 hey\u0259timiz \u00fc\u00e7\u00fcn \u0259h\u0259miyy\u0259t k\u0259sb ed\u0259n \u0259sas m\u0259s\u0259l\u0259 \u015eu\u015fa v\u0259 A\u011fdama s\u0259f\u0259r etm\u0259k, el\u0259c\u0259 d\u0259 Xocal\u0131 soyq\u0131r\u0131m\u0131n\u0131n ba\u015f verdiyi Xocal\u0131 rayonunda namaz q\u0131lmaqd\u0131r. Biz inan\u0131r\u0131q ki, \u201cQafqaz\u0131n Srebrenitsas\u0131\u201d kimi d\u0259h\u015f\u0259tli faci\u0259 olan Xocal\u0131 soyq\u0131r\u0131m\u0131 haqq\u0131nda h\u0259qiq\u0259tl\u0259ri g\u0259l\u0259c\u0259k n\u0259sill\u0259r\u0259 \u00e7atd\u0131rmaq \u00fc\u00e7\u00fcn m\u00fcvafiq abid\u0259 ucald\u0131lmal\u0131d\u0131r.<\/p>\n<p>Uca Allaha dua edirik ki, qarda\u015f Az\u0259rbaycan\u0131n m\u00fcq\u0259dd\u0259s torpaqlar\u0131nda bundan sonra he\u00e7 bir h\u0259rbi \u0259m\u0259liyyatlar apar\u0131lmas\u0131n v\u0259 qarda\u015f \u00f6lk\u0259miz Az\u0259rbaycan t\u0259kc\u0259 Avropan\u0131n bir \u00e7ox \u00f6lk\u0259l\u0259ri \u00fc\u00e7\u00fcn deyil, b\u00fct\u00fcn Avrasiya regionu \u00f6lk\u0259l\u0259ri \u00fc\u00e7\u00fcn n\u00fcmun\u0259 oldu\u011fu kimi, Qaraba\u011f da m\u0259rdliyin, firavanl\u0131\u011f\u0131n v\u0259 dostlu\u011fun r\u0259mzin\u0259 \u00e7evrilsin.<\/p>\n<p>Bu xo\u015f f\u00fcrs\u0259td\u0259n istifad\u0259 ed\u0259r\u0259k, Zati-alinizi, xalq\u0131n\u0131z\u0131 v\u0259 g\u00f6z\u0259l \u00f6lk\u0259nizin b\u00fct\u00fcn milli v\u0259 dini icmalar\u0131n\u0131n n\u00fcmay\u0259nd\u0259l\u0259rini q\u00fcrur duydu\u011fumuz bu \u00fcmumi Q\u0259l\u0259b\u0259 m\u00fcnasib\u0259til\u0259 bir daha t\u0259brik edirik.<\/p>\n<p>H\u00f6rm\u0259tl\u0259,<\/p>\n<p>\u018fbd\u00fcl-Vahid Niyazov,<\/p>\n<p>Avropa M\u00fcs\u0259lman Forumunun prezidenti<\/p>\n<p>Br\u00fcssel, Bel\u00e7ika<\/p>\n<p>Migel Anxel Ruiz,<\/p>\n<p>Barselona M\u0259scidi M\u0259d\u0259ni Fondunun prezidenti,<\/p>\n<p>Avropa M\u00fcs\u0259lman Forumunun \u0130dar\u0259 Hey\u0259tinin \u00fczv\u00fc,<\/p>\n<p>Avropa M\u00fcs\u0259lman Forumu Fondunun vitse-prezidenti,<\/p>\n<p>Barselona, \u0130spaniya Krall\u0131\u011f\u0131<\/p>\n<p>\u0130qbal Sakranay,<\/p>\n<p>B\u00f6y\u00fck Britaniya M\u00fcs\u0259lman \u015euras\u0131n\u0131n Ba\u015f katibi,<\/p>\n<p>Avropa M\u00fcs\u0259lman Forumunun \u0130dar\u0259 Hey\u0259tinin \u00fczv\u00fc,<\/p>\n<p>London, B\u00f6y\u00fck Britaniya<\/p>\n<p>Romas Jakubauskas,<\/p>\n<p>Litva Respublikas\u0131n\u0131n m\u00fcftisi,<\/p>\n<p>Avropa M\u00fcs\u0259lman Forumunun \u0130dar\u0259 Hey\u0259tinin \u00fczv\u00fc,<\/p>\n<p>Viln\u00fcs, Litva<\/p>\n<p>D\u0259mir Muxetdinov,<\/p>\n<p>Rusiya Federasiyas\u0131 M\u00fcs\u0259lmanlar\u0131n\u0131n Ruhani \u0130dar\u0259si<\/p>\n<p>s\u0259drinin birinci m\u00fcavini,<\/p>\n<p>Avropa M\u00fcs\u0259lman Forumunun \u0130dar\u0259 Hey\u0259tinin \u00fczv\u00fc,<\/p>\n<p>Sankt-Peterburq \/ Moskva, Rusiya Federasiyas\u0131&#8221;.<\/p>\n","protected":false},"excerpt":{"rendered":"<p>Avropa M\u00fcs\u0259lman Forumunun prezidenti v\u0259 \u0130dar\u0259 Hey\u0259tinin \u00fczvl\u0259rind\u0259n Az\u0259rbaycan Respublikas\u0131n\u0131n Prezidenti \u0130lham \u018fliyev\u0259 t\u0259brik m\u0259ktubu g\u0259lib. ARANTV.AZ-\u0131n m\u0259lumat\u0131na g\u00f6r\u0259, m\u0259ktubda qeyd edilir: &#8220;H\u00f6rm\u0259tli c\u0259nab Prezident. Az\u0259rbaycan m\u00fcs\u0259lmanlar\u0131n\u0131n co\u011frafi c\u0259h\u0259td\u0259n d\u00f6vl\u0259tinizin d\u0259 daxil oldu\u011fu Avropan\u0131n m\u00fcs\u0259lman icmas\u0131n\u0131n bir hiss\u0259si oldu\u011funu n\u0259z\u0259r\u0259 alaraq, Avropadak\u0131 b\u00fct\u00fcn m\u00fcs\u0259lmanlar\u0131n maraqlar\u0131n\u0131 t\u0259msil ed\u0259n \u00fcmumavropa platformas\u0131 olan Avropa M\u00fcs\u0259lman Forumu ad\u0131ndan Siz\u0259 d\u0259rin h\u00f6rm\u0259timizi bildiririk. Pey\u011f\u0259mb\u0259rimizin m\u00fcbar\u0259k R\u0259biul-\u018fvv\u0259l ay\u0131nda, el\u0259c\u0259 d\u0259 \u0130slam \u0259leyhin\u0259 h\u00f6rm\u0259tsizlikl\u0259rin edildiyi, Az\u0259rbaycan xalq\u0131n\u0131n Qaraba\u011f xanl\u0131\u011f\u0131n\u0131n \u0259razisi olmu\u015f qanuni v\u0259 tarixi torpaqlar\u0131 il\u0259 ba\u011fl\u0131 legitim h\u00fcquqlar\u0131na qar\u015f\u0131 q\u0259r\u0259zli t\u0259bli\u011fatlar\u0131n apar\u0131ld\u0131\u011f\u0131 bir d\u00f6vrd\u0259 Sizin r\u0259hb\u0259rliyinizl\u0259&hellip;<\/p>\n","protected":false},"author":2,"featured_media":244116,"comment_status":"closed","ping_status":"closed","sticky":false,"template":"","format":"standard","meta":{"om_disable_all_campaigns":false,"_monsterinsights_skip_tracking":false,"_monsterinsights_sitenote_active":false,"_monsterinsights_sitenote_note":"","_monsterinsights_sitenote_category":0},"categories":[4],"tags":[],"aioseo_notices":[],"gutentor_comment":0,"rttpg_featured_image_url":{"full":["https:\/\/arantv.az\/wp-content\/uploads\/2020\/11\/5233ce16799d3be8e967b304fdd170d8_66901_35.jpg",975,540,false],"landscape":["https:\/\/arantv.az\/wp-content\/uploads\/2020\/11\/5233ce16799d3be8e967b304fdd170d8_66901_35.jpg",975,540,false],"portraits":["https:\/\/arantv.az\/wp-content\/uploads\/2020\/11\/5233ce16799d3be8e967b304fdd170d8_66901_35.jpg",975,540,false],"thumbnail":["https:\/\/arantv.az\/wp-content\/uploads\/2020\/11\/5233ce16799d3be8e967b304fdd170d8_66901_35-150x150.jpg",150,150,true],"medium":["https:\/\/arantv.az\/wp-content\/uploads\/2020\/11\/5233ce16799d3be8e967b304fdd170d8_66901_35-300x166.jpg",300,166,true],"large":["https:\/\/arantv.az\/wp-content\/uploads\/2020\/11\/5233ce16799d3be8e967b304fdd170d8_66901_35.jpg",640,354,false],"1536x1536":["https:\/\/arantv.az\/wp-content\/uploads\/2020\/11\/5233ce16799d3be8e967b304fdd170d8_66901_35.jpg",975,540,false],"2048x2048":["https:\/\/arantv.az\/wp-content\/uploads\/2020\/11\/5233ce16799d3be8e967b304fdd170d8_66901_35.jpg",975,540,false],"post-thumbnail":["https:\/\/arantv.az\/wp-content\/uploads\/2020\/11\/5233ce16799d3be8e967b304fdd170d8_66901_35-240x172.jpg",240,172,true],"advps-thumb-one":["https:\/\/arantv.az\/wp-content\/uploads\/2020\/11\/5233ce16799d3be8e967b304fdd170d8_66901_35.jpg",975,540,false]},"rttpg_author":{"display_name":"V\u00fcsal Rafiqo\u011flu","author_link":"https:\/\/arantv.az\/?author=2"},"rttpg_comment":0,"rttpg_category":"<a href=\"https:\/\/arantv.az\/?cat=4\" rel=\"category\">Siyas\u0259t<\/a>","rttpg_excerpt":"Avropa M\u00fcs\u0259lman Forumunun prezidenti v\u0259 \u0130dar\u0259 Hey\u0259tinin \u00fczvl\u0259rind\u0259n Az\u0259rbaycan Respublikas\u0131n\u0131n Prezidenti \u0130lham \u018fliyev\u0259 t\u0259brik m\u0259ktubu g\u0259lib. ARANTV.AZ-\u0131n m\u0259lumat\u0131na g\u00f6r\u0259, m\u0259ktubda qeyd edilir: &#8220;H\u00f6rm\u0259tli c\u0259nab Prezident. Az\u0259rbaycan m\u00fcs\u0259lmanlar\u0131n\u0131n co\u011frafi c\u0259h\u0259td\u0259n d\u00f6vl\u0259tinizin d\u0259 daxil oldu\u011fu Avropan\u0131n m\u00fcs\u0259lman icmas\u0131n\u0131n bir hiss\u0259si oldu\u011funu n\u0259z\u0259r\u0259 alaraq, Avropadak\u0131 b\u00fct\u00fcn m\u00fcs\u0259lmanlar\u0131n maraqlar\u0131n\u0131 t\u0259msil ed\u0259n \u00fcmumavropa platformas\u0131 olan Avropa M\u00fcs\u0259lman Forumu ad\u0131ndan Siz\u0259&hellip;","_links":{"self":[{"href":"https:\/\/arantv.az\/index.php?rest_route=\/wp\/v2\/posts\/244115"}],"collection":[{"href":"https:\/\/arantv.az\/index.php?rest_route=\/wp\/v2\/posts"}],"about":[{"href":"https:\/\/arantv.az\/index.php?rest_route=\/wp\/v2\/types\/post"}],"author":[{"embeddable":true,"href":"https:\/\/arantv.az\/index.php?rest_route=\/wp\/v2\/users\/2"}],"replies":[{"embeddable":true,"href":"https:\/\/arantv.az\/index.php?rest_route=%2Fwp%2Fv2%2Fcomments&post=244115"}],"version-history":[{"count":0,"href":"https:\/\/arantv.az\/index.php?rest_route=\/wp\/v2\/posts\/244115\/revisions"}],"wp:featuredmedia":[{"embeddable":true,"href":"https:\/\/arantv.az\/index.php?rest_route=\/wp\/v2\/media\/244116"}],"wp:attachment":[{"href":"https:\/\/arantv.az\/index.php?rest_route=%2Fwp%2Fv2%2Fmedia&parent=244115"}],"wp:term":[{"taxonomy":"category","embeddable":true,"href":"https:\/\/arantv.az\/index.php?rest_route=%2Fwp%2Fv2%2Fcategories&post=244115"},{"taxonomy":"post_tag","embeddable":true,"href":"https:\/\/arantv.az\/index.php?rest_route=%2Fwp%2Fv2%2Ftags&post=244115"}],"curies":[{"name":"wp","href":"https:\/\/api.w.org\/{rel}","templated":true}]}}