{"id":244157,"date":"2020-11-28T18:30:04","date_gmt":"2020-11-28T15:30:04","guid":{"rendered":"http:\/\/arantv.az\/?p=244157"},"modified":"2020-11-28T18:30:04","modified_gmt":"2020-11-28T15:30:04","slug":"s%c9%99hid-kapitan-bil%c9%99suvarda-d%c9%99fn-edildi-foto","status":"publish","type":"post","link":"https:\/\/arantv.az\/?p=244157","title":{"rendered":"\u015e\u0259hid kapitan Bil\u0259suvarda d\u0259fn edildi &#8211; FOTO"},"content":{"rendered":"<p><img loading=\"lazy\" title=\"Bil\u0259suvarda \u015f\u0259hid kapitan d\u0259fn edilib\" src=\"https:\/\/static.report.az\/photo\/190ce85e-a039-3547-bd7f-666ea7c25b76_850.jfif\" alt=\"Bil\u0259suvarda \u015f\u0259hid kapitan d\u0259fn edilib\" width=\"450\" height=\"281\" \/><\/p>\n<p>Bil\u0259suvar rayonunda \u015f\u0259hid kapitan El\u00e7in Ta\u011f\u0131yev d\u0259fn edilib.<\/p>\n<p>\u015e\u0259hidl\u0259 \u0259vv\u0259lc\u0259 Bil\u0259suvar rayonunun Z\u0259hm\u0259tabad k\u0259ndind\u0259ki ata evind\u0259 vida m\u0259rasimi ba\u015f tutub.<\/p>\n<p>Vida m\u0259rasimind\u0259 Bil\u0259suvar Rayon \u0130cra Hakimiyy\u0259tinin ba\u015f\u00e7\u0131s\u0131 Faiq Q\u00fcrb\u0259tov, rayon ictimaiyy\u0259tinin n\u00fcmay\u0259nd\u0259l\u0259ri, k\u0259nd sakinl\u0259ri v\u0259 \u015f\u0259hidin yax\u0131nlar\u0131 i\u015ftirak edibl\u0259r.<\/p>\n<p>M\u0259rasimd\u0259n sonra \u015f\u0259hid Z\u0259hm\u0259tabad k\u0259nd q\u0259biristanl\u0131\u011f\u0131nda d\u0259fn edilib.<\/p>\n<p>Qeyd ed\u0259k ki, \u015f\u0259hid kapitan El\u00e7in Ta\u011f\u0131yev 1989-cu ild\u0259 Bil\u0259suvar rayonunun Z\u0259hm\u0259tabad k\u0259ndind\u0259 do\u011fulub.<\/p>\n<p>Allah r\u0259hm\u0259t el\u0259sin!(Report)<\/p>\n<p><img title=\"\" src=\"https:\/\/static.report.az\/photo\/da42938e-5954-3f85-832a-5dd6c014a5cb_290.jfif\" alt=\"\" \/><\/p>\n<p><img title=\"\" src=\"https:\/\/static.report.az\/photo\/02cbe53d-af4f-3243-9618-aa97a6eadd28_290.jfif\" alt=\"\" \/><\/p>\n","protected":false},"excerpt":{"rendered":"<p>Bil\u0259suvar rayonunda \u015f\u0259hid kapitan El\u00e7in Ta\u011f\u0131yev d\u0259fn edilib. \u015e\u0259hidl\u0259 \u0259vv\u0259lc\u0259 Bil\u0259suvar rayonunun Z\u0259hm\u0259tabad k\u0259ndind\u0259ki ata evind\u0259 vida m\u0259rasimi ba\u015f tutub. Vida m\u0259rasimind\u0259 Bil\u0259suvar Rayon \u0130cra Hakimiyy\u0259tinin ba\u015f\u00e7\u0131s\u0131 Faiq Q\u00fcrb\u0259tov, rayon ictimaiyy\u0259tinin n\u00fcmay\u0259nd\u0259l\u0259ri, k\u0259nd sakinl\u0259ri v\u0259 \u015f\u0259hidin yax\u0131nlar\u0131 i\u015ftirak edibl\u0259r. M\u0259rasimd\u0259n sonra \u015f\u0259hid Z\u0259hm\u0259tabad k\u0259nd q\u0259biristanl\u0131\u011f\u0131nda d\u0259fn edilib. Qeyd ed\u0259k ki, \u015f\u0259hid kapitan El\u00e7in Ta\u011f\u0131yev 1989-cu ild\u0259 Bil\u0259suvar rayonunun Z\u0259hm\u0259tabad k\u0259ndind\u0259 do\u011fulub. Allah r\u0259hm\u0259t el\u0259sin!(Report)<\/p>\n","protected":false},"author":2,"featured_media":244158,"comment_status":"closed","ping_status":"closed","sticky":false,"template":"","format":"standard","meta":{"om_disable_all_campaigns":false,"_monsterinsights_skip_tracking":false,"_monsterinsights_sitenote_active":false,"_monsterinsights_sitenote_note":"","_monsterinsights_sitenote_category":0},"categories":[26],"tags":[],"aioseo_notices":[],"gutentor_comment":0,"rttpg_featured_image_url":{"full":["https:\/\/arantv.az\/wp-content\/uploads\/2020\/11\/sehid_defn_210920_1.jpg",800,450,false],"landscape":["https:\/\/arantv.az\/wp-content\/uploads\/2020\/11\/sehid_defn_210920_1.jpg",800,450,false],"portraits":["https:\/\/arantv.az\/wp-content\/uploads\/2020\/11\/sehid_defn_210920_1.jpg",800,450,false],"thumbnail":["https:\/\/arantv.az\/wp-content\/uploads\/2020\/11\/sehid_defn_210920_1-150x150.jpg",150,150,true],"medium":["https:\/\/arantv.az\/wp-content\/uploads\/2020\/11\/sehid_defn_210920_1-300x169.jpg",300,169,true],"large":["https:\/\/arantv.az\/wp-content\/uploads\/2020\/11\/sehid_defn_210920_1.jpg",640,360,false],"1536x1536":["https:\/\/arantv.az\/wp-content\/uploads\/2020\/11\/sehid_defn_210920_1.jpg",800,450,false],"2048x2048":["https:\/\/arantv.az\/wp-content\/uploads\/2020\/11\/sehid_defn_210920_1.jpg",800,450,false],"post-thumbnail":["https:\/\/arantv.az\/wp-content\/uploads\/2020\/11\/sehid_defn_210920_1-240x172.jpg",240,172,true],"advps-thumb-one":["https:\/\/arantv.az\/wp-content\/uploads\/2020\/11\/sehid_defn_210920_1.jpg",800,450,false]},"rttpg_author":{"display_name":"V\u00fcsal Rafiqo\u011flu","author_link":"https:\/\/arantv.az\/?author=2"},"rttpg_comment":0,"rttpg_category":"<a href=\"https:\/\/arantv.az\/?cat=26\" rel=\"category\">Sosial<\/a>","rttpg_excerpt":"Bil\u0259suvar rayonunda \u015f\u0259hid kapitan El\u00e7in Ta\u011f\u0131yev d\u0259fn edilib. \u015e\u0259hidl\u0259 \u0259vv\u0259lc\u0259 Bil\u0259suvar rayonunun Z\u0259hm\u0259tabad k\u0259ndind\u0259ki ata evind\u0259 vida m\u0259rasimi ba\u015f tutub. Vida m\u0259rasimind\u0259 Bil\u0259suvar Rayon \u0130cra Hakimiyy\u0259tinin ba\u015f\u00e7\u0131s\u0131 Faiq Q\u00fcrb\u0259tov, rayon ictimaiyy\u0259tinin n\u00fcmay\u0259nd\u0259l\u0259ri, k\u0259nd sakinl\u0259ri v\u0259 \u015f\u0259hidin yax\u0131nlar\u0131 i\u015ftirak edibl\u0259r. M\u0259rasimd\u0259n sonra \u015f\u0259hid Z\u0259hm\u0259tabad k\u0259nd q\u0259biristanl\u0131\u011f\u0131nda d\u0259fn edilib. Qeyd ed\u0259k ki, \u015f\u0259hid kapitan El\u00e7in Ta\u011f\u0131yev 1989-cu&hellip;","_links":{"self":[{"href":"https:\/\/arantv.az\/index.php?rest_route=\/wp\/v2\/posts\/244157"}],"collection":[{"href":"https:\/\/arantv.az\/index.php?rest_route=\/wp\/v2\/posts"}],"about":[{"href":"https:\/\/arantv.az\/index.php?rest_route=\/wp\/v2\/types\/post"}],"author":[{"embeddable":true,"href":"https:\/\/arantv.az\/index.php?rest_route=\/wp\/v2\/users\/2"}],"replies":[{"embeddable":true,"href":"https:\/\/arantv.az\/index.php?rest_route=%2Fwp%2Fv2%2Fcomments&post=244157"}],"version-history":[{"count":0,"href":"https:\/\/arantv.az\/index.php?rest_route=\/wp\/v2\/posts\/244157\/revisions"}],"wp:featuredmedia":[{"embeddable":true,"href":"https:\/\/arantv.az\/index.php?rest_route=\/wp\/v2\/media\/244158"}],"wp:attachment":[{"href":"https:\/\/arantv.az\/index.php?rest_route=%2Fwp%2Fv2%2Fmedia&parent=244157"}],"wp:term":[{"taxonomy":"category","embeddable":true,"href":"https:\/\/arantv.az\/index.php?rest_route=%2Fwp%2Fv2%2Fcategories&post=244157"},{"taxonomy":"post_tag","embeddable":true,"href":"https:\/\/arantv.az\/index.php?rest_route=%2Fwp%2Fv2%2Ftags&post=244157"}],"curies":[{"name":"wp","href":"https:\/\/api.w.org\/{rel}","templated":true}]}}