{"id":244165,"date":"2020-11-28T19:20:43","date_gmt":"2020-11-28T16:20:43","guid":{"rendered":"http:\/\/arantv.az\/?p=244165"},"modified":"2020-11-28T19:20:43","modified_gmt":"2020-11-28T16:20:43","slug":"france-24-agdam-haqqinda-b%c9%99z%c9%99n-onu-qafqazin-xirosimasi-adlandirirlar","status":"publish","type":"post","link":"https:\/\/arantv.az\/?p=244165","title":{"rendered":"FRANCE-24 A\u011fdam haqq\u0131nda: \u201cB\u0259z\u0259n onu \u201cQafqaz\u0131n Xirosimas\u0131\u201d adland\u0131r\u0131rlar\u201d"},"content":{"rendered":"<article class=\"news\">\n<div class=\"news-inner\">\n<p>Az\u0259rbaycan, Rusiya v\u0259 Erm\u0259nistan aras\u0131nda imzalanan v\u0259 m\u00fcnaqi\u015f\u0259y\u0259 son qoyan raz\u0131la\u015fmaya \u0259sas\u0259n, dekabr\u0131n 1-d\u0259 erm\u0259ni silahl\u0131 q\u00fcvv\u0259l\u0259ri La\u00e7\u0131n rayonunu Az\u0259rbaycana t\u0259hvil ver\u0259c\u0259kl\u0259r. Bununla da Az\u0259rbaycan Da\u011fl\u0131q Qaraba\u011f\u0131 \u0259hat\u0259 ed\u0259n yeddi rayonun ham\u0131s\u0131n\u0131 geri alm\u0131\u015f olacaq.<\/p>\n<p>FRANCE 24-\u00fcn x\u00fcsusi m\u00fcxbirl\u0259ri L\u00fcdoviq d\u00f6 Fuko, Katrin Norestrent v\u0259 H\u00fcseyn \u018fs\u0259din bu rayonlardan biri olan A\u011fdamdan reportaj\u0131n\u0131 t\u0259qdim edirik:<\/p>\n<p>Bu \u015f\u0259h\u0259r o q\u0259d\u0259r da\u011f\u0131d\u0131l\u0131b ki, b\u0259z\u0259n onu \u201cQafqaz\u0131n Xirosimas\u0131\u201d adland\u0131r\u0131rlar. 1980-ci ill\u0259rin sonlar\u0131nda 40 min \u0259halisi olan A\u011fdam bu g\u00fcn \u201cruhlar \u015f\u0259h\u0259ri\u201ddir. A\u011fdam h\u0259r zaman Az\u0259rbaycan qalas\u0131 olub. Bu g\u00fcn A\u011fdamda salamat qalan yegan\u0259 bina is\u0259 m\u0259sciddir. Bu \u015f\u0259h\u0259r 30 il \u0259vv\u0259l Birinci Da\u011fl\u0131q Qaraba\u011f m\u00fcharib\u0259si zaman\u0131 da b\u00f6y\u00fck strateji \u0259h\u0259miyy\u0259t da\u015f\u0131y\u0131rd\u0131. 1993-c\u00fc ild\u0259 bu \u015f\u0259h\u0259rin i\u015f\u011fal olunmas\u0131 m\u00fcharib\u0259nin d\u00f6n\u00fc\u015f n\u00f6qt\u0259si oldu. M\u0259\u011flubiyy\u0259t sakinl\u0259ri k\u00f6\u00e7 etm\u0259k m\u0259cburiyy\u0259tind\u0259 qoydu. Bu g\u00fcn m\u0259cburi k\u00f6\u00e7k\u00fcnl\u0259r \u00f6z dogma yurdlar\u0131na qay\u0131d\u0131rlar v\u0259 da\u011f\u0131lm\u0131\u015f binalar\u0131 g\u00f6r\u00fcrl\u0259r.<\/p>\n<div id=\"AdviadNativeVideo0\" class=\"AdviadNativeVideo\"><\/div>\n<p>Reportajda Yeni Az\u0259rbaycan Partiyas\u0131n\u0131n \u00fczv\u00fc M.Qas\u0131movun fikirl\u0259rin\u0259 d\u0259 yer verilib: \u201cBel\u0259 bir \u015f\u0259h\u0259ri bu g\u00fcn\u0259 salmaq olar? Bu evl\u0259ri bel\u0259 da\u011f\u0131tmaq olar? Siz bu evl\u0259rin ke\u00e7mi\u015fini g\u00f6rs\u0259ydiniz, baxard\u0131n\u0131z ki, \u0259n m\u00fcasir evl\u0259r, \u0259n yax\u015f\u0131 tikilmi\u015f evl\u0259r ancaq A\u011fdamda idi. Onlar bilirdil\u0259r ki, burada ya\u015famayacaqlar. Onlar\u0131n inam\u0131 yox idi ki, burada qals\u0131nlar. \u00c7\u00fcnki m\u00fcmk\u00fcn deyildi qalmaqlar\u0131. Ona g\u00f6r\u0259 d\u0259 \u0259ll\u0259rin\u0259 d\u00fc\u015f\u0259n h\u0259r bir \u015feyi da\u011f\u0131d\u0131blar\u201d.<\/p>\n<p>B\u0259rpa etm\u0259mi\u015fd\u0259n \u0259vv\u0259l is\u0259 t\u0259hl\u00fck\u0259sizliyi t\u0259min etm\u0259k laz\u0131md\u0131r. Az\u0259rbaycan Ordusu t\u0259r\u0259find\u0259n i\u015f\u011faldan azad edilmi\u015f dig\u0259r rayonlar kimi, A\u011fdam\u0131n \u0259razisi d\u0259 mina il\u0259 doludur.<\/p>\n<p>M\u00fcvafiq orqanlar m\u0259saf\u0259d\u0259n idar\u0259 olunan minat\u0259mizl\u0259y\u0259n robotu da i\u015f\u0259 sal\u0131blar.<\/p>\n<p>ANAMA-n\u0131n \u0259m\u0259liyyat q\u0259rargah\u0131n\u0131n r\u0259hb\u0259ri \u0130dris \u0130smay\u0131lov a\u00e7\u0131qlama verib: \u201c4500-\u0259 yax\u0131n piyada \u0259leyhin\u0259 mina, 2000-\u0259 yax\u0131n tank \u0259leyhin\u0259 mina, 750-y\u0259 yax\u0131n is\u0259 m\u00fcxt\u0259lif n\u00f6v bombalar a\u015fkar edil\u0259r\u0259k z\u0259r\u0259rsizl\u0259\u015fdirilib. \u0130nsanlar\u0131n geri qay\u0131d\u0131\u015f\u0131 3-5 il \u0259rzind\u0259, amma tam t\u0259mizl\u0259m\u0259k is\u0259 10, 13, 15 il \u0259rzind\u0259 planla\u015fd\u0131r\u0131l\u0131r\u201d.<\/p>\n<p>Az\u0259rbaycan h\u00f6kum\u0259ti i\u015f\u011faldan azad edilmi\u015f \u0259razil\u0259rd\u0259 vurulmu\u015f ziyan\u0131 100 milyard dollardan \u00e7ox d\u0259y\u0259rl\u0259ndirib v\u0259 Erm\u0259nistan t\u0259r\u0259find\u0259n t\u0259zminat almaq \u00fc\u00e7\u00fcn m\u0259hk\u0259m\u0259l\u0259r\u0259 m\u00fcraci\u0259t ed\u0259c\u0259k.<\/p>\n<div><iframe loading=\"lazy\" src=\"https:\/\/player.baku.tv\/embed\/29172\" width=\"560\" height=\"315\" frameborder=\"0\" allowfullscreen=\"allowfullscreen\" data-mce-fragment=\"1\"><\/iframe><\/div>\n<\/div>\n<\/article>\n<h2 class=\"news-share-title\"><\/h2>\n","protected":false},"excerpt":{"rendered":"<p>Az\u0259rbaycan, Rusiya v\u0259 Erm\u0259nistan aras\u0131nda imzalanan v\u0259 m\u00fcnaqi\u015f\u0259y\u0259 son qoyan raz\u0131la\u015fmaya \u0259sas\u0259n, dekabr\u0131n 1-d\u0259 erm\u0259ni silahl\u0131 q\u00fcvv\u0259l\u0259ri La\u00e7\u0131n rayonunu Az\u0259rbaycana t\u0259hvil ver\u0259c\u0259kl\u0259r. Bununla da Az\u0259rbaycan Da\u011fl\u0131q Qaraba\u011f\u0131 \u0259hat\u0259 ed\u0259n yeddi rayonun ham\u0131s\u0131n\u0131 geri alm\u0131\u015f olacaq. FRANCE 24-\u00fcn x\u00fcsusi m\u00fcxbirl\u0259ri L\u00fcdoviq d\u00f6 Fuko, Katrin Norestrent v\u0259 H\u00fcseyn \u018fs\u0259din bu rayonlardan biri olan A\u011fdamdan reportaj\u0131n\u0131 t\u0259qdim edirik: Bu \u015f\u0259h\u0259r o q\u0259d\u0259r da\u011f\u0131d\u0131l\u0131b ki, b\u0259z\u0259n onu \u201cQafqaz\u0131n Xirosimas\u0131\u201d adland\u0131r\u0131rlar. 1980-ci ill\u0259rin sonlar\u0131nda 40 min \u0259halisi olan A\u011fdam bu g\u00fcn \u201cruhlar \u015f\u0259h\u0259ri\u201ddir. A\u011fdam h\u0259r zaman Az\u0259rbaycan qalas\u0131 olub. Bu g\u00fcn A\u011fdamda salamat qalan yegan\u0259&hellip;<\/p>\n","protected":false},"author":2,"featured_media":244166,"comment_status":"closed","ping_status":"closed","sticky":false,"template":"","format":"standard","meta":{"om_disable_all_campaigns":false,"_monsterinsights_skip_tracking":false,"_monsterinsights_sitenote_active":false,"_monsterinsights_sitenote_note":"","_monsterinsights_sitenote_category":0},"categories":[10],"tags":[],"aioseo_notices":[],"gutentor_comment":0,"rttpg_featured_image_url":{"full":["https:\/\/arantv.az\/wp-content\/uploads\/2020\/11\/128425759_1095217120897861_6331005286190704958_n.jpg",620,349,false],"landscape":["https:\/\/arantv.az\/wp-content\/uploads\/2020\/11\/128425759_1095217120897861_6331005286190704958_n.jpg",620,349,false],"portraits":["https:\/\/arantv.az\/wp-content\/uploads\/2020\/11\/128425759_1095217120897861_6331005286190704958_n.jpg",620,349,false],"thumbnail":["https:\/\/arantv.az\/wp-content\/uploads\/2020\/11\/128425759_1095217120897861_6331005286190704958_n-150x150.jpg",150,150,true],"medium":["https:\/\/arantv.az\/wp-content\/uploads\/2020\/11\/128425759_1095217120897861_6331005286190704958_n-300x169.jpg",300,169,true],"large":["https:\/\/arantv.az\/wp-content\/uploads\/2020\/11\/128425759_1095217120897861_6331005286190704958_n.jpg",620,349,false],"1536x1536":["https:\/\/arantv.az\/wp-content\/uploads\/2020\/11\/128425759_1095217120897861_6331005286190704958_n.jpg",620,349,false],"2048x2048":["https:\/\/arantv.az\/wp-content\/uploads\/2020\/11\/128425759_1095217120897861_6331005286190704958_n.jpg",620,349,false],"post-thumbnail":["https:\/\/arantv.az\/wp-content\/uploads\/2020\/11\/128425759_1095217120897861_6331005286190704958_n-240x172.jpg",240,172,true],"advps-thumb-one":["https:\/\/arantv.az\/wp-content\/uploads\/2020\/11\/128425759_1095217120897861_6331005286190704958_n.jpg",620,349,false]},"rttpg_author":{"display_name":"V\u00fcsal Rafiqo\u011flu","author_link":"https:\/\/arantv.az\/?author=2"},"rttpg_comment":0,"rttpg_category":"<a href=\"https:\/\/arantv.az\/?cat=10\" rel=\"category\">C\u0259bh\u0259d\u0259n X\u0259b\u0259r<\/a>","rttpg_excerpt":"Az\u0259rbaycan, Rusiya v\u0259 Erm\u0259nistan aras\u0131nda imzalanan v\u0259 m\u00fcnaqi\u015f\u0259y\u0259 son qoyan raz\u0131la\u015fmaya \u0259sas\u0259n, dekabr\u0131n 1-d\u0259 erm\u0259ni silahl\u0131 q\u00fcvv\u0259l\u0259ri La\u00e7\u0131n rayonunu Az\u0259rbaycana t\u0259hvil ver\u0259c\u0259kl\u0259r. Bununla da Az\u0259rbaycan Da\u011fl\u0131q Qaraba\u011f\u0131 \u0259hat\u0259 ed\u0259n yeddi rayonun ham\u0131s\u0131n\u0131 geri alm\u0131\u015f olacaq. FRANCE 24-\u00fcn x\u00fcsusi m\u00fcxbirl\u0259ri L\u00fcdoviq d\u00f6 Fuko, Katrin Norestrent v\u0259 H\u00fcseyn \u018fs\u0259din bu rayonlardan biri olan A\u011fdamdan reportaj\u0131n\u0131 t\u0259qdim edirik:&hellip;","_links":{"self":[{"href":"https:\/\/arantv.az\/index.php?rest_route=\/wp\/v2\/posts\/244165"}],"collection":[{"href":"https:\/\/arantv.az\/index.php?rest_route=\/wp\/v2\/posts"}],"about":[{"href":"https:\/\/arantv.az\/index.php?rest_route=\/wp\/v2\/types\/post"}],"author":[{"embeddable":true,"href":"https:\/\/arantv.az\/index.php?rest_route=\/wp\/v2\/users\/2"}],"replies":[{"embeddable":true,"href":"https:\/\/arantv.az\/index.php?rest_route=%2Fwp%2Fv2%2Fcomments&post=244165"}],"version-history":[{"count":0,"href":"https:\/\/arantv.az\/index.php?rest_route=\/wp\/v2\/posts\/244165\/revisions"}],"wp:featuredmedia":[{"embeddable":true,"href":"https:\/\/arantv.az\/index.php?rest_route=\/wp\/v2\/media\/244166"}],"wp:attachment":[{"href":"https:\/\/arantv.az\/index.php?rest_route=%2Fwp%2Fv2%2Fmedia&parent=244165"}],"wp:term":[{"taxonomy":"category","embeddable":true,"href":"https:\/\/arantv.az\/index.php?rest_route=%2Fwp%2Fv2%2Fcategories&post=244165"},{"taxonomy":"post_tag","embeddable":true,"href":"https:\/\/arantv.az\/index.php?rest_route=%2Fwp%2Fv2%2Ftags&post=244165"}],"curies":[{"name":"wp","href":"https:\/\/api.w.org\/{rel}","templated":true}]}}