{"id":244169,"date":"2020-11-28T19:21:27","date_gmt":"2020-11-28T16:21:27","guid":{"rendered":"http:\/\/arantv.az\/?p=244169"},"modified":"2020-11-28T19:21:27","modified_gmt":"2020-11-28T16:21:27","slug":"turkiy%c9%99-parlamentinin-s%c9%99dri-ataturkun-naxcivan-s%c9%99rh%c9%99d-qapisina-verdiyi-on%c9%99m-ill%c9%99r-sonra-s%c9%99m%c9%99r%c9%99sini-verdi","status":"publish","type":"post","link":"https:\/\/arantv.az\/?p=244169","title":{"rendered":"T\u00fcrkiy\u0259 parlamentinin s\u0259dri: \u201cAtat\u00fcrk\u00fcn Nax\u00e7\u0131van s\u0259rh\u0259d qap\u0131s\u0131na verdiyi \u00f6n\u0259m ill\u0259r sonra s\u0259m\u0259r\u0259sini verdi\u201d"},"content":{"rendered":"<p>T\u00fcrkiy\u0259 B\u00f6y\u00fck Mill\u0259t M\u0259clisinin s\u0259dri Mustafa \u015eentop yeni istifad\u0259y\u0259 veril\u0259n T\u0259kirda\u011f \u2013 Hayrabolu yolunun a\u00e7\u0131l\u0131\u015f m\u0259rasimind\u0259 Az\u0259rbaycan\u0131\u00a0Qaraba\u011f m\u00fcharib\u0259sind\u0259 qazand\u0131\u011f\u0131 q\u0259l\u0259b\u0259 m\u00fcnasib\u0259ti il\u0259 t\u0259brik ed\u0259r\u0259k T\u00fcrkiy\u0259nin Nax\u00e7\u0131van vasit\u0259si il\u0259 Orta Asiyaya avtomobil v\u0259 d\u0259mir yolu \u0259laq\u0259l\u0259rinin t\u0259min olunmas\u0131n\u0131 b\u00f6y\u00fck u\u011fur oldu\u011funu qeyd edib.<\/p>\n<p>Bu bar\u0259d\u0259 \u201cAnadolu\u201d agentliyi m\u0259lumat yay\u0131b.<\/p>\n<div id=\"AdviadNativeVideo0\" class=\"AdviadNativeVideo\"><\/div>\n<p>M. \u015eentop Mustafa Kamal Atat\u00fcrk\u00fcn zaman\u0131nda Nax\u00e7\u0131van s\u0259rh\u0259d qap\u0131s\u0131na verdiyi \u0259h\u0259miyy\u0259tin t\u0259sad\u00fcfi olmad\u0131\u011f\u0131n\u0131 vur\u011fulay\u0131b.<\/p>\n<p>\u201cD\u00f6vl\u0259timizin banisi Qazi Mustafa Kamal Atat\u00fcrk\u00fcn Nax\u00e7\u0131van s\u0259rh\u0259d qap\u0131s\u0131na verdiyi \u0259h\u0259miyy\u0259t v\u0259 s\u0259rh\u0259d qap\u0131s\u0131n\u0131 a\u00e7\u0131q tutmaq i\u00e7in g\u00f6st\u0259rdiyi c\u0259hd ill\u0259r sonra s\u0259m\u0259r\u0259sini verdi. \u00d6lk\u0259 olaraq bunun sevincini ya\u015fay\u0131r\u0131q. Tarixi \u0130p\u0259k Yolunu daim\u00a0birlikd\u0259 canland\u0131racaq, Orta Asiyada ya\u015fayan qarda\u015flar\u0131m\u0131zla iqtisadi, m\u0259d\u0259ni, siyasi v\u0259 h\u0259rbi \u0259laq\u0259l\u0259rimizi t\u0259kmill\u0259\u015fdir\u0259c\u0259yik. \u00d6lk\u0259mizd\u0259 h\u0259yata ke\u00e7irdiyimiz kommunikasiya investisiyalar\u0131n\u0131 v\u0259 bu m\u00f6vzudak\u0131 podrat\u00e7\u0131 t\u0259cr\u00fcb\u0259mizi Orta Asiyaya da\u015f\u0131yaca\u011f\u0131q\u201d, &#8211; dey\u0259 T\u00fcrkiy\u0259 parlamentinin s\u0259dri vur\u011fulay\u0131b.<\/p>\n","protected":false},"excerpt":{"rendered":"<p>T\u00fcrkiy\u0259 B\u00f6y\u00fck Mill\u0259t M\u0259clisinin s\u0259dri Mustafa \u015eentop yeni istifad\u0259y\u0259 veril\u0259n T\u0259kirda\u011f \u2013 Hayrabolu yolunun a\u00e7\u0131l\u0131\u015f m\u0259rasimind\u0259 Az\u0259rbaycan\u0131\u00a0Qaraba\u011f m\u00fcharib\u0259sind\u0259 qazand\u0131\u011f\u0131 q\u0259l\u0259b\u0259 m\u00fcnasib\u0259ti il\u0259 t\u0259brik ed\u0259r\u0259k T\u00fcrkiy\u0259nin Nax\u00e7\u0131van vasit\u0259si il\u0259 Orta Asiyaya avtomobil v\u0259 d\u0259mir yolu \u0259laq\u0259l\u0259rinin t\u0259min olunmas\u0131n\u0131 b\u00f6y\u00fck u\u011fur oldu\u011funu qeyd edib. Bu bar\u0259d\u0259 \u201cAnadolu\u201d agentliyi m\u0259lumat yay\u0131b. M. \u015eentop Mustafa Kamal Atat\u00fcrk\u00fcn zaman\u0131nda Nax\u00e7\u0131van s\u0259rh\u0259d qap\u0131s\u0131na verdiyi \u0259h\u0259miyy\u0259tin t\u0259sad\u00fcfi olmad\u0131\u011f\u0131n\u0131 vur\u011fulay\u0131b. \u201cD\u00f6vl\u0259timizin banisi Qazi Mustafa Kamal Atat\u00fcrk\u00fcn Nax\u00e7\u0131van s\u0259rh\u0259d qap\u0131s\u0131na verdiyi \u0259h\u0259miyy\u0259t v\u0259 s\u0259rh\u0259d qap\u0131s\u0131n\u0131 a\u00e7\u0131q tutmaq i\u00e7in g\u00f6st\u0259rdiyi c\u0259hd ill\u0259r sonra s\u0259m\u0259r\u0259sini verdi. \u00d6lk\u0259 olaraq bunun sevincini ya\u015fay\u0131r\u0131q.&hellip;<\/p>\n","protected":false},"author":2,"featured_media":244170,"comment_status":"closed","ping_status":"closed","sticky":false,"template":"","format":"standard","meta":{"om_disable_all_campaigns":false,"_monsterinsights_skip_tracking":false,"_monsterinsights_sitenote_active":false,"_monsterinsights_sitenote_note":"","_monsterinsights_sitenote_category":0},"categories":[7],"tags":[],"aioseo_notices":[],"gutentor_comment":0,"rttpg_featured_image_url":{"full":["https:\/\/arantv.az\/wp-content\/uploads\/2020\/11\/tbmm-baskani-sentop-tekirdag-da-11792770_o.jpg",620,413,false],"landscape":["https:\/\/arantv.az\/wp-content\/uploads\/2020\/11\/tbmm-baskani-sentop-tekirdag-da-11792770_o.jpg",620,413,false],"portraits":["https:\/\/arantv.az\/wp-content\/uploads\/2020\/11\/tbmm-baskani-sentop-tekirdag-da-11792770_o.jpg",620,413,false],"thumbnail":["https:\/\/arantv.az\/wp-content\/uploads\/2020\/11\/tbmm-baskani-sentop-tekirdag-da-11792770_o-150x150.jpg",150,150,true],"medium":["https:\/\/arantv.az\/wp-content\/uploads\/2020\/11\/tbmm-baskani-sentop-tekirdag-da-11792770_o-300x200.jpg",300,200,true],"large":["https:\/\/arantv.az\/wp-content\/uploads\/2020\/11\/tbmm-baskani-sentop-tekirdag-da-11792770_o.jpg",620,413,false],"1536x1536":["https:\/\/arantv.az\/wp-content\/uploads\/2020\/11\/tbmm-baskani-sentop-tekirdag-da-11792770_o.jpg",620,413,false],"2048x2048":["https:\/\/arantv.az\/wp-content\/uploads\/2020\/11\/tbmm-baskani-sentop-tekirdag-da-11792770_o.jpg",620,413,false],"post-thumbnail":["https:\/\/arantv.az\/wp-content\/uploads\/2020\/11\/tbmm-baskani-sentop-tekirdag-da-11792770_o-240x172.jpg",240,172,true],"advps-thumb-one":["https:\/\/arantv.az\/wp-content\/uploads\/2020\/11\/tbmm-baskani-sentop-tekirdag-da-11792770_o.jpg",620,413,false]},"rttpg_author":{"display_name":"V\u00fcsal Rafiqo\u011flu","author_link":"https:\/\/arantv.az\/?author=2"},"rttpg_comment":0,"rttpg_category":"<a href=\"https:\/\/arantv.az\/?cat=7\" rel=\"category\">D\u00fcnya<\/a>","rttpg_excerpt":"T\u00fcrkiy\u0259 B\u00f6y\u00fck Mill\u0259t M\u0259clisinin s\u0259dri Mustafa \u015eentop yeni istifad\u0259y\u0259 veril\u0259n T\u0259kirda\u011f \u2013 Hayrabolu yolunun a\u00e7\u0131l\u0131\u015f m\u0259rasimind\u0259 Az\u0259rbaycan\u0131\u00a0Qaraba\u011f m\u00fcharib\u0259sind\u0259 qazand\u0131\u011f\u0131 q\u0259l\u0259b\u0259 m\u00fcnasib\u0259ti il\u0259 t\u0259brik ed\u0259r\u0259k T\u00fcrkiy\u0259nin Nax\u00e7\u0131van vasit\u0259si il\u0259 Orta Asiyaya avtomobil v\u0259 d\u0259mir yolu \u0259laq\u0259l\u0259rinin t\u0259min olunmas\u0131n\u0131 b\u00f6y\u00fck u\u011fur oldu\u011funu qeyd edib. Bu bar\u0259d\u0259 \u201cAnadolu\u201d agentliyi m\u0259lumat yay\u0131b. M. \u015eentop Mustafa Kamal Atat\u00fcrk\u00fcn zaman\u0131nda Nax\u00e7\u0131van&hellip;","_links":{"self":[{"href":"https:\/\/arantv.az\/index.php?rest_route=\/wp\/v2\/posts\/244169"}],"collection":[{"href":"https:\/\/arantv.az\/index.php?rest_route=\/wp\/v2\/posts"}],"about":[{"href":"https:\/\/arantv.az\/index.php?rest_route=\/wp\/v2\/types\/post"}],"author":[{"embeddable":true,"href":"https:\/\/arantv.az\/index.php?rest_route=\/wp\/v2\/users\/2"}],"replies":[{"embeddable":true,"href":"https:\/\/arantv.az\/index.php?rest_route=%2Fwp%2Fv2%2Fcomments&post=244169"}],"version-history":[{"count":0,"href":"https:\/\/arantv.az\/index.php?rest_route=\/wp\/v2\/posts\/244169\/revisions"}],"wp:featuredmedia":[{"embeddable":true,"href":"https:\/\/arantv.az\/index.php?rest_route=\/wp\/v2\/media\/244170"}],"wp:attachment":[{"href":"https:\/\/arantv.az\/index.php?rest_route=%2Fwp%2Fv2%2Fmedia&parent=244169"}],"wp:term":[{"taxonomy":"category","embeddable":true,"href":"https:\/\/arantv.az\/index.php?rest_route=%2Fwp%2Fv2%2Fcategories&post=244169"},{"taxonomy":"post_tag","embeddable":true,"href":"https:\/\/arantv.az\/index.php?rest_route=%2Fwp%2Fv2%2Ftags&post=244169"}],"curies":[{"name":"wp","href":"https:\/\/api.w.org\/{rel}","templated":true}]}}