{"id":244193,"date":"2020-11-28T19:31:06","date_gmt":"2020-11-28T16:31:06","guid":{"rendered":"http:\/\/arantv.az\/?p=244193"},"modified":"2020-11-28T19:31:06","modified_gmt":"2020-11-28T16:31:06","slug":"anar-bagirov-covid-19-dan-v%c9%99fat-ed%c9%99n-buro-r%c9%99hb%c9%99rind%c9%99n-yazdi-onun-son-arzusu","status":"publish","type":"post","link":"https:\/\/arantv.az\/?p=244193","title":{"rendered":"Anar Ba\u011f\u0131rov Covid-19-dan v\u0259fat ed\u0259n b\u00fcro r\u0259hb\u0259rind\u0259n yazd\u0131: &#8220;Onun son arzusu&#8230;&#8221;"},"content":{"rendered":"<div class=\"row\">\n<div class=\"post single\">\n<div class=\"post_content page_margin_top_section clearfix\">\n<div class=\"content_box\">\n<div class=\"text\">\n<p><strong>Bu g\u00fcn 22 sayl\u0131 V\u0259kil B\u00fcrosunun s\u0259dri, tan\u0131nm\u0131\u015f v\u0259kil Tahir \u018flirzayevin koronavirusdan v\u0259fat etm\u0259si bar\u0259d\u0259 x\u0259b\u0259r vermi\u015fdik.<\/strong><\/p>\n<p><b>ARANTV.AZ\u00a0<\/b>x\u0259b\u0259r verir ki, V\u0259kill\u0259r Kollegiyas\u0131n\u0131n s\u0259dri Anar Ba\u011f\u0131rov T.\u018flirzayevin v\u0259fat\u0131ndan yaz\u0131b.O qeyd edib:<\/p>\n<p>&#8220;Bu statusu yazmaq m\u0259nim \u00fc\u00e7\u00fcn \u00e7ox \u00e7\u0259tindir, Kollegiyaya 3 il\u0259 yax\u0131n olan s\u0259drliyim d\u00f6vr\u00fcnd\u0259 bu g\u00fcn \u00e7ox a\u011f\u0131r hissl\u0259r, sars\u0131nt\u0131 ke\u00e7irir\u0259m. Son d\u0259f\u0259 Tahirl\u0259 sra\u011fag\u00fcn dan\u0131\u015fm\u0131\u015fam, Covid-19-dan x\u0259st\u0259xanada m\u00fcalic\u0259 al\u0131rd\u0131, h\u0259kiml\u0259rd\u0259n raz\u0131l\u0131\u011f\u0131n\u0131 bildirirdi, a\u011f\u0131r x\u0259st\u0259lik oldu\u011funu qeyd etmi\u015fdi. M\u0259n\u0259 video g\u00f6nd\u0259rdi v\u0259 onu yayma\u011f\u0131 xahi\u015f etdi, \u00fcnvanlad\u0131\u011f\u0131 son arzusu is\u0259 g\u0259l\u0259c\u0259kd\u0259 v\u0259kill\u0259r \u00fc\u00e7\u00fcn x\u00fcsusi klinikan\u0131n t\u0259sis edilm\u0259si idi.<\/p>\n<p>H\u0259yat\u0131 sevirdi Tahir qarda\u015f\u0131m\u0131z, dostcanl\u0131, qohumcanl\u0131 idi, ya\u015fama\u011f\u0131 bacar\u0131rd\u0131, h\u0259mi\u015f\u0259 poziti v\u0259 g\u00fcl\u0259r\u00fcz idi, v\u0259kil ad\u0131n\u0131 uca tuturdu, pulsuz h\u00fcquqi yard\u0131m sah\u0259sind\u0259 \u0259n \u00e7ox f\u0259all\u0131q g\u00f6st\u0259r\u0259n v\u0259kil b\u00fcrosunun r\u0259hb\u0259ri idi.<\/p>\n<p>Xeyirxah v\u0259 qay\u011f\u0131ke\u015f insan, q\u0259lbimizd\u0259 h\u0259mi\u015f\u0259 cavan Tahirimiz, m\u0259kan\u0131n c\u0259nn\u0259t olsun,<\/p>\n<p>Allah s\u0259n\u0259 q\u0259ni-q\u0259ni r\u0259hm\u0259t el\u0259sin&#8221;.<\/p>\n<\/div>\n<\/div>\n<\/div>\n<div class=\"social_like\">\n<div>\n<div class=\"fb-like fb_iframe_widget\" data-href=\"\" data-layout=\"button_count\" data-action=\"recommend\" data-size=\"small\" data-show-faces=\"false\" data-share=\"false\"><\/div>\n<\/div>\n<div><\/div>\n<\/div>\n<\/div>\n<\/div>\n<div class=\"row page_margin_top\">\n<div id=\"news_media_gallery\" class=\"eagle-gallery img600 in as1\">\n<div class=\"eagle-medium-wrap\">\n<div class=\"scale-ico\"><\/div>\n<p><a class=\"eagle-view-medium-img\"><img src=\"https:\/\/publika.az\/storage\/2020\/11\/28\/128348464_3506008606193161_5419324955943376087_n.jpg\" alt=\"\" \/><\/a><\/div>\n<div class=\"owl-carousel mini-slider\">\n<div class=\"owl-wrapper-outer\">\n<div class=\"owl-wrapper\">\n<div class=\"owl-item\"><img src=\"https:\/\/publika.az\/storage\/2020\/11\/28\/250x250f\/128422961_3506008612859827_2793854266998603792_n.jpg\" alt=\"\" data-medium-img=\"https:\/\/publika.az\/storage\/2020\/11\/28\/128422961_3506008612859827_2793854266998603792_n.jpg\" data-big-img=\"https:\/\/publika.az\/storage\/2020\/11\/28\/128422961_3506008612859827_2793854266998603792_n.jpg\" data-title=\"\" \/><\/div>\n<div class=\"owl-item active\"><img src=\"https:\/\/publika.az\/storage\/2020\/11\/28\/250x250f\/128348464_3506008606193161_5419324955943376087_n.jpg\" alt=\"\" data-medium-img=\"https:\/\/publika.az\/storage\/2020\/11\/28\/128348464_3506008606193161_5419324955943376087_n.jpg\" data-big-img=\"https:\/\/publika.az\/storage\/2020\/11\/28\/128348464_3506008606193161_5419324955943376087_n.jpg\" data-title=\"\" \/><\/div>\n<div class=\"owl-item\"><img src=\"https:\/\/publika.az\/storage\/2020\/11\/28\/250x250f\/128218054_3506059269521428_5301298710314594787_n.jpg\" alt=\"\" data-medium-img=\"https:\/\/publika.az\/storage\/2020\/11\/28\/128218054_3506059269521428_5301298710314594787_n.jpg\" data-big-img=\"https:\/\/publika.az\/storage\/2020\/11\/28\/128218054_3506059269521428_5301298710314594787_n.jpg\" data-title=\"\" \/><\/div>\n<\/div>\n<\/div>\n<\/div>\n<\/div>\n<\/div>\n","protected":false},"excerpt":{"rendered":"<p>Bu g\u00fcn 22 sayl\u0131 V\u0259kil B\u00fcrosunun s\u0259dri, tan\u0131nm\u0131\u015f v\u0259kil Tahir \u018flirzayevin koronavirusdan v\u0259fat etm\u0259si bar\u0259d\u0259 x\u0259b\u0259r vermi\u015fdik. ARANTV.AZ\u00a0x\u0259b\u0259r verir ki, V\u0259kill\u0259r Kollegiyas\u0131n\u0131n s\u0259dri Anar Ba\u011f\u0131rov T.\u018flirzayevin v\u0259fat\u0131ndan yaz\u0131b.O qeyd edib: &#8220;Bu statusu yazmaq m\u0259nim \u00fc\u00e7\u00fcn \u00e7ox \u00e7\u0259tindir, Kollegiyaya 3 il\u0259 yax\u0131n olan s\u0259drliyim d\u00f6vr\u00fcnd\u0259 bu g\u00fcn \u00e7ox a\u011f\u0131r hissl\u0259r, sars\u0131nt\u0131 ke\u00e7irir\u0259m. Son d\u0259f\u0259 Tahirl\u0259 sra\u011fag\u00fcn dan\u0131\u015fm\u0131\u015fam, Covid-19-dan x\u0259st\u0259xanada m\u00fcalic\u0259 al\u0131rd\u0131, h\u0259kiml\u0259rd\u0259n raz\u0131l\u0131\u011f\u0131n\u0131 bildirirdi, a\u011f\u0131r x\u0259st\u0259lik oldu\u011funu qeyd etmi\u015fdi. M\u0259n\u0259 video g\u00f6nd\u0259rdi v\u0259 onu yayma\u011f\u0131 xahi\u015f etdi, \u00fcnvanlad\u0131\u011f\u0131 son arzusu is\u0259 g\u0259l\u0259c\u0259kd\u0259 v\u0259kill\u0259r \u00fc\u00e7\u00fcn x\u00fcsusi klinikan\u0131n t\u0259sis edilm\u0259si idi. H\u0259yat\u0131 sevirdi&hellip;<\/p>\n","protected":false},"author":2,"featured_media":244194,"comment_status":"closed","ping_status":"closed","sticky":false,"template":"","format":"standard","meta":{"om_disable_all_campaigns":false,"_monsterinsights_skip_tracking":false,"_monsterinsights_sitenote_active":false,"_monsterinsights_sitenote_note":"","_monsterinsights_sitenote_category":0},"categories":[26],"tags":[],"aioseo_notices":[],"gutentor_comment":0,"rttpg_featured_image_url":{"full":["https:\/\/arantv.az\/wp-content\/uploads\/2020\/11\/128422961_3506008612859827_2793854266998603792_n.jpg",800,450,false],"landscape":["https:\/\/arantv.az\/wp-content\/uploads\/2020\/11\/128422961_3506008612859827_2793854266998603792_n.jpg",800,450,false],"portraits":["https:\/\/arantv.az\/wp-content\/uploads\/2020\/11\/128422961_3506008612859827_2793854266998603792_n.jpg",800,450,false],"thumbnail":["https:\/\/arantv.az\/wp-content\/uploads\/2020\/11\/128422961_3506008612859827_2793854266998603792_n-150x150.jpg",150,150,true],"medium":["https:\/\/arantv.az\/wp-content\/uploads\/2020\/11\/128422961_3506008612859827_2793854266998603792_n-300x169.jpg",300,169,true],"large":["https:\/\/arantv.az\/wp-content\/uploads\/2020\/11\/128422961_3506008612859827_2793854266998603792_n.jpg",640,360,false],"1536x1536":["https:\/\/arantv.az\/wp-content\/uploads\/2020\/11\/128422961_3506008612859827_2793854266998603792_n.jpg",800,450,false],"2048x2048":["https:\/\/arantv.az\/wp-content\/uploads\/2020\/11\/128422961_3506008612859827_2793854266998603792_n.jpg",800,450,false],"post-thumbnail":["https:\/\/arantv.az\/wp-content\/uploads\/2020\/11\/128422961_3506008612859827_2793854266998603792_n-240x172.jpg",240,172,true],"advps-thumb-one":["https:\/\/arantv.az\/wp-content\/uploads\/2020\/11\/128422961_3506008612859827_2793854266998603792_n.jpg",800,450,false]},"rttpg_author":{"display_name":"V\u00fcsal Rafiqo\u011flu","author_link":"https:\/\/arantv.az\/?author=2"},"rttpg_comment":0,"rttpg_category":"<a href=\"https:\/\/arantv.az\/?cat=26\" rel=\"category\">Sosial<\/a>","rttpg_excerpt":"Bu g\u00fcn 22 sayl\u0131 V\u0259kil B\u00fcrosunun s\u0259dri, tan\u0131nm\u0131\u015f v\u0259kil Tahir \u018flirzayevin koronavirusdan v\u0259fat etm\u0259si bar\u0259d\u0259 x\u0259b\u0259r vermi\u015fdik. ARANTV.AZ\u00a0x\u0259b\u0259r verir ki, V\u0259kill\u0259r Kollegiyas\u0131n\u0131n s\u0259dri Anar Ba\u011f\u0131rov T.\u018flirzayevin v\u0259fat\u0131ndan yaz\u0131b.O qeyd edib: &#8220;Bu statusu yazmaq m\u0259nim \u00fc\u00e7\u00fcn \u00e7ox \u00e7\u0259tindir, Kollegiyaya 3 il\u0259 yax\u0131n olan s\u0259drliyim d\u00f6vr\u00fcnd\u0259 bu g\u00fcn \u00e7ox a\u011f\u0131r hissl\u0259r, sars\u0131nt\u0131 ke\u00e7irir\u0259m. Son d\u0259f\u0259 Tahirl\u0259 sra\u011fag\u00fcn&hellip;","_links":{"self":[{"href":"https:\/\/arantv.az\/index.php?rest_route=\/wp\/v2\/posts\/244193"}],"collection":[{"href":"https:\/\/arantv.az\/index.php?rest_route=\/wp\/v2\/posts"}],"about":[{"href":"https:\/\/arantv.az\/index.php?rest_route=\/wp\/v2\/types\/post"}],"author":[{"embeddable":true,"href":"https:\/\/arantv.az\/index.php?rest_route=\/wp\/v2\/users\/2"}],"replies":[{"embeddable":true,"href":"https:\/\/arantv.az\/index.php?rest_route=%2Fwp%2Fv2%2Fcomments&post=244193"}],"version-history":[{"count":0,"href":"https:\/\/arantv.az\/index.php?rest_route=\/wp\/v2\/posts\/244193\/revisions"}],"wp:featuredmedia":[{"embeddable":true,"href":"https:\/\/arantv.az\/index.php?rest_route=\/wp\/v2\/media\/244194"}],"wp:attachment":[{"href":"https:\/\/arantv.az\/index.php?rest_route=%2Fwp%2Fv2%2Fmedia&parent=244193"}],"wp:term":[{"taxonomy":"category","embeddable":true,"href":"https:\/\/arantv.az\/index.php?rest_route=%2Fwp%2Fv2%2Fcategories&post=244193"},{"taxonomy":"post_tag","embeddable":true,"href":"https:\/\/arantv.az\/index.php?rest_route=%2Fwp%2Fv2%2Ftags&post=244193"}],"curies":[{"name":"wp","href":"https:\/\/api.w.org\/{rel}","templated":true}]}}