{"id":244197,"date":"2020-11-28T19:39:59","date_gmt":"2020-11-28T16:39:59","guid":{"rendered":"http:\/\/arantv.az\/?p=244197"},"modified":"2020-11-28T19:39:59","modified_gmt":"2020-11-28T16:39:59","slug":"diplomatik-korpusun-numay%c9%99nd%c9%99l%c9%99ri-urbisid%c9%99-m%c9%99ruz-qalmis-agdamda-foto","status":"publish","type":"post","link":"https:\/\/arantv.az\/?p=244197","title":{"rendered":"Diplomatik korpusun n\u00fcmay\u0259nd\u0259l\u0259ri urbisid\u0259 m\u0259ruz qalm\u0131\u015f A\u011fdamda &#8211; FOTO"},"content":{"rendered":"<p>Noyabr\u0131n 28-d\u0259 Az\u0259rbaycandak\u0131 diplomatik korpusun n\u00fcmay\u0259nd\u0259l\u0259ri, beyn\u0259lxalq t\u0259\u015fkilatlar\u0131n \u00f6lk\u0259mizd\u0259ki n\u00fcmay\u0259nd\u0259likl\u0259rinin r\u0259hb\u0259rl\u0259ri Erm\u0259nistan\u0131n i\u015f\u011fal\u0131ndan azad olunmu\u015f A\u011fdam \u015f\u0259h\u0259rin\u0259 s\u0259f\u0259r edibl\u0259r.<\/p>\n<p>AZ\u018fRTAC-\u0131n m\u00fcxbiri x\u0259b\u0259r verir ki, s\u0259f\u0259rin m\u0259qs\u0259di diplomatlar\u0131 Erm\u0259nistan silahl\u0131 q\u00fcvv\u0259l\u0259rinin A\u011fdam \u015f\u0259h\u0259rind\u0259 t\u00f6r\u0259tdiyi v\u0259h\u015filikl\u0259r, cinay\u0259t izl\u0259ri il\u0259 tan\u0131\u015f etm\u0259k olub.<\/p>\n<p>Diplomatlar\u0131 Az\u0259rbaycan Respublikas\u0131 Prezidentinin k\u00f6m\u0259k\u00e7isi &#8211;\u00a0Prezident Administrasiyas\u0131n\u0131n xarici siyas\u0259t m\u0259s\u0259l\u0259l\u0259ri \u015f\u00f6b\u0259sinin m\u00fcdiri Hikm\u0259t Hac\u0131yev v\u0259 dig\u0259r r\u0259smi \u015f\u0259xsl\u0259r m\u00fc\u015fayi\u0259t edibl\u0259r.<\/p>\n<div id=\"AdviadNativeVideo0\" class=\"AdviadNativeVideo\"><\/div>\n<p>Diplomatlar A\u011fdam \u015f\u0259h\u0259rind\u0259 Erm\u0259nistan\u0131n t\u00f6r\u0259tdiyi m\u00fcharib\u0259 cinay\u0259tl\u0259rinin n\u0259tic\u0259l\u0259ri il\u0259 tan\u0131\u015f olublar. Onlar burada erm\u0259nil\u0259rin 27 il \u0259rzind\u0259 t\u00f6r\u0259tdikl\u0259ri vandalizmi \u00f6z g\u00f6zl\u0259ri il\u0259 g\u00f6r\u00fcbl\u0259r. M\u0259lumat verilib ki, erm\u0259nil\u0259r A\u011fdamda ya\u015fay\u0131\u015f m\u0259nt\u0259q\u0259l\u0259rini, q\u0259biristanl\u0131qlar\u0131, tarixi, m\u0259d\u0259ni abid\u0259l\u0259ri v\u0259h\u015fic\u0259sin\u0259 da\u011f\u0131d\u0131blar.<\/p>\n<p>Hikm\u0259t Hac\u0131yev bildirib ki, diplomatik korpusun n\u00fcmay\u0259nd\u0259l\u0259ri il\u0259 yana\u015f\u0131, bu s\u0259f\u0259rd\u0259 A\u011fdam\u0131n \u201cQaraba\u011f\u201d futbol klubunun \u00fczvl\u0259ri, dini konfessiyalar\u0131n n\u00fcmay\u0259nd\u0259l\u0259ri d\u0259 i\u015ftirak edirl\u0259r. \u201cQaraba\u011f\u201d uzun ill\u0259rin intizar\u0131ndan sonra art\u0131q do\u011fma A\u011fdama g\u0259lib.<\/p>\n<p>Prezidentin k\u00f6m\u0259k\u00e7isi qeyd edib ki, BMT T\u0259hl\u00fck\u0259sizlik \u015euras\u0131n\u0131n 1993-c\u00fc ild\u0259 q\u0259bul etdiyi 853 sayl\u0131 q\u0259tnam\u0259d\u0259 A\u011fdam\u0131n i\u015f\u011fal\u0131 q\u0259ti \u015f\u0259kild\u0259 pisl\u0259nilir v\u0259 Erm\u0259nistan qo\u015funlar\u0131n\u0131n \u00e7\u0131xar\u0131lmas\u0131 t\u0259l\u0259b olunur. O vaxtdan bu g\u00fcn\u0259d\u0259k Erm\u0259nistan \u00f6z qo\u015funlar\u0131n\u0131 A\u011fdamdan \u00e7\u0131xarmay\u0131b. Az\u0259rbaycan\u0131n \u0259n \u00e7i\u00e7\u0259kl\u0259n\u0259n rayonlar\u0131ndan biri olan A\u011fdam tamamil\u0259 m\u0259hv edilib. Art\u0131q d\u00fcnya ictimaiyy\u0259ti erm\u0259nil\u0259rin t\u00f6r\u0259tdikl\u0259ri bu v\u0259h\u015filikl\u0259ri real olaraq g\u00f6r\u00fcr. Erm\u0259ni vandalizmi g\u00f6z qaba\u011f\u0131ndad\u0131r. A\u011fdaml\u0131lara qar\u015f\u0131 t\u00f6r\u0259dilmi\u015f etnik t\u0259mizl\u0259m\u0259 beyn\u0259lxalq h\u00fcquqa \u0259sas\u0259n soyq\u0131r\u0131m\u0131 adland\u0131r\u0131l\u0131rsa, \u015f\u0259h\u0259r\u0259 qar\u015f\u0131 t\u00f6r\u0259dilmi\u015f v\u0259h\u015filik is\u0259 urbisid adland\u0131r\u0131la bil\u0259r. Bu, 1963-c\u00fc ild\u0259n b\u0259ri beyn\u0259lxalq m\u00fcnasib\u0259tl\u0259rd\u0259 \u015f\u0259h\u0259rl\u0259rin viran qoyulmas\u0131n\u0131 xarakteriz\u0259 ed\u0259n bir termindir.<\/p>\n<p>Bu g\u00fcn A\u011fdam \u015f\u0259h\u0259ri d\u00fcnyada urbisid, y\u0259ni \u015f\u0259h\u0259r\u0259 qar\u015f\u0131 h\u0259yata ke\u00e7iril\u0259n soyq\u0131r\u0131m\u0131 muzeyidir. Bunu beyn\u0259lxalq ictimaiyy\u0259t g\u00f6r\u00fcr. Ancaq Az\u0259rbaycan \u00f6z quruculuq siyas\u0259ti il\u0259 A\u011fdam\u0131 yenid\u0259n dir\u00e7\u0259ld\u0259c\u0259k, c\u0259nn\u0259t\u0259 \u00e7evir\u0259c\u0259k. Az\u0259rbaycan buradak\u0131 b\u00fct\u00fcn abid\u0259l\u0259ri yenid\u0259n b\u0259rpa ed\u0259c\u0259k, onlara qay\u011f\u0131 g\u00f6st\u0259r\u0259c\u0259k. Eyni zamanda, erm\u0259ni i\u015f\u011fal\u0131 zaman\u0131 da\u011f\u0131d\u0131lm\u0131\u015f xristian abid\u0259l\u0259ri d\u0259 b\u0259rpa edil\u0259c\u0259k. Onlar qorunacaq, b\u0259\u015f\u0259r sivilizasiyas\u0131n\u0131n t\u0259rkib hiss\u0259si olaraq z\u0259ruri diqq\u0259t v\u0259 qay\u011f\u0131 g\u00f6st\u0259ril\u0259c\u0259k. Bu g\u00fcn dini konfessiyalar\u0131n n\u00fcmay\u0259nd\u0259l\u0259rinin d\u0259 A\u011fdamda olmas\u0131 \u00f6lk\u0259mizin multikulturalizm\u0259, m\u0259d\u0259niyy\u0259tl\u0259raras\u0131, dinl\u0259raras\u0131 dialoqa t\u00f6hf\u0259sinin bariz n\u00fcmun\u0259sidir. Biz simvolik olaraq indi A\u011fdam m\u0259scidinin qar\u015f\u0131s\u0131nday\u0131q.<\/p>\n<p>A\u011fdam Rayon \u0130cra Hakimiyy\u0259tinin ba\u015f\u00e7\u0131s\u0131 Vaqif H\u0259s\u0259nov d\u00f6vl\u0259timizin ba\u015f\u00e7\u0131s\u0131n\u0131n m\u00fcdrik siyas\u0259ti n\u0259tic\u0259sind\u0259 A\u011fdam\u0131n bir g\u00fcll\u0259 bel\u0259 atmadan, bir \u015f\u0259hid verm\u0259d\u0259n azad edildiyini bildirib. O, Prezidentimizin r\u0259hb\u0259rliyi il\u0259 A\u011fdam\u0131n b\u0259rpa edil\u0259c\u0259yini, d\u00fcnyan\u0131n da\u011f\u0131d\u0131c\u0131 Erm\u0259nistandan f\u0259rqli olaraq Az\u0259rbaycan\u0131n n\u0259 q\u0259d\u0259r qurucu d\u00f6vl\u0259t oldu\u011funu g\u00f6r\u0259c\u0259yini bildirib, b\u00fct\u00fcn a\u011fdaml\u0131lar ad\u0131ndan M\u00fcz\u0259ff\u0259r Ali Ba\u015f Komandan minn\u0259tdarl\u0131q edib.<\/p>\n<p>S\u0259f\u0259rd\u0259 i\u015ftirak ed\u0259n dini konfessiyalar\u0131n n\u00fcmay\u0259nd\u0259l\u0259ri i\u015f\u011faldan azad edilmi\u015f rayonlar\u0131n sakinl\u0259rini v\u0259 b\u00fct\u00fcn Az\u0259rbaycan xalq\u0131n\u0131 t\u0259brik edibl\u0259r. Onlar, eyni zamanda, g\u00f6rd\u00fckl\u0259ri da\u011f\u0131nt\u0131lardan k\u0259d\u0259rl\u0259ndikl\u0259rini bildiribl\u0259r.<\/p>\n<p>Dini konfessiyalar\u0131n n\u00fcmay\u0259nd\u0259l\u0259ri onlara g\u00f6st\u0259ril\u0259n diqq\u0259t v\u0259 qay\u011f\u0131ya Prezident \u0130lham \u018fliyev\u0259 minn\u0259tdarl\u0131qlar\u0131n\u0131 bildirib, \u00f6lk\u0259mizd\u0259 m\u00f6vcud olan multikulturalizmd\u0259n m\u0259mnunluqlar\u0131n\u0131 ifad\u0259 edibl\u0259r. H\u0259m\u00e7inin \u00f6lk\u0259mizin \u0259razisind\u0259 m\u00f6vcud olan b\u00fct\u00fcn m\u0259b\u0259dl\u0259ri tarixi s\u0259rv\u0259timiz hesab ed\u0259n d\u00f6vl\u0259timizin ba\u015f\u00e7\u0131s\u0131na minn\u0259tdarl\u0131q ifad\u0259 olunub.<\/p>\n<p>Diplomatlar\u0131n diqq\u0259tin\u0259 \u00e7atd\u0131r\u0131l\u0131b ki, dig\u0259r tarixi abid\u0259l\u0259rimiz kimi, XIX \u0259srin yadigar\u0131 olan A\u011fdam m\u0259scidi d\u0259 Erm\u0259nistan silahl\u0131 q\u00fcvv\u0259l\u0259ri t\u0259r\u0259find\u0259n i\u015f\u011fal edildikd\u0259n sonra talan edilib, yand\u0131r\u0131l\u0131b, da\u011f\u0131nt\u0131lara m\u0259ruz qal\u0131b. A\u011fdam \u015f\u0259h\u0259ri i\u015f\u011faldan azad olunduqdan sonra m\u0259scidd\u0259 t\u0259mizlik i\u015fl\u0259ri apar\u0131l\u0131b, 27 ild\u0259n sonra azan verilib.<\/p>\n<p>Diplomatlar burada m\u0259\u015fhur fotoqraf Reza Deqatinin 1992-ci ild\u0259 Xocal\u0131 faci\u0259sind\u0259n sonra \u00e7\u0259kdiyi fotolara da bax\u0131blar.<\/p>\n<p>Sonra Xalq artisti M\u0259nsum \u0130brahimov A\u011fdam Dram Teatr\u0131n\u0131n binas\u0131n\u0131n qal\u0131qlar\u0131 \u00f6n\u00fcnd\u0259 \u201cQaraba\u011f \u015fik\u0259st\u0259si\u201dni oxuyub.<\/p>\n<p>Daha sonra A\u011fdam \u015e\u0259hidl\u0259r xiyaban\u0131nda Az\u0259rbaycan\u0131n Milli Q\u0259hr\u0259man\u0131 Allahverdi Ba\u011f\u0131rovun m\u0259zar\u0131 ziyar\u0259t olunub. Diqq\u0259t\u0259 \u00e7atd\u0131r\u0131l\u0131b ki, \u015e\u0259hidl\u0259r Xiyaban\u0131 da erm\u0259ni vandallar\u0131 t\u0259r\u0259find\u0259n yerl\u0259-yeksan edilib, m\u0259zarlar\u0131n yeri bel\u0259 bilinmir. Burada mind\u0259n art\u0131q m\u0259zar var idi. Onlar erm\u0259nil\u0259r t\u0259r\u0259find\u0259n tamamil\u0259 da\u011f\u0131d\u0131l\u0131b.<\/p>\n<p>Diplomatlar \u00c7\u00f6r\u0259k muzeyin\u0259, Qaraba\u011f xan\u0131 P\u0259nah\u0259li xan\u0131n imar\u0259tin\u0259 (XVIII \u0259sr), Nat\u0259van\u0131n v\u0259 onun o\u011flunun t\u00fcrb\u0259sin\u0259 (XIX \u0259sr) d\u0259 bax\u0131blar.<\/p>\n<p>S\u0259f\u0259r zaman\u0131 \u201cQaraba\u011f\u201d futbol klubu 27 ild\u0259n sonra do\u011fma meydanda \u2013 m\u0259\u015fhur \u201c\u0130mar\u0259t\u201d stadionunda simvolik futbol mat\u00e7\u0131 oynay\u0131b.<\/p>\n<div class=\"gallery\">\n<div class=\"gallery-i\"><img src=\"https:\/\/cdn.oxu.az\/uploads\/W1siZiIsIjIwMjAvMTEvMjgvMjAvMDkvMDMvZjE3NGVhMjAtNDhjYS00YjNmLTg4MzUtOGY0OGQzNmJjZjhkL3dfMTYxNjA2NTYxMjQ5Mjk4Njg1MTMwOF8xMDAweDY2OS5qcGciXSxbInAiLCJlbmNvZGUiLCJqcGciLCItcXVhbGl0eSA4MCJdLFsicCIsInRodW1iIiwiNTkweDU5MFx1MDAzZSJdXQ?sha=9a4d797bea28cef5\" alt=\"\" \/><\/p>\n<div class=\"gallery-i-caption\"><\/div>\n<\/div>\n<div class=\"gallery-i\"><img src=\"https:\/\/cdn.oxu.az\/uploads\/W1siZiIsIjIwMjAvMTEvMjgvMjAvMDkvMDcvMDViN2YzMWYtZGViYS00ZGRmLTgxMjEtYTA3ZjhkYjljYTEzL3dfMTYxNjA2NTYyMTIwNTQyNDg2MjYyMF8xMDAweDY2OS5qcGciXSxbInAiLCJlbmNvZGUiLCJqcGciLCItcXVhbGl0eSA4MCJdLFsicCIsInRodW1iIiwiNTkweDU5MFx1MDAzZSJdXQ?sha=998bfee861df7d6e\" alt=\"\" \/><\/p>\n<div class=\"gallery-i-caption\"><\/div>\n<\/div>\n<div class=\"gallery-i\"><img src=\"https:\/\/cdn.oxu.az\/uploads\/W1siZiIsIjIwMjAvMTEvMjgvMjAvMDkvMTEvZjE0NjllZjctMWI4YS00NzFjLTlmNTctMzQ1NTkxNzUwZTc2L3dfMTYxNjA2NTYyMTIwNDEwMDA0NDIzXzEwMDB4NjY5LmpwZyJdLFsicCIsImVuY29kZSIsImpwZyIsIi1xdWFsaXR5IDgwIl0sWyJwIiwidGh1bWIiLCI1OTB4NTkwXHUwMDNlIl1d?sha=91d8940d97ac0857\" alt=\"\" \/><\/div>\n<\/div>\n","protected":false},"excerpt":{"rendered":"<p>Noyabr\u0131n 28-d\u0259 Az\u0259rbaycandak\u0131 diplomatik korpusun n\u00fcmay\u0259nd\u0259l\u0259ri, beyn\u0259lxalq t\u0259\u015fkilatlar\u0131n \u00f6lk\u0259mizd\u0259ki n\u00fcmay\u0259nd\u0259likl\u0259rinin r\u0259hb\u0259rl\u0259ri Erm\u0259nistan\u0131n i\u015f\u011fal\u0131ndan azad olunmu\u015f A\u011fdam \u015f\u0259h\u0259rin\u0259 s\u0259f\u0259r edibl\u0259r. AZ\u018fRTAC-\u0131n m\u00fcxbiri x\u0259b\u0259r verir ki, s\u0259f\u0259rin m\u0259qs\u0259di diplomatlar\u0131 Erm\u0259nistan silahl\u0131 q\u00fcvv\u0259l\u0259rinin A\u011fdam \u015f\u0259h\u0259rind\u0259 t\u00f6r\u0259tdiyi v\u0259h\u015filikl\u0259r, cinay\u0259t izl\u0259ri il\u0259 tan\u0131\u015f etm\u0259k olub. Diplomatlar\u0131 Az\u0259rbaycan Respublikas\u0131 Prezidentinin k\u00f6m\u0259k\u00e7isi &#8211;\u00a0Prezident Administrasiyas\u0131n\u0131n xarici siyas\u0259t m\u0259s\u0259l\u0259l\u0259ri \u015f\u00f6b\u0259sinin m\u00fcdiri Hikm\u0259t Hac\u0131yev v\u0259 dig\u0259r r\u0259smi \u015f\u0259xsl\u0259r m\u00fc\u015fayi\u0259t edibl\u0259r. Diplomatlar A\u011fdam \u015f\u0259h\u0259rind\u0259 Erm\u0259nistan\u0131n t\u00f6r\u0259tdiyi m\u00fcharib\u0259 cinay\u0259tl\u0259rinin n\u0259tic\u0259l\u0259ri il\u0259 tan\u0131\u015f olublar. Onlar burada erm\u0259nil\u0259rin 27 il \u0259rzind\u0259 t\u00f6r\u0259tdikl\u0259ri vandalizmi \u00f6z g\u00f6zl\u0259ri il\u0259 g\u00f6r\u00fcbl\u0259r. M\u0259lumat verilib ki, erm\u0259nil\u0259r A\u011fdamda ya\u015fay\u0131\u015f m\u0259nt\u0259q\u0259l\u0259rini,&hellip;<\/p>\n","protected":false},"author":2,"featured_media":244198,"comment_status":"closed","ping_status":"closed","sticky":false,"template":"","format":"standard","meta":{"om_disable_all_campaigns":false,"_monsterinsights_skip_tracking":false,"_monsterinsights_sitenote_active":false,"_monsterinsights_sitenote_note":"","_monsterinsights_sitenote_category":0},"categories":[10],"tags":[],"aioseo_notices":[],"gutentor_comment":0,"rttpg_featured_image_url":{"full":["https:\/\/arantv.az\/wp-content\/uploads\/2020\/11\/w_1616065612492986851308_1000x669.jpg",620,427,false],"landscape":["https:\/\/arantv.az\/wp-content\/uploads\/2020\/11\/w_1616065612492986851308_1000x669.jpg",620,427,false],"portraits":["https:\/\/arantv.az\/wp-content\/uploads\/2020\/11\/w_1616065612492986851308_1000x669.jpg",620,427,false],"thumbnail":["https:\/\/arantv.az\/wp-content\/uploads\/2020\/11\/w_1616065612492986851308_1000x669-150x150.jpg",150,150,true],"medium":["https:\/\/arantv.az\/wp-content\/uploads\/2020\/11\/w_1616065612492986851308_1000x669-300x207.jpg",300,207,true],"large":["https:\/\/arantv.az\/wp-content\/uploads\/2020\/11\/w_1616065612492986851308_1000x669.jpg",620,427,false],"1536x1536":["https:\/\/arantv.az\/wp-content\/uploads\/2020\/11\/w_1616065612492986851308_1000x669.jpg",620,427,false],"2048x2048":["https:\/\/arantv.az\/wp-content\/uploads\/2020\/11\/w_1616065612492986851308_1000x669.jpg",620,427,false],"post-thumbnail":["https:\/\/arantv.az\/wp-content\/uploads\/2020\/11\/w_1616065612492986851308_1000x669-240x172.jpg",240,172,true],"advps-thumb-one":["https:\/\/arantv.az\/wp-content\/uploads\/2020\/11\/w_1616065612492986851308_1000x669.jpg",620,427,false]},"rttpg_author":{"display_name":"V\u00fcsal Rafiqo\u011flu","author_link":"https:\/\/arantv.az\/?author=2"},"rttpg_comment":0,"rttpg_category":"<a href=\"https:\/\/arantv.az\/?cat=10\" rel=\"category\">C\u0259bh\u0259d\u0259n X\u0259b\u0259r<\/a>","rttpg_excerpt":"Noyabr\u0131n 28-d\u0259 Az\u0259rbaycandak\u0131 diplomatik korpusun n\u00fcmay\u0259nd\u0259l\u0259ri, beyn\u0259lxalq t\u0259\u015fkilatlar\u0131n \u00f6lk\u0259mizd\u0259ki n\u00fcmay\u0259nd\u0259likl\u0259rinin r\u0259hb\u0259rl\u0259ri Erm\u0259nistan\u0131n i\u015f\u011fal\u0131ndan azad olunmu\u015f A\u011fdam \u015f\u0259h\u0259rin\u0259 s\u0259f\u0259r edibl\u0259r. AZ\u018fRTAC-\u0131n m\u00fcxbiri x\u0259b\u0259r verir ki, s\u0259f\u0259rin m\u0259qs\u0259di diplomatlar\u0131 Erm\u0259nistan silahl\u0131 q\u00fcvv\u0259l\u0259rinin A\u011fdam \u015f\u0259h\u0259rind\u0259 t\u00f6r\u0259tdiyi v\u0259h\u015filikl\u0259r, cinay\u0259t izl\u0259ri il\u0259 tan\u0131\u015f etm\u0259k olub. Diplomatlar\u0131 Az\u0259rbaycan Respublikas\u0131 Prezidentinin k\u00f6m\u0259k\u00e7isi &#8211;\u00a0Prezident Administrasiyas\u0131n\u0131n xarici siyas\u0259t m\u0259s\u0259l\u0259l\u0259ri \u015f\u00f6b\u0259sinin m\u00fcdiri Hikm\u0259t Hac\u0131yev v\u0259&hellip;","_links":{"self":[{"href":"https:\/\/arantv.az\/index.php?rest_route=\/wp\/v2\/posts\/244197"}],"collection":[{"href":"https:\/\/arantv.az\/index.php?rest_route=\/wp\/v2\/posts"}],"about":[{"href":"https:\/\/arantv.az\/index.php?rest_route=\/wp\/v2\/types\/post"}],"author":[{"embeddable":true,"href":"https:\/\/arantv.az\/index.php?rest_route=\/wp\/v2\/users\/2"}],"replies":[{"embeddable":true,"href":"https:\/\/arantv.az\/index.php?rest_route=%2Fwp%2Fv2%2Fcomments&post=244197"}],"version-history":[{"count":0,"href":"https:\/\/arantv.az\/index.php?rest_route=\/wp\/v2\/posts\/244197\/revisions"}],"wp:featuredmedia":[{"embeddable":true,"href":"https:\/\/arantv.az\/index.php?rest_route=\/wp\/v2\/media\/244198"}],"wp:attachment":[{"href":"https:\/\/arantv.az\/index.php?rest_route=%2Fwp%2Fv2%2Fmedia&parent=244197"}],"wp:term":[{"taxonomy":"category","embeddable":true,"href":"https:\/\/arantv.az\/index.php?rest_route=%2Fwp%2Fv2%2Fcategories&post=244197"},{"taxonomy":"post_tag","embeddable":true,"href":"https:\/\/arantv.az\/index.php?rest_route=%2Fwp%2Fv2%2Ftags&post=244197"}],"curies":[{"name":"wp","href":"https:\/\/api.w.org\/{rel}","templated":true}]}}