{"id":244201,"date":"2020-11-28T19:40:47","date_gmt":"2020-11-28T16:40:47","guid":{"rendered":"http:\/\/arantv.az\/?p=244201"},"modified":"2020-11-28T19:40:47","modified_gmt":"2020-11-28T16:40:47","slug":"hikm%c9%99t-haciyev-agdamda-ilk-d%c9%99f%c9%99-valideynl%c9%99riml%c9%99-birlikd%c9%99-toyda-olmusam-video","status":"publish","type":"post","link":"https:\/\/arantv.az\/?p=244201","title":{"rendered":"Hikm\u0259t Hac\u0131yev: \u201cA\u011fdamda ilk d\u0259f\u0259 valideynl\u0259riml\u0259 birlikd\u0259 toyda olmu\u015fam\u201d &#8211; V\u0130DEO"},"content":{"rendered":"<article class=\"news\">\n<div class=\"news-inner\">\n<p>A\u011fdamda ilk d\u0259f\u0259 1988-ci ild\u0259 valideynl\u0259riml\u0259 birlikd\u0259 toyda olmu\u015fam.<\/p>\n<p>Bu s\u00f6zl\u0259ri \u201cASAN Radio\u201dya a\u00e7\u0131qlamas\u0131nda Az\u0259rbaycan Respublikas\u0131 Prezidentinin k\u00f6m\u0259k\u00e7isi,\u00a0Prezident Administrasiyas\u0131n\u0131n Xarici siyas\u0259t m\u0259s\u0259l\u0259l\u0259ri \u015f\u00f6b\u0259sinin m\u00fcdiri Hikm\u0259t Hac\u0131yev deyib.<\/p>\n<div id=\"AdviadNativeVideo0\" class=\"AdviadNativeVideo\"><\/div>\n<p>H.Hac\u0131yev bildirib ki, A\u011fdam onun xatirind\u0259 ya\u015f\u0131ll\u0131q, bol meyv\u0259 a\u011facl\u0131, g\u00f6z\u0259l m\u0259kan kimi qal\u0131b:<\/p>\n<p>\u201cAmma t\u0259\u0259ss\u00fcf ki, g\u00f6rd\u00fcy\u00fcn\u00fcz kimi, erm\u0259nil\u0259r buralar\u0131 viran qoyub. Bu v\u0259h\u015filiyi beyn\u0259lxalq ictimaiyy\u0259t \u00f6z\u00fc d\u0259 g\u00f6r\u0259c\u0259k. Tezlikl\u0259 Ali Ba\u015f Komandan\u0131n r\u0259hb\u0259rliyi alt\u0131nda A\u011fdamda t\u0259mir-b\u0259rpa v\u0259 yenid\u0259nqurma i\u015fl\u0259ri apar\u0131lacaq\u201d.<\/p>\n<p>\u018ftrafl\u0131 videonu t\u0259qdim edirik:<\/p>\n<div><iframe loading=\"lazy\" src=\"https:\/\/player.baku.tv\/embed\/29174\" width=\"560\" height=\"315\" frameborder=\"0\" allowfullscreen=\"allowfullscreen\" data-mce-fragment=\"1\"><\/iframe><\/div>\n<\/div>\n<\/article>\n<h2 class=\"news-share-title\"><\/h2>\n","protected":false},"excerpt":{"rendered":"<p>A\u011fdamda ilk d\u0259f\u0259 1988-ci ild\u0259 valideynl\u0259riml\u0259 birlikd\u0259 toyda olmu\u015fam. Bu s\u00f6zl\u0259ri \u201cASAN Radio\u201dya a\u00e7\u0131qlamas\u0131nda Az\u0259rbaycan Respublikas\u0131 Prezidentinin k\u00f6m\u0259k\u00e7isi,\u00a0Prezident Administrasiyas\u0131n\u0131n Xarici siyas\u0259t m\u0259s\u0259l\u0259l\u0259ri \u015f\u00f6b\u0259sinin m\u00fcdiri Hikm\u0259t Hac\u0131yev deyib. H.Hac\u0131yev bildirib ki, A\u011fdam onun xatirind\u0259 ya\u015f\u0131ll\u0131q, bol meyv\u0259 a\u011facl\u0131, g\u00f6z\u0259l m\u0259kan kimi qal\u0131b: \u201cAmma t\u0259\u0259ss\u00fcf ki, g\u00f6rd\u00fcy\u00fcn\u00fcz kimi, erm\u0259nil\u0259r buralar\u0131 viran qoyub. Bu v\u0259h\u015filiyi beyn\u0259lxalq ictimaiyy\u0259t \u00f6z\u00fc d\u0259 g\u00f6r\u0259c\u0259k. Tezlikl\u0259 Ali Ba\u015f Komandan\u0131n r\u0259hb\u0259rliyi alt\u0131nda A\u011fdamda t\u0259mir-b\u0259rpa v\u0259 yenid\u0259nqurma i\u015fl\u0259ri apar\u0131lacaq\u201d. \u018ftrafl\u0131 videonu t\u0259qdim edirik:<\/p>\n","protected":false},"author":2,"featured_media":244202,"comment_status":"closed","ping_status":"closed","sticky":false,"template":"","format":"standard","meta":{"om_disable_all_campaigns":false,"_monsterinsights_skip_tracking":false,"_monsterinsights_sitenote_active":false,"_monsterinsights_sitenote_note":"","_monsterinsights_sitenote_category":0},"categories":[4],"tags":[],"aioseo_notices":[],"gutentor_comment":0,"rttpg_featured_image_url":{"full":["https:\/\/arantv.az\/wp-content\/uploads\/2020\/11\/haci-1.jpg",620,413,false],"landscape":["https:\/\/arantv.az\/wp-content\/uploads\/2020\/11\/haci-1.jpg",620,413,false],"portraits":["https:\/\/arantv.az\/wp-content\/uploads\/2020\/11\/haci-1.jpg",620,413,false],"thumbnail":["https:\/\/arantv.az\/wp-content\/uploads\/2020\/11\/haci-1-150x150.jpg",150,150,true],"medium":["https:\/\/arantv.az\/wp-content\/uploads\/2020\/11\/haci-1-300x200.jpg",300,200,true],"large":["https:\/\/arantv.az\/wp-content\/uploads\/2020\/11\/haci-1.jpg",620,413,false],"1536x1536":["https:\/\/arantv.az\/wp-content\/uploads\/2020\/11\/haci-1.jpg",620,413,false],"2048x2048":["https:\/\/arantv.az\/wp-content\/uploads\/2020\/11\/haci-1.jpg",620,413,false],"post-thumbnail":["https:\/\/arantv.az\/wp-content\/uploads\/2020\/11\/haci-1-240x172.jpg",240,172,true],"advps-thumb-one":["https:\/\/arantv.az\/wp-content\/uploads\/2020\/11\/haci-1.jpg",620,413,false]},"rttpg_author":{"display_name":"V\u00fcsal Rafiqo\u011flu","author_link":"https:\/\/arantv.az\/?author=2"},"rttpg_comment":0,"rttpg_category":"<a href=\"https:\/\/arantv.az\/?cat=4\" rel=\"category\">Siyas\u0259t<\/a>","rttpg_excerpt":"A\u011fdamda ilk d\u0259f\u0259 1988-ci ild\u0259 valideynl\u0259riml\u0259 birlikd\u0259 toyda olmu\u015fam. Bu s\u00f6zl\u0259ri \u201cASAN Radio\u201dya a\u00e7\u0131qlamas\u0131nda Az\u0259rbaycan Respublikas\u0131 Prezidentinin k\u00f6m\u0259k\u00e7isi,\u00a0Prezident Administrasiyas\u0131n\u0131n Xarici siyas\u0259t m\u0259s\u0259l\u0259l\u0259ri \u015f\u00f6b\u0259sinin m\u00fcdiri Hikm\u0259t Hac\u0131yev deyib. H.Hac\u0131yev bildirib ki, A\u011fdam onun xatirind\u0259 ya\u015f\u0131ll\u0131q, bol meyv\u0259 a\u011facl\u0131, g\u00f6z\u0259l m\u0259kan kimi qal\u0131b: \u201cAmma t\u0259\u0259ss\u00fcf ki, g\u00f6rd\u00fcy\u00fcn\u00fcz kimi, erm\u0259nil\u0259r buralar\u0131 viran qoyub. Bu v\u0259h\u015filiyi beyn\u0259lxalq ictimaiyy\u0259t \u00f6z\u00fc&hellip;","_links":{"self":[{"href":"https:\/\/arantv.az\/index.php?rest_route=\/wp\/v2\/posts\/244201"}],"collection":[{"href":"https:\/\/arantv.az\/index.php?rest_route=\/wp\/v2\/posts"}],"about":[{"href":"https:\/\/arantv.az\/index.php?rest_route=\/wp\/v2\/types\/post"}],"author":[{"embeddable":true,"href":"https:\/\/arantv.az\/index.php?rest_route=\/wp\/v2\/users\/2"}],"replies":[{"embeddable":true,"href":"https:\/\/arantv.az\/index.php?rest_route=%2Fwp%2Fv2%2Fcomments&post=244201"}],"version-history":[{"count":0,"href":"https:\/\/arantv.az\/index.php?rest_route=\/wp\/v2\/posts\/244201\/revisions"}],"wp:featuredmedia":[{"embeddable":true,"href":"https:\/\/arantv.az\/index.php?rest_route=\/wp\/v2\/media\/244202"}],"wp:attachment":[{"href":"https:\/\/arantv.az\/index.php?rest_route=%2Fwp%2Fv2%2Fmedia&parent=244201"}],"wp:term":[{"taxonomy":"category","embeddable":true,"href":"https:\/\/arantv.az\/index.php?rest_route=%2Fwp%2Fv2%2Fcategories&post=244201"},{"taxonomy":"post_tag","embeddable":true,"href":"https:\/\/arantv.az\/index.php?rest_route=%2Fwp%2Fv2%2Ftags&post=244201"}],"curies":[{"name":"wp","href":"https:\/\/api.w.org\/{rel}","templated":true}]}}