{"id":244205,"date":"2020-11-28T19:42:02","date_gmt":"2020-11-28T16:42:02","guid":{"rendered":"http:\/\/arantv.az\/?p=244205"},"modified":"2020-11-28T19:42:02","modified_gmt":"2020-11-28T16:42:02","slug":"vilay%c9%99t-eyvazov-baki-pasportstolu-l%c9%99gv-etdi","status":"publish","type":"post","link":"https:\/\/arantv.az\/?p=244205","title":{"rendered":"Vilay\u0259t Eyvazov Bak\u0131 &#8220;pasportstolu&#8221; l\u0259\u011fv etdi"},"content":{"rendered":"<p>Bak\u0131 \u015f\u0259h\u0259r Ba\u015f Polis \u0130dar\u0259sind\u0259 daha bir \u015f\u00f6b\u0259 l\u0259\u011fv olundu.<\/p>\n<p><strong>ARANTV.AZ<\/strong>\u00a0\u00a0<a title=\"xeberler son xeberler 2020\" href=\"https:\/\/big.az\/\" target=\"_blank\" rel=\"noopener\">x\u0259b\u0259r<\/a>\u00a0verir ki, Bak\u0131 \u015e\u0259h\u0259ri Ba\u015f Polis \u0130dar\u0259sinin Qeydiyyat M\u0259s\u0259l\u0259l\u0259ri \u015e\u00f6b\u0259si (pasportstol) l\u0259\u011fv olunub. Bununla ba\u011fl\u0131 Daxili \u0130\u015fl\u0259r Naziri Vilay\u0259t Eyvazov m\u00fcvafiq \u0259mr imzalay\u0131b.<\/p>\n<div id=\"AdviadNativeVideo0\" class=\"AdviadNativeVideo\"><\/div>\n<p>Qeyd ed\u0259k ki, iki g\u00fcn \u00f6nc\u0259 Ba\u015f Polis \u0130dar\u0259sinin orqan\u0131 olan &#8220;Polis&#8221; q\u0259zeti f\u0259aliyy\u0259tini dayand\u0131r\u0131b.(Medapost)<\/p>\n","protected":false},"excerpt":{"rendered":"<p>Bak\u0131 \u015f\u0259h\u0259r Ba\u015f Polis \u0130dar\u0259sind\u0259 daha bir \u015f\u00f6b\u0259 l\u0259\u011fv olundu. ARANTV.AZ\u00a0\u00a0x\u0259b\u0259r\u00a0verir ki, Bak\u0131 \u015e\u0259h\u0259ri Ba\u015f Polis \u0130dar\u0259sinin Qeydiyyat M\u0259s\u0259l\u0259l\u0259ri \u015e\u00f6b\u0259si (pasportstol) l\u0259\u011fv olunub. Bununla ba\u011fl\u0131 Daxili \u0130\u015fl\u0259r Naziri Vilay\u0259t Eyvazov m\u00fcvafiq \u0259mr imzalay\u0131b. Qeyd ed\u0259k ki, iki g\u00fcn \u00f6nc\u0259 Ba\u015f Polis \u0130dar\u0259sinin orqan\u0131 olan &#8220;Polis&#8221; q\u0259zeti f\u0259aliyy\u0259tini dayand\u0131r\u0131b.(Medapost)<\/p>\n","protected":false},"author":2,"featured_media":244206,"comment_status":"closed","ping_status":"closed","sticky":false,"template":"","format":"standard","meta":{"om_disable_all_campaigns":false,"_monsterinsights_skip_tracking":false,"_monsterinsights_sitenote_active":false,"_monsterinsights_sitenote_note":"","_monsterinsights_sitenote_category":0},"categories":[26],"tags":[],"aioseo_notices":[],"gutentor_comment":0,"rttpg_featured_image_url":{"full":["https:\/\/arantv.az\/wp-content\/uploads\/2020\/11\/1606580119aaaa.jpg",549,345,false],"landscape":["https:\/\/arantv.az\/wp-content\/uploads\/2020\/11\/1606580119aaaa.jpg",549,345,false],"portraits":["https:\/\/arantv.az\/wp-content\/uploads\/2020\/11\/1606580119aaaa.jpg",549,345,false],"thumbnail":["https:\/\/arantv.az\/wp-content\/uploads\/2020\/11\/1606580119aaaa-150x150.jpg",150,150,true],"medium":["https:\/\/arantv.az\/wp-content\/uploads\/2020\/11\/1606580119aaaa-300x189.jpg",300,189,true],"large":["https:\/\/arantv.az\/wp-content\/uploads\/2020\/11\/1606580119aaaa.jpg",549,345,false],"1536x1536":["https:\/\/arantv.az\/wp-content\/uploads\/2020\/11\/1606580119aaaa.jpg",549,345,false],"2048x2048":["https:\/\/arantv.az\/wp-content\/uploads\/2020\/11\/1606580119aaaa.jpg",549,345,false],"post-thumbnail":["https:\/\/arantv.az\/wp-content\/uploads\/2020\/11\/1606580119aaaa-240x172.jpg",240,172,true],"advps-thumb-one":["https:\/\/arantv.az\/wp-content\/uploads\/2020\/11\/1606580119aaaa.jpg",549,345,false]},"rttpg_author":{"display_name":"V\u00fcsal Rafiqo\u011flu","author_link":"https:\/\/arantv.az\/?author=2"},"rttpg_comment":0,"rttpg_category":"<a href=\"https:\/\/arantv.az\/?cat=26\" rel=\"category\">Sosial<\/a>","rttpg_excerpt":"Bak\u0131 \u015f\u0259h\u0259r Ba\u015f Polis \u0130dar\u0259sind\u0259 daha bir \u015f\u00f6b\u0259 l\u0259\u011fv olundu. ARANTV.AZ\u00a0\u00a0x\u0259b\u0259r\u00a0verir ki, Bak\u0131 \u015e\u0259h\u0259ri Ba\u015f Polis \u0130dar\u0259sinin Qeydiyyat M\u0259s\u0259l\u0259l\u0259ri \u015e\u00f6b\u0259si (pasportstol) l\u0259\u011fv olunub. Bununla ba\u011fl\u0131 Daxili \u0130\u015fl\u0259r Naziri Vilay\u0259t Eyvazov m\u00fcvafiq \u0259mr imzalay\u0131b. Qeyd ed\u0259k ki, iki g\u00fcn \u00f6nc\u0259 Ba\u015f Polis \u0130dar\u0259sinin orqan\u0131 olan &#8220;Polis&#8221; q\u0259zeti f\u0259aliyy\u0259tini dayand\u0131r\u0131b.(Medapost)","_links":{"self":[{"href":"https:\/\/arantv.az\/index.php?rest_route=\/wp\/v2\/posts\/244205"}],"collection":[{"href":"https:\/\/arantv.az\/index.php?rest_route=\/wp\/v2\/posts"}],"about":[{"href":"https:\/\/arantv.az\/index.php?rest_route=\/wp\/v2\/types\/post"}],"author":[{"embeddable":true,"href":"https:\/\/arantv.az\/index.php?rest_route=\/wp\/v2\/users\/2"}],"replies":[{"embeddable":true,"href":"https:\/\/arantv.az\/index.php?rest_route=%2Fwp%2Fv2%2Fcomments&post=244205"}],"version-history":[{"count":0,"href":"https:\/\/arantv.az\/index.php?rest_route=\/wp\/v2\/posts\/244205\/revisions"}],"wp:featuredmedia":[{"embeddable":true,"href":"https:\/\/arantv.az\/index.php?rest_route=\/wp\/v2\/media\/244206"}],"wp:attachment":[{"href":"https:\/\/arantv.az\/index.php?rest_route=%2Fwp%2Fv2%2Fmedia&parent=244205"}],"wp:term":[{"taxonomy":"category","embeddable":true,"href":"https:\/\/arantv.az\/index.php?rest_route=%2Fwp%2Fv2%2Fcategories&post=244205"},{"taxonomy":"post_tag","embeddable":true,"href":"https:\/\/arantv.az\/index.php?rest_route=%2Fwp%2Fv2%2Ftags&post=244205"}],"curies":[{"name":"wp","href":"https:\/\/api.w.org\/{rel}","templated":true}]}}