{"id":244236,"date":"2020-11-29T13:11:19","date_gmt":"2020-11-29T10:11:19","guid":{"rendered":"http:\/\/arantv.az\/?p=244236"},"modified":"2020-11-29T13:11:19","modified_gmt":"2020-11-29T10:11:19","slug":"v%c9%99t%c9%99n-muharib%c9%99sind%c9%99-ayagini-itir%c9%99n-qazimiz-%c9%99sir-dusm%c9%99k-%c9%99v%c9%99zin%c9%99-ozunu-m%c9%99hv-etm%c9%99k-tapsirilmisdi-biz%c9%99-foto","status":"publish","type":"post","link":"https:\/\/arantv.az\/?p=244236","title":{"rendered":"V\u0259t\u0259n M\u00fcharib\u0259sind\u0259 aya\u011f\u0131n\u0131 itir\u0259n qazimiz: \u201c\u018fsir d\u00fc\u015fm\u0259k \u0259v\u0259zin\u0259 \u00f6z\u00fcn\u00fc m\u0259hv etm\u0259k tap\u015f\u0131r\u0131lm\u0131\u015fd\u0131 biz\u0259\u201d &#8211; FOTO"},"content":{"rendered":"<p>\u0130smay\u0131ll\u0131 rayonunun A\u015fa\u011f\u0131 ba\u015f k\u0259ndinin sakini, 1997-ci il t\u0259v\u0259ll\u00fcdl\u00fc K\u0259rimli K\u0259nan \u0130r\u0259van o\u011flu c\u0259bh\u0259d\u0259n qazi olaraq ev\u0259 d\u00fcn\u00fcb.<\/p>\n<p>Report\u00a0x\u0259b\u0259r verir ki, 23 ya\u015fl\u0131 g\u0259nc bu ilin may\u0131nda h\u0259qiqi h\u0259rbi xidm\u0259t\u0259 \u00e7a\u011f\u0131r\u0131l\u0131b.<\/p>\n<p>H\u0259rbi xidm\u0259t zaman\u0131 rabit\u0259\u00e7i kimi kurs ke\u00e7ib.<\/p>\n<p>V\u0259t\u0259n M\u00fcharib\u0259si ba\u015flayan zaman K\u0259nan da k\u00f6n\u00fcll\u00fc olaraq d\u00f6y\u00fc\u015f b\u00f6lg\u0259sin\u0259 gedib.<\/p>\n<p>F\u00fczuli rayonu istiqam\u0259tind\u0259 ged\u0259n d\u00f6y\u00fc\u015fl\u0259rind\u0259 canl\u0131 rabit\u0259\u00e7i kimi xidm\u0259tini davam etdirib (m\u0259xfi m\u0259lumatlar\u0131 da\u015f\u0131yan rabit\u0259\u00e7i &#8211; red). K\u0259nan m\u0259xfi m\u0259lumatlar\u0131 \u00f6z\u00fc il\u0259 dig\u0259r taborlara aparan zaman d\u00fc\u015fm\u0259n snayperl\u0259 onu at\u0259\u015f\u0259 tutub.<\/p>\n<p>At\u0259\u015fd\u0259n yay\u0131nan K\u0259nan v\u0259 be\u015f h\u0259rb\u00e7i yolda\u015f\u0131na qar\u015f\u0131 d\u00fc\u015fm\u0259n minaatanlarda istifad\u0259 edir. \u0130lk at\u0259\u015f zaman\u0131 y\u00fcng\u00fcl x\u0259sar\u0259t alan h\u0259rb\u00e7il\u0259r, ikinci at\u0259\u015fd\u0259 a\u011f\u0131r yaralan\u0131rlar.<\/p>\n<p>N\u0259tic\u0259d\u0259, o, sa\u011f aya\u011f\u0131n\u0131 itirir, b\u0259d\u0259nind\u0259 \u00e7oxlu sayda q\u0259lp\u0259 yaralar\u0131 al\u0131r. \u018fsg\u0259rin yaral\u0131 oldu\u011funu g\u00f6r\u0259n tabor komandiri, kapitan Zamir Z\u00fclf\u00fcqarov \u00f6z\u00fcn\u00fc K\u0259nan\u0131n \u00fcz\u0259rin\u0259 ataraq onu \u00fc\u00e7\u00fcnc\u00fc m\u0259rmid\u0259n xilas edib v\u0259 h\u0259rbi hospitala \u00e7atd\u0131r\u0131b.<\/p>\n<p>Q\u0259lp\u0259l\u0259rd\u0259n biri \u0259sg\u0259rimizin a\u011f ciy\u0259rinin yuxar\u0131 hiss\u0259sini de\u015fib ke\u00e7\u0259r\u0259k daxili orqan\u0131nda qalib. K\u00fcr\u0259yind\u0259 is\u0259 \u00fc\u00e7 q\u0259lp\u0259 daxili \u0259z\u0259l\u0259l\u0259rd\u0259 qal\u0131b.<\/p>\n<p>Qazimiz deyir ki, xidm\u0259t etdiyi taborun ad\u0131 \u201ccanl\u0131 rabit\u0259\u00e7il\u0259r\u201d idi:<\/p>\n<p>\u201c\u00c7\u00fcnki m\u00fcharib\u0259nin gedi\u015fat\u0131 bizim vaxt\u0131nda \u00e7atd\u0131rd\u0131\u011f\u0131m\u0131z m\u0259xfi m\u0259lumatlardan as\u0131l\u0131 idi. El\u0259 bu s\u0259b\u0259bd\u0259n d\u00fc\u015fm\u0259n bizi izl\u0259y\u0259r\u0259k canl\u0131 \u0259l\u0259 ke\u00e7irm\u0259k ist\u0259yirdi. Bizd\u0259 olan m\u0259xfi m\u0259lumatlar\u0131 \u00f6yr\u0259nm\u0259k \u0259sas m\u0259qs\u0259dl\u0259ri idi. Lakin biz\u0259 veril\u0259n tap\u015f\u0131r\u0131\u011fa \u0259sas\u0259n, m\u0259lumatlar vaxt\u0131nda deyil\u0259n m\u0259nt\u0259q\u0259y\u0259 \u00e7atd\u0131r\u0131lmal\u0131 idi.<\/p>\n<p>D\u00fc\u015fm\u0259n\u0259 \u0259sir d\u00fc\u015fm\u0259k \u0259v\u0259zin\u0259 \u00f6z\u00fcn\u00fc m\u0259hv etm\u0259k tap\u015f\u0131r\u0131lm\u0131\u015fd\u0131 biz\u0259. Bu g\u00fcn m\u0259n sa\u011f aya\u011f\u0131m\u0131 itirm\u0259yim\u0259 baxmayaraq, b\u0259d\u0259nimd\u0259 \u00e7oxlu sayda q\u0259lp\u0259l\u0259r olsa bel\u0259, yen\u0259 d\u0259 sa\u011f qalma\u011f\u0131ma g\u00f6r\u0259 tabor komandirim, kapitan Zamir Z\u00fclf\u00fcqarova borcluyam\u201d.<\/p>\n<p>Qazimizin atas\u0131 K\u0259rimli \u0130r\u0259van deyir ki, \u0130kinci Qaraba\u011f m\u00fcharib\u0259sind\u0259 i\u015ftirak etdiyin\u0259 v\u0259 qazi oldu\u011funa g\u00f6r\u0259 o\u011flu il\u0259 q\u00fcrur duyur.<\/p>\n<p>K\u0259rimli K\u0259nan\u0131n\u0131 anas\u0131 G\u00fclnar\u0259 xan\u0131m bildirib ki, \u00f6vlad\u0131n\u0131 V\u0259t\u0259n\u0259 xidm\u0259t etm\u0259k \u00fc\u00e7\u00fcn b\u00f6y\u00fcd\u00fcb: \u201c\u015e\u00fck\u00fcrl\u0259r olsun ki, o\u011flum d\u00f6y\u00fc\u015fl\u0259rd\u0259 i\u015ftirak ed\u0259r\u0259k qazi ad\u0131na ucal\u0131b.<\/p>\n<p>O\u011flumla h\u0259r d\u0259f\u0259 dan\u0131\u015fanda o m\u0259n\u0259 h\u0259r \u015feyin yax\u015f\u0131 oldu\u011funu bildirirdi v\u0259 m\u0259nd\u0259 bir ana kimi h\u0259r an n\u0259 olaca\u011f\u0131na haz\u0131r idim, bu bir m\u00fcharib\u0259dir v\u0259 m\u00fcharib\u0259d\u0259 \u015f\u0259hid olmaqda var, qazi olmaqda. Bu g\u00fcn o\u011flum qazi oldu\u011funa g\u00f6r\u0259 q\u00fcrur duyuram\u201d.<\/p>\n<p>Qeyd ed\u0259k ki, qazimizi ziyar\u0259t etm\u0259k \u00fc\u00e7\u00fcn rayondan y\u00fczl\u0259rl\u0259 sakin onun evin\u0259 g\u0259lir.<\/p>\n<div class=\"gallery\">\n<div class=\"gallery-i\"><img src=\"https:\/\/cdn.oxu.az\/uploads\/W1siZiIsIjIwMjAvMTEvMjkvMTMvMDIvNTkvZTEyYWIxMTItYzUzOC00YzFmLTkyMjMtZWVkN2Q0ZGI5Yzk1L2k1LmpwZyJdLFsicCIsImVuY29kZSIsImpwZyIsIi1xdWFsaXR5IDgwIl0sWyJwIiwidGh1bWIiLCI1OTB4NTkwXHUwMDNlIl1d?sha=7d994729208091e4\" alt=\"\" \/><\/p>\n<div class=\"gallery-i-caption\"><\/div>\n<\/div>\n<div class=\"gallery-i\"><img src=\"https:\/\/cdn.oxu.az\/uploads\/W1siZiIsIjIwMjAvMTEvMjkvMTMvMDIvNTkvZGFhYjU1ZjUtZDEwMS00NjRjLTlkMGUtOGRiZGQ3ZmE0YjJjL2k0LmpwZyJdLFsicCIsImVuY29kZSIsImpwZyIsIi1xdWFsaXR5IDgwIl0sWyJwIiwidGh1bWIiLCI1OTB4NTkwXHUwMDNlIl1d?sha=436034225ead874e\" alt=\"\" \/><\/p>\n<div class=\"gallery-i-caption\"><\/div>\n<\/div>\n<div class=\"gallery-i\"><img src=\"https:\/\/cdn.oxu.az\/uploads\/W1siZiIsIjIwMjAvMTEvMjkvMTMvMDIvNTkvODZlN2RmZmMtY2NjYy00MTY5LWI1MDYtZjI1N2QwZjdmY2ZhL2kzLmpwZyJdLFsicCIsImVuY29kZSIsImpwZyIsIi1xdWFsaXR5IDgwIl0sWyJwIiwidGh1bWIiLCI1OTB4NTkwXHUwMDNlIl1d?sha=418d19228ebea1f0\" alt=\"\" \/><\/p>\n<div class=\"gallery-i-caption\"><\/div>\n<\/div>\n<div class=\"gallery-i\"><img src=\"https:\/\/cdn.oxu.az\/uploads\/W1siZiIsIjIwMjAvMTEvMjkvMTMvMDIvNTkvN2E0YmFhZmUtOTc5Yi00OTYyLWIwMTEtZjFlZmJhOGMxMGI4L2kyLmpwZyJdLFsicCIsImVuY29kZSIsImpwZyIsIi1xdWFsaXR5IDgwIl0sWyJwIiwidGh1bWIiLCI1OTB4NTkwXHUwMDNlIl1d?sha=c005d307d0cbfd01\" alt=\"\" \/><\/p>\n<div class=\"gallery-i-caption\"><\/div>\n<\/div>\n<div class=\"gallery-i\"><img src=\"https:\/\/cdn.oxu.az\/uploads\/W1siZiIsIjIwMjAvMTEvMjkvMTMvMDIvNTkvNjY5NWI3ZTYtN2I4NC00ZjM1LWE5ZjQtYjBjNjc5ZGEyNzI1L2kxLmpwZyJdLFsicCIsImVuY29kZSIsImpwZyIsIi1xdWFsaXR5IDgwIl0sWyJwIiwidGh1bWIiLCI1OTB4NTkwXHUwMDNlIl1d?sha=10d8e670e32ecbbc\" alt=\"\" \/><\/div>\n<\/div>\n","protected":false},"excerpt":{"rendered":"<p>\u0130smay\u0131ll\u0131 rayonunun A\u015fa\u011f\u0131 ba\u015f k\u0259ndinin sakini, 1997-ci il t\u0259v\u0259ll\u00fcdl\u00fc K\u0259rimli K\u0259nan \u0130r\u0259van o\u011flu c\u0259bh\u0259d\u0259n qazi olaraq ev\u0259 d\u00fcn\u00fcb. Report\u00a0x\u0259b\u0259r verir ki, 23 ya\u015fl\u0131 g\u0259nc bu ilin may\u0131nda h\u0259qiqi h\u0259rbi xidm\u0259t\u0259 \u00e7a\u011f\u0131r\u0131l\u0131b. H\u0259rbi xidm\u0259t zaman\u0131 rabit\u0259\u00e7i kimi kurs ke\u00e7ib. V\u0259t\u0259n M\u00fcharib\u0259si ba\u015flayan zaman K\u0259nan da k\u00f6n\u00fcll\u00fc olaraq d\u00f6y\u00fc\u015f b\u00f6lg\u0259sin\u0259 gedib. F\u00fczuli rayonu istiqam\u0259tind\u0259 ged\u0259n d\u00f6y\u00fc\u015fl\u0259rind\u0259 canl\u0131 rabit\u0259\u00e7i kimi xidm\u0259tini davam etdirib (m\u0259xfi m\u0259lumatlar\u0131 da\u015f\u0131yan rabit\u0259\u00e7i &#8211; red). K\u0259nan m\u0259xfi m\u0259lumatlar\u0131 \u00f6z\u00fc il\u0259 dig\u0259r taborlara aparan zaman d\u00fc\u015fm\u0259n snayperl\u0259 onu at\u0259\u015f\u0259 tutub. At\u0259\u015fd\u0259n yay\u0131nan K\u0259nan v\u0259 be\u015f h\u0259rb\u00e7i yolda\u015f\u0131na qar\u015f\u0131 d\u00fc\u015fm\u0259n minaatanlarda&hellip;<\/p>\n","protected":false},"author":2,"featured_media":244237,"comment_status":"closed","ping_status":"closed","sticky":false,"template":"","format":"standard","meta":{"om_disable_all_campaigns":false,"_monsterinsights_skip_tracking":false,"_monsterinsights_sitenote_active":false,"_monsterinsights_sitenote_note":"","_monsterinsights_sitenote_category":0},"categories":[26],"tags":[],"aioseo_notices":[],"gutentor_comment":0,"rttpg_featured_image_url":{"full":["https:\/\/arantv.az\/wp-content\/uploads\/2020\/11\/i1.jpg",620,387,false],"landscape":["https:\/\/arantv.az\/wp-content\/uploads\/2020\/11\/i1.jpg",620,387,false],"portraits":["https:\/\/arantv.az\/wp-content\/uploads\/2020\/11\/i1.jpg",620,387,false],"thumbnail":["https:\/\/arantv.az\/wp-content\/uploads\/2020\/11\/i1-150x150.jpg",150,150,true],"medium":["https:\/\/arantv.az\/wp-content\/uploads\/2020\/11\/i1-300x187.jpg",300,187,true],"large":["https:\/\/arantv.az\/wp-content\/uploads\/2020\/11\/i1.jpg",620,387,false],"1536x1536":["https:\/\/arantv.az\/wp-content\/uploads\/2020\/11\/i1.jpg",620,387,false],"2048x2048":["https:\/\/arantv.az\/wp-content\/uploads\/2020\/11\/i1.jpg",620,387,false],"post-thumbnail":["https:\/\/arantv.az\/wp-content\/uploads\/2020\/11\/i1-240x172.jpg",240,172,true],"advps-thumb-one":["https:\/\/arantv.az\/wp-content\/uploads\/2020\/11\/i1.jpg",620,387,false]},"rttpg_author":{"display_name":"V\u00fcsal Rafiqo\u011flu","author_link":"https:\/\/arantv.az\/?author=2"},"rttpg_comment":0,"rttpg_category":"<a href=\"https:\/\/arantv.az\/?cat=26\" rel=\"category\">Sosial<\/a>","rttpg_excerpt":"\u0130smay\u0131ll\u0131 rayonunun A\u015fa\u011f\u0131 ba\u015f k\u0259ndinin sakini, 1997-ci il t\u0259v\u0259ll\u00fcdl\u00fc K\u0259rimli K\u0259nan \u0130r\u0259van o\u011flu c\u0259bh\u0259d\u0259n qazi olaraq ev\u0259 d\u00fcn\u00fcb. Report\u00a0x\u0259b\u0259r verir ki, 23 ya\u015fl\u0131 g\u0259nc bu ilin may\u0131nda h\u0259qiqi h\u0259rbi xidm\u0259t\u0259 \u00e7a\u011f\u0131r\u0131l\u0131b. H\u0259rbi xidm\u0259t zaman\u0131 rabit\u0259\u00e7i kimi kurs ke\u00e7ib. V\u0259t\u0259n M\u00fcharib\u0259si ba\u015flayan zaman K\u0259nan da k\u00f6n\u00fcll\u00fc olaraq d\u00f6y\u00fc\u015f b\u00f6lg\u0259sin\u0259 gedib. F\u00fczuli rayonu istiqam\u0259tind\u0259 ged\u0259n d\u00f6y\u00fc\u015fl\u0259rind\u0259 canl\u0131&hellip;","_links":{"self":[{"href":"https:\/\/arantv.az\/index.php?rest_route=\/wp\/v2\/posts\/244236"}],"collection":[{"href":"https:\/\/arantv.az\/index.php?rest_route=\/wp\/v2\/posts"}],"about":[{"href":"https:\/\/arantv.az\/index.php?rest_route=\/wp\/v2\/types\/post"}],"author":[{"embeddable":true,"href":"https:\/\/arantv.az\/index.php?rest_route=\/wp\/v2\/users\/2"}],"replies":[{"embeddable":true,"href":"https:\/\/arantv.az\/index.php?rest_route=%2Fwp%2Fv2%2Fcomments&post=244236"}],"version-history":[{"count":0,"href":"https:\/\/arantv.az\/index.php?rest_route=\/wp\/v2\/posts\/244236\/revisions"}],"wp:featuredmedia":[{"embeddable":true,"href":"https:\/\/arantv.az\/index.php?rest_route=\/wp\/v2\/media\/244237"}],"wp:attachment":[{"href":"https:\/\/arantv.az\/index.php?rest_route=%2Fwp%2Fv2%2Fmedia&parent=244236"}],"wp:term":[{"taxonomy":"category","embeddable":true,"href":"https:\/\/arantv.az\/index.php?rest_route=%2Fwp%2Fv2%2Fcategories&post=244236"},{"taxonomy":"post_tag","embeddable":true,"href":"https:\/\/arantv.az\/index.php?rest_route=%2Fwp%2Fv2%2Ftags&post=244236"}],"curies":[{"name":"wp","href":"https:\/\/api.w.org\/{rel}","templated":true}]}}