{"id":244315,"date":"2020-11-29T15:07:32","date_gmt":"2020-11-29T12:07:32","guid":{"rendered":"http:\/\/arantv.az\/?p=244315"},"modified":"2020-11-29T15:07:32","modified_gmt":"2020-11-29T12:07:32","slug":"z%c9%99ngilanin-mincivan-q%c9%99s%c9%99b%c9%99sind%c9%99-qizil-payiz-video","status":"publish","type":"post","link":"https:\/\/arantv.az\/?p=244315","title":{"rendered":"Z\u0259ngilan\u0131n Mincivan q\u0259s\u0259b\u0259sind\u0259 q\u0131z\u0131l pay\u0131z &#8211; V\u0130DEO"},"content":{"rendered":"<p>Z\u0259ngilan rayonundan yeni g\u00f6r\u00fcnt\u00fcl\u0259r yay\u0131l\u0131b.<\/p>\n<article class=\"news\">\n<div class=\"news-inner\">\n<p>G\u00f6r\u00fcnt\u00fcl\u0259r rayonun Mincivan q\u0259s\u0259b\u0259sind\u0259ndir. Q\u0259s\u0259b\u0259ni pay\u0131z q\u0131z\u0131l\u0131 r\u0259ng\u0259 boyay\u0131b.<\/p>\n<p>\u018ftrafl\u0131 videonu t\u0259qdim edirik:<\/p>\n<div><iframe loading=\"lazy\" src=\"https:\/\/player.baku.tv\/embed\/29225\" width=\"560\" height=\"315\" frameborder=\"0\" allowfullscreen=\"allowfullscreen\" data-mce-fragment=\"1\"><\/iframe><\/div>\n<\/div>\n<\/article>\n<h2 class=\"news-share-title\"><\/h2>\n","protected":false},"excerpt":{"rendered":"<p>Z\u0259ngilan rayonundan yeni g\u00f6r\u00fcnt\u00fcl\u0259r yay\u0131l\u0131b. G\u00f6r\u00fcnt\u00fcl\u0259r rayonun Mincivan q\u0259s\u0259b\u0259sind\u0259ndir. Q\u0259s\u0259b\u0259ni pay\u0131z q\u0131z\u0131l\u0131 r\u0259ng\u0259 boyay\u0131b. \u018ftrafl\u0131 videonu t\u0259qdim edirik:<\/p>\n","protected":false},"author":2,"featured_media":244318,"comment_status":"closed","ping_status":"closed","sticky":false,"template":"","format":"standard","meta":{"om_disable_all_campaigns":false,"_monsterinsights_skip_tracking":false,"_monsterinsights_sitenote_active":false,"_monsterinsights_sitenote_note":"","_monsterinsights_sitenote_category":0},"categories":[26],"tags":[],"aioseo_notices":[],"gutentor_comment":0,"rttpg_featured_image_url":{"full":["https:\/\/arantv.az\/wp-content\/uploads\/2020\/11\/FotoJet-2-7.jpg",620,406,false],"landscape":["https:\/\/arantv.az\/wp-content\/uploads\/2020\/11\/FotoJet-2-7.jpg",620,406,false],"portraits":["https:\/\/arantv.az\/wp-content\/uploads\/2020\/11\/FotoJet-2-7.jpg",620,406,false],"thumbnail":["https:\/\/arantv.az\/wp-content\/uploads\/2020\/11\/FotoJet-2-7-150x150.jpg",150,150,true],"medium":["https:\/\/arantv.az\/wp-content\/uploads\/2020\/11\/FotoJet-2-7-300x196.jpg",300,196,true],"large":["https:\/\/arantv.az\/wp-content\/uploads\/2020\/11\/FotoJet-2-7.jpg",620,406,false],"1536x1536":["https:\/\/arantv.az\/wp-content\/uploads\/2020\/11\/FotoJet-2-7.jpg",620,406,false],"2048x2048":["https:\/\/arantv.az\/wp-content\/uploads\/2020\/11\/FotoJet-2-7.jpg",620,406,false],"post-thumbnail":["https:\/\/arantv.az\/wp-content\/uploads\/2020\/11\/FotoJet-2-7-240x172.jpg",240,172,true],"advps-thumb-one":["https:\/\/arantv.az\/wp-content\/uploads\/2020\/11\/FotoJet-2-7.jpg",620,406,false]},"rttpg_author":{"display_name":"V\u00fcsal Rafiqo\u011flu","author_link":"https:\/\/arantv.az\/?author=2"},"rttpg_comment":0,"rttpg_category":"<a href=\"https:\/\/arantv.az\/?cat=26\" rel=\"category\">Sosial<\/a>","rttpg_excerpt":"Z\u0259ngilan rayonundan yeni g\u00f6r\u00fcnt\u00fcl\u0259r yay\u0131l\u0131b. G\u00f6r\u00fcnt\u00fcl\u0259r rayonun Mincivan q\u0259s\u0259b\u0259sind\u0259ndir. Q\u0259s\u0259b\u0259ni pay\u0131z q\u0131z\u0131l\u0131 r\u0259ng\u0259 boyay\u0131b. \u018ftrafl\u0131 videonu t\u0259qdim edirik:","_links":{"self":[{"href":"https:\/\/arantv.az\/index.php?rest_route=\/wp\/v2\/posts\/244315"}],"collection":[{"href":"https:\/\/arantv.az\/index.php?rest_route=\/wp\/v2\/posts"}],"about":[{"href":"https:\/\/arantv.az\/index.php?rest_route=\/wp\/v2\/types\/post"}],"author":[{"embeddable":true,"href":"https:\/\/arantv.az\/index.php?rest_route=\/wp\/v2\/users\/2"}],"replies":[{"embeddable":true,"href":"https:\/\/arantv.az\/index.php?rest_route=%2Fwp%2Fv2%2Fcomments&post=244315"}],"version-history":[{"count":0,"href":"https:\/\/arantv.az\/index.php?rest_route=\/wp\/v2\/posts\/244315\/revisions"}],"wp:featuredmedia":[{"embeddable":true,"href":"https:\/\/arantv.az\/index.php?rest_route=\/wp\/v2\/media\/244318"}],"wp:attachment":[{"href":"https:\/\/arantv.az\/index.php?rest_route=%2Fwp%2Fv2%2Fmedia&parent=244315"}],"wp:term":[{"taxonomy":"category","embeddable":true,"href":"https:\/\/arantv.az\/index.php?rest_route=%2Fwp%2Fv2%2Fcategories&post=244315"},{"taxonomy":"post_tag","embeddable":true,"href":"https:\/\/arantv.az\/index.php?rest_route=%2Fwp%2Fv2%2Ftags&post=244315"}],"curies":[{"name":"wp","href":"https:\/\/api.w.org\/{rel}","templated":true}]}}