{"id":24441,"date":"2018-11-22T08:01:25","date_gmt":"2018-11-22T05:01:25","guid":{"rendered":"http:\/\/arantv.az\/?p=24441"},"modified":"2018-11-22T08:01:25","modified_gmt":"2018-11-22T05:01:25","slug":"az%c9%99rbaycanli-mug%c9%99nnid%c9%99n-kreativ-v%c9%99-iddiali-fotosessiya","status":"publish","type":"post","link":"https:\/\/arantv.az\/?p=24441","title":{"rendered":"Az\u0259rbaycanl\u0131 m\u00fc\u011f\u0259nnid\u0259n kreativ v\u0259 iddial\u0131- FOTOSESS\u0130YA"},"content":{"rendered":"<p>Bu fotolar haqda h\u0259l\u0259 \u00e7ox dan\u0131\u015f\u0131lacaq. <strong>ARANTV.AZ<\/strong> x\u0259b\u0259r verir ki, g\u0259nc m\u00fc\u011f\u0259nni Zeyn\u0259b H\u0259s\u0259ni yeni fotosessiyaya imza edib. O, f\u0259rqli obrazda kamera qar\u015f\u0131s\u0131na ke\u00e7ib. Samandan haz\u0131rlanm\u0131\u015f libas\u0131 geyin\u0259n m\u00fc\u011f\u0259nni yeni layih\u0259si \u00fc\u00e7\u00fcn fotoqraf S\u0259buhi \u0130mansoyun obyektivin\u0259 poza verib. G\u0259nc m\u00fc\u011f\u0259nninin bu \u015f\u0259kill\u0259ri haqda da \u00e7ox dan\u0131\u015f\u0131lacaq kimi g\u00f6r\u00fcn\u00fcr. Zeyn\u0259bin g\u00f6r\u00fcn\u00fc\u015f\u00fc \u00fcz\u0259rind\u0259 pe\u015f\u0259kar hey\u0259t \u00e7al\u0131\u015f\u0131b. Bel\u0259 ki, Zeyn\u0259b H\u0259s\u0259ninin sa\u00e7 d\u00fcz\u00fcm\u00fc \u00fcz\u0259rind\u0259 \u201cEl Stil\u201d l\u0259q\u0259bi il\u0259 tan\u0131nan m\u0259\u015fhur stilist Elnur \u00e7al\u0131\u015f\u0131b. \u00c7\u0259kili\u015fd\u0259 &#8220;make up&#8221;\u0131n\u0131 vizajist G\u00fcnel Axundovaya h\u0259val\u0259 edib. Layih\u0259nin prod\u00fcseri Mika H\u00fcseynovdur.<\/p>\n<p><img loading=\"lazy\" class=\"alignnone size-medium wp-image-24442\" src=\"https:\/\/arantv.az\/wp-content\/uploads\/2018\/11\/46770479_1947652182208087_8397833684241088512_n-300x196.jpg\" alt=\"\" width=\"300\" height=\"196\" \/><\/p>\n<p><img loading=\"lazy\" class=\"alignnone size-medium wp-image-24443\" src=\"https:\/\/arantv.az\/wp-content\/uploads\/2018\/11\/46508793_2239280626314336_9214209308244312064_n-240x300.jpg\" alt=\"\" width=\"240\" height=\"300\" \/><\/p>\n<p><img loading=\"lazy\" class=\"alignnone size-medium wp-image-24444\" src=\"https:\/\/arantv.az\/wp-content\/uploads\/2018\/11\/46492067_2197937400429471_6254656106027548672_n-300x196.jpg\" alt=\"\" width=\"300\" height=\"196\" \/><\/p>\n","protected":false},"excerpt":{"rendered":"<p>Bu fotolar haqda h\u0259l\u0259 \u00e7ox dan\u0131\u015f\u0131lacaq. ARANTV.AZ x\u0259b\u0259r verir ki, g\u0259nc m\u00fc\u011f\u0259nni Zeyn\u0259b H\u0259s\u0259ni yeni fotosessiyaya imza edib. O, f\u0259rqli obrazda kamera qar\u015f\u0131s\u0131na ke\u00e7ib. Samandan haz\u0131rlanm\u0131\u015f libas\u0131 geyin\u0259n m\u00fc\u011f\u0259nni yeni layih\u0259si \u00fc\u00e7\u00fcn fotoqraf S\u0259buhi \u0130mansoyun obyektivin\u0259 poza verib. G\u0259nc m\u00fc\u011f\u0259nninin bu \u015f\u0259kill\u0259ri haqda da \u00e7ox dan\u0131\u015f\u0131lacaq kimi g\u00f6r\u00fcn\u00fcr. Zeyn\u0259bin g\u00f6r\u00fcn\u00fc\u015f\u00fc \u00fcz\u0259rind\u0259 pe\u015f\u0259kar hey\u0259t \u00e7al\u0131\u015f\u0131b. Bel\u0259 ki, Zeyn\u0259b H\u0259s\u0259ninin sa\u00e7 d\u00fcz\u00fcm\u00fc \u00fcz\u0259rind\u0259 \u201cEl Stil\u201d l\u0259q\u0259bi il\u0259 tan\u0131nan m\u0259\u015fhur stilist Elnur \u00e7al\u0131\u015f\u0131b. \u00c7\u0259kili\u015fd\u0259 &#8220;make up&#8221;\u0131n\u0131 vizajist G\u00fcnel Axundovaya h\u0259val\u0259 edib. Layih\u0259nin prod\u00fcseri Mika H\u00fcseynovdur.<\/p>\n","protected":false},"author":2,"featured_media":24444,"comment_status":"closed","ping_status":"closed","sticky":false,"template":"","format":"standard","meta":{"om_disable_all_campaigns":false,"_monsterinsights_skip_tracking":false,"_monsterinsights_sitenote_active":false,"_monsterinsights_sitenote_note":"","_monsterinsights_sitenote_category":0},"categories":[20],"tags":[],"aioseo_notices":[],"gutentor_comment":0,"rttpg_featured_image_url":{"full":["https:\/\/arantv.az\/wp-content\/uploads\/2018\/11\/46492067_2197937400429471_6254656106027548672_n.jpg",1080,707,false],"landscape":["https:\/\/arantv.az\/wp-content\/uploads\/2018\/11\/46492067_2197937400429471_6254656106027548672_n.jpg",1080,707,false],"portraits":["https:\/\/arantv.az\/wp-content\/uploads\/2018\/11\/46492067_2197937400429471_6254656106027548672_n.jpg",1080,707,false],"thumbnail":["https:\/\/arantv.az\/wp-content\/uploads\/2018\/11\/46492067_2197937400429471_6254656106027548672_n-150x150.jpg",150,150,true],"medium":["https:\/\/arantv.az\/wp-content\/uploads\/2018\/11\/46492067_2197937400429471_6254656106027548672_n-300x196.jpg",300,196,true],"large":["https:\/\/arantv.az\/wp-content\/uploads\/2018\/11\/46492067_2197937400429471_6254656106027548672_n-1024x670.jpg",640,419,true],"1536x1536":["https:\/\/arantv.az\/wp-content\/uploads\/2018\/11\/46492067_2197937400429471_6254656106027548672_n.jpg",1080,707,false],"2048x2048":["https:\/\/arantv.az\/wp-content\/uploads\/2018\/11\/46492067_2197937400429471_6254656106027548672_n.jpg",1080,707,false],"post-thumbnail":["https:\/\/arantv.az\/wp-content\/uploads\/2018\/11\/46492067_2197937400429471_6254656106027548672_n-240x172.jpg",240,172,true],"advps-thumb-one":["https:\/\/arantv.az\/wp-content\/uploads\/2018\/11\/46492067_2197937400429471_6254656106027548672_n-1080x620.jpg",1080,620,true]},"rttpg_author":{"display_name":"V\u00fcsal Rafiqo\u011flu","author_link":"https:\/\/arantv.az\/?author=2"},"rttpg_comment":0,"rttpg_category":"<a href=\"https:\/\/arantv.az\/?cat=20\" rel=\"category\">\u015eou biznes<\/a>","rttpg_excerpt":"Bu fotolar haqda h\u0259l\u0259 \u00e7ox dan\u0131\u015f\u0131lacaq. ARANTV.AZ x\u0259b\u0259r verir ki, g\u0259nc m\u00fc\u011f\u0259nni Zeyn\u0259b H\u0259s\u0259ni yeni fotosessiyaya imza edib. O, f\u0259rqli obrazda kamera qar\u015f\u0131s\u0131na ke\u00e7ib. Samandan haz\u0131rlanm\u0131\u015f libas\u0131 geyin\u0259n m\u00fc\u011f\u0259nni yeni layih\u0259si \u00fc\u00e7\u00fcn fotoqraf S\u0259buhi \u0130mansoyun obyektivin\u0259 poza verib. G\u0259nc m\u00fc\u011f\u0259nninin bu \u015f\u0259kill\u0259ri haqda da \u00e7ox dan\u0131\u015f\u0131lacaq kimi g\u00f6r\u00fcn\u00fcr. Zeyn\u0259bin g\u00f6r\u00fcn\u00fc\u015f\u00fc \u00fcz\u0259rind\u0259 pe\u015f\u0259kar hey\u0259t \u00e7al\u0131\u015f\u0131b. Bel\u0259&hellip;","_links":{"self":[{"href":"https:\/\/arantv.az\/index.php?rest_route=\/wp\/v2\/posts\/24441"}],"collection":[{"href":"https:\/\/arantv.az\/index.php?rest_route=\/wp\/v2\/posts"}],"about":[{"href":"https:\/\/arantv.az\/index.php?rest_route=\/wp\/v2\/types\/post"}],"author":[{"embeddable":true,"href":"https:\/\/arantv.az\/index.php?rest_route=\/wp\/v2\/users\/2"}],"replies":[{"embeddable":true,"href":"https:\/\/arantv.az\/index.php?rest_route=%2Fwp%2Fv2%2Fcomments&post=24441"}],"version-history":[{"count":0,"href":"https:\/\/arantv.az\/index.php?rest_route=\/wp\/v2\/posts\/24441\/revisions"}],"wp:featuredmedia":[{"embeddable":true,"href":"https:\/\/arantv.az\/index.php?rest_route=\/wp\/v2\/media\/24444"}],"wp:attachment":[{"href":"https:\/\/arantv.az\/index.php?rest_route=%2Fwp%2Fv2%2Fmedia&parent=24441"}],"wp:term":[{"taxonomy":"category","embeddable":true,"href":"https:\/\/arantv.az\/index.php?rest_route=%2Fwp%2Fv2%2Fcategories&post=24441"},{"taxonomy":"post_tag","embeddable":true,"href":"https:\/\/arantv.az\/index.php?rest_route=%2Fwp%2Fv2%2Ftags&post=24441"}],"curies":[{"name":"wp","href":"https:\/\/api.w.org\/{rel}","templated":true}]}}