{"id":24463,"date":"2018-11-22T08:40:46","date_gmt":"2018-11-22T05:40:46","guid":{"rendered":"http:\/\/arantv.az\/?p=24463"},"modified":"2018-11-22T08:40:46","modified_gmt":"2018-11-22T05:40:46","slug":"prezidentd%c9%99n-siqaret-c%c9%99k%c9%99n-m%c9%99mura-irad-%c9%99lind%c9%99n-aldi-v%c9%99-foto","status":"publish","type":"post","link":"https:\/\/arantv.az\/?p=24463","title":{"rendered":"Prezidentd\u0259n siqaret \u00e7\u0259k\u0259n m\u0259mura \u0130RAD &#8211; \u018flind\u0259n ald\u0131 v\u0259&#8230; &#8211; FOTO"},"content":{"rendered":"<p><strong>T\u00fcrkiy\u0259 prezidenti R\u0259c\u0259b Tayyib \u018frdo\u011fan t\u0259dbirl\u0259rin birind\u0259 fasil\u0259si zaman\u0131 siqaret \u00e7\u0259k\u0259n m\u0259mura yax\u0131nla\u015faraq ona \u00f6z irad\u0131n\u0131 bildirib.<\/strong><\/p>\n<p><b>ARANTV.AZ <\/b>publika.az-a istinad\u0259n x\u0259b\u0259r verir ki, siqaret v\u0259 spirtli i\u00e7kid\u0259n uzaq olan \u018frdo\u011fan m\u0259murdan siqaret qutusunu alaraq bir daha z\u0259r\u0259rli v\u0259rdi\u015fd\u0259n istifad\u0259 etm\u0259m\u0259sini tap\u015f\u0131r\u0131b.<\/p>\n<p>\u018frdo\u011fan 2010-cu ild\u0259 \u00dcmumd\u00fcnya S\u0259hiyy\u0259 T\u0259\u015fkilat\u0131 t\u0259r\u0259find\u0259n &#8220;Siqaret\u0259 qar\u015f\u0131 Beyn\u0259lxalq M\u00fcbariz\u0259 X\u00fcsusi Medal\u0131&#8221; il\u0259 t\u0259ltif olunub.<\/p>\n<p><img loading=\"lazy\" class=\"alignnone size-medium wp-image-24464\" src=\"https:\/\/arantv.az\/wp-content\/uploads\/2018\/11\/muhtar-300x159.jpg\" alt=\"\" width=\"300\" height=\"159\" \/><\/p>\n","protected":false},"excerpt":{"rendered":"<p>T\u00fcrkiy\u0259 prezidenti R\u0259c\u0259b Tayyib \u018frdo\u011fan t\u0259dbirl\u0259rin birind\u0259 fasil\u0259si zaman\u0131 siqaret \u00e7\u0259k\u0259n m\u0259mura yax\u0131nla\u015faraq ona \u00f6z irad\u0131n\u0131 bildirib. ARANTV.AZ publika.az-a istinad\u0259n x\u0259b\u0259r verir ki, siqaret v\u0259 spirtli i\u00e7kid\u0259n uzaq olan \u018frdo\u011fan m\u0259murdan siqaret qutusunu alaraq bir daha z\u0259r\u0259rli v\u0259rdi\u015fd\u0259n istifad\u0259 etm\u0259m\u0259sini tap\u015f\u0131r\u0131b. \u018frdo\u011fan 2010-cu ild\u0259 \u00dcmumd\u00fcnya S\u0259hiyy\u0259 T\u0259\u015fkilat\u0131 t\u0259r\u0259find\u0259n &#8220;Siqaret\u0259 qar\u015f\u0131 Beyn\u0259lxalq M\u00fcbariz\u0259 X\u00fcsusi Medal\u0131&#8221; il\u0259 t\u0259ltif olunub.<\/p>\n","protected":false},"author":2,"featured_media":24465,"comment_status":"closed","ping_status":"closed","sticky":false,"template":"","format":"standard","meta":{"om_disable_all_campaigns":false,"_monsterinsights_skip_tracking":false,"_monsterinsights_sitenote_active":false,"_monsterinsights_sitenote_note":"","_monsterinsights_sitenote_category":0},"categories":[7],"tags":[],"aioseo_notices":[],"gutentor_comment":0,"rttpg_featured_image_url":{"full":["https:\/\/arantv.az\/wp-content\/uploads\/2018\/11\/siqaret.jpg",800,450,false],"landscape":["https:\/\/arantv.az\/wp-content\/uploads\/2018\/11\/siqaret.jpg",800,450,false],"portraits":["https:\/\/arantv.az\/wp-content\/uploads\/2018\/11\/siqaret.jpg",800,450,false],"thumbnail":["https:\/\/arantv.az\/wp-content\/uploads\/2018\/11\/siqaret-150x150.jpg",150,150,true],"medium":["https:\/\/arantv.az\/wp-content\/uploads\/2018\/11\/siqaret-300x169.jpg",300,169,true],"large":["https:\/\/arantv.az\/wp-content\/uploads\/2018\/11\/siqaret.jpg",640,360,false],"1536x1536":["https:\/\/arantv.az\/wp-content\/uploads\/2018\/11\/siqaret.jpg",800,450,false],"2048x2048":["https:\/\/arantv.az\/wp-content\/uploads\/2018\/11\/siqaret.jpg",800,450,false],"post-thumbnail":["https:\/\/arantv.az\/wp-content\/uploads\/2018\/11\/siqaret-240x172.jpg",240,172,true],"advps-thumb-one":["https:\/\/arantv.az\/wp-content\/uploads\/2018\/11\/siqaret.jpg",800,450,false]},"rttpg_author":{"display_name":"V\u00fcsal Rafiqo\u011flu","author_link":"https:\/\/arantv.az\/?author=2"},"rttpg_comment":0,"rttpg_category":"<a href=\"https:\/\/arantv.az\/?cat=7\" rel=\"category\">D\u00fcnya<\/a>","rttpg_excerpt":"T\u00fcrkiy\u0259 prezidenti R\u0259c\u0259b Tayyib \u018frdo\u011fan t\u0259dbirl\u0259rin birind\u0259 fasil\u0259si zaman\u0131 siqaret \u00e7\u0259k\u0259n m\u0259mura yax\u0131nla\u015faraq ona \u00f6z irad\u0131n\u0131 bildirib. ARANTV.AZ publika.az-a istinad\u0259n x\u0259b\u0259r verir ki, siqaret v\u0259 spirtli i\u00e7kid\u0259n uzaq olan \u018frdo\u011fan m\u0259murdan siqaret qutusunu alaraq bir daha z\u0259r\u0259rli v\u0259rdi\u015fd\u0259n istifad\u0259 etm\u0259m\u0259sini tap\u015f\u0131r\u0131b. \u018frdo\u011fan 2010-cu ild\u0259 \u00dcmumd\u00fcnya S\u0259hiyy\u0259 T\u0259\u015fkilat\u0131 t\u0259r\u0259find\u0259n &#8220;Siqaret\u0259 qar\u015f\u0131 Beyn\u0259lxalq M\u00fcbariz\u0259 X\u00fcsusi Medal\u0131&#8221; il\u0259&hellip;","_links":{"self":[{"href":"https:\/\/arantv.az\/index.php?rest_route=\/wp\/v2\/posts\/24463"}],"collection":[{"href":"https:\/\/arantv.az\/index.php?rest_route=\/wp\/v2\/posts"}],"about":[{"href":"https:\/\/arantv.az\/index.php?rest_route=\/wp\/v2\/types\/post"}],"author":[{"embeddable":true,"href":"https:\/\/arantv.az\/index.php?rest_route=\/wp\/v2\/users\/2"}],"replies":[{"embeddable":true,"href":"https:\/\/arantv.az\/index.php?rest_route=%2Fwp%2Fv2%2Fcomments&post=24463"}],"version-history":[{"count":0,"href":"https:\/\/arantv.az\/index.php?rest_route=\/wp\/v2\/posts\/24463\/revisions"}],"wp:featuredmedia":[{"embeddable":true,"href":"https:\/\/arantv.az\/index.php?rest_route=\/wp\/v2\/media\/24465"}],"wp:attachment":[{"href":"https:\/\/arantv.az\/index.php?rest_route=%2Fwp%2Fv2%2Fmedia&parent=24463"}],"wp:term":[{"taxonomy":"category","embeddable":true,"href":"https:\/\/arantv.az\/index.php?rest_route=%2Fwp%2Fv2%2Fcategories&post=24463"},{"taxonomy":"post_tag","embeddable":true,"href":"https:\/\/arantv.az\/index.php?rest_route=%2Fwp%2Fv2%2Ftags&post=24463"}],"curies":[{"name":"wp","href":"https:\/\/api.w.org\/{rel}","templated":true}]}}