{"id":24482,"date":"2018-11-22T08:53:08","date_gmt":"2018-11-22T05:53:08","guid":{"rendered":"http:\/\/arantv.az\/?p=24482"},"modified":"2018-11-22T08:53:08","modified_gmt":"2018-11-22T05:53:08","slug":"b%c9%99l%c9%99diyy%c9%99l%c9%99r-t%c9%99r%c9%99find%c9%99n-qanunsuz-ayrilmis-50-min-hektardan-artiq-torpaq-sah%c9%99si-geri-qaytarilib","status":"publish","type":"post","link":"https:\/\/arantv.az\/?p=24482","title":{"rendered":"&#8220;B\u0259l\u0259diyy\u0259l\u0259r t\u0259r\u0259find\u0259n qanunsuz ayr\u0131lm\u0131\u015f 50 min hektardan art\u0131q torpaq sah\u0259si geri qaytar\u0131l\u0131b&#8221;"},"content":{"rendered":"<p>&#8220;B\u0259l\u0259diyy\u0259l\u0259r t\u0259r\u0259find\u0259n qanunsuz ayr\u0131lm\u0131\u015f 50 min hektardan art\u0131q torpaq sah\u0259si geri qaytar\u0131l\u0131b&#8221;.<\/p>\n<p><strong>ARANTV.AZ\u00a0<\/strong> x\u0259b\u0259r verir ki,\u00a0bunu Az\u0259rbaycan\u0131n \u0259dliyy\u0259 naziri Fikr\u0259t M\u0259mm\u0259dov &#8220;Az\u0259rbaycan&#8221; q\u0259zetind\u0259 d\u0259rc olunan m\u0259qal\u0259sind\u0259 bildirib.<\/p>\n<div id=\"AdributorNativeVideo0\" class=\"AdributorNativeVideo\"><\/div>\n<p>&#8220;\u00d6t\u0259n d\u00f6vrd\u0259 yerli \u00f6z\u00fcn\u00fcidar\u0259 orqanlar\u0131n\u0131n f\u0259aliyy\u0259tin\u0259 inzibati n\u0259zar\u0259t qaydas\u0131nda yar\u0131m milyona yax\u0131n b\u0259l\u0259diyy\u0259 akt\u0131na bax\u0131lm\u0131\u015f, 14 min b\u0259l\u0259diyy\u0259 akt\u0131 l\u0259\u011fv edilmi\u015f v\u0259 ya d\u0259yi\u015fdirilmi\u015f, qanunsuz ayr\u0131lm\u0131\u015f 50 min hektardan art\u0131q torpaq sah\u0259si geri qaytar\u0131lm\u0131\u015f, b\u0259l\u0259diyy\u0259l\u0259r\u0259 32 min t\u00f6vsiy\u0259 g\u00f6nd\u0259rilib&#8221;, &#8211; dey\u0259 o s\u00f6yl\u0259yib.milli.az<\/p>\n","protected":false},"excerpt":{"rendered":"<p>&#8220;B\u0259l\u0259diyy\u0259l\u0259r t\u0259r\u0259find\u0259n qanunsuz ayr\u0131lm\u0131\u015f 50 min hektardan art\u0131q torpaq sah\u0259si geri qaytar\u0131l\u0131b&#8221;. ARANTV.AZ\u00a0 x\u0259b\u0259r verir ki,\u00a0bunu Az\u0259rbaycan\u0131n \u0259dliyy\u0259 naziri Fikr\u0259t M\u0259mm\u0259dov &#8220;Az\u0259rbaycan&#8221; q\u0259zetind\u0259 d\u0259rc olunan m\u0259qal\u0259sind\u0259 bildirib. &#8220;\u00d6t\u0259n d\u00f6vrd\u0259 yerli \u00f6z\u00fcn\u00fcidar\u0259 orqanlar\u0131n\u0131n f\u0259aliyy\u0259tin\u0259 inzibati n\u0259zar\u0259t qaydas\u0131nda yar\u0131m milyona yax\u0131n b\u0259l\u0259diyy\u0259 akt\u0131na bax\u0131lm\u0131\u015f, 14 min b\u0259l\u0259diyy\u0259 akt\u0131 l\u0259\u011fv edilmi\u015f v\u0259 ya d\u0259yi\u015fdirilmi\u015f, qanunsuz ayr\u0131lm\u0131\u015f 50 min hektardan art\u0131q torpaq sah\u0259si geri qaytar\u0131lm\u0131\u015f, b\u0259l\u0259diyy\u0259l\u0259r\u0259 32 min t\u00f6vsiy\u0259 g\u00f6nd\u0259rilib&#8221;, &#8211; dey\u0259 o s\u00f6yl\u0259yib.milli.az<\/p>\n","protected":false},"author":2,"featured_media":24483,"comment_status":"closed","ping_status":"closed","sticky":false,"template":"","format":"standard","meta":{"om_disable_all_campaigns":false,"_monsterinsights_skip_tracking":false,"_monsterinsights_sitenote_active":false,"_monsterinsights_sitenote_note":"","_monsterinsights_sitenote_category":0},"categories":[1],"tags":[],"aioseo_notices":[],"gutentor_comment":0,"rttpg_featured_image_url":{"full":["https:\/\/arantv.az\/wp-content\/uploads\/2018\/11\/torpaq_sahesi_544.jpg",482,361,false],"landscape":["https:\/\/arantv.az\/wp-content\/uploads\/2018\/11\/torpaq_sahesi_544.jpg",482,361,false],"portraits":["https:\/\/arantv.az\/wp-content\/uploads\/2018\/11\/torpaq_sahesi_544.jpg",482,361,false],"thumbnail":["https:\/\/arantv.az\/wp-content\/uploads\/2018\/11\/torpaq_sahesi_544-150x150.jpg",150,150,true],"medium":["https:\/\/arantv.az\/wp-content\/uploads\/2018\/11\/torpaq_sahesi_544-300x225.jpg",300,225,true],"large":["https:\/\/arantv.az\/wp-content\/uploads\/2018\/11\/torpaq_sahesi_544.jpg",482,361,false],"1536x1536":["https:\/\/arantv.az\/wp-content\/uploads\/2018\/11\/torpaq_sahesi_544.jpg",482,361,false],"2048x2048":["https:\/\/arantv.az\/wp-content\/uploads\/2018\/11\/torpaq_sahesi_544.jpg",482,361,false],"post-thumbnail":["https:\/\/arantv.az\/wp-content\/uploads\/2018\/11\/torpaq_sahesi_544-240x172.jpg",240,172,true],"advps-thumb-one":["https:\/\/arantv.az\/wp-content\/uploads\/2018\/11\/torpaq_sahesi_544.jpg",482,361,false]},"rttpg_author":{"display_name":"V\u00fcsal Rafiqo\u011flu","author_link":"https:\/\/arantv.az\/?author=2"},"rttpg_comment":0,"rttpg_category":"<a href=\"https:\/\/arantv.az\/?cat=1\" rel=\"category\">C\u0259miyy\u0259t<\/a>","rttpg_excerpt":"&#8220;B\u0259l\u0259diyy\u0259l\u0259r t\u0259r\u0259find\u0259n qanunsuz ayr\u0131lm\u0131\u015f 50 min hektardan art\u0131q torpaq sah\u0259si geri qaytar\u0131l\u0131b&#8221;. ARANTV.AZ\u00a0 x\u0259b\u0259r verir ki,\u00a0bunu Az\u0259rbaycan\u0131n \u0259dliyy\u0259 naziri Fikr\u0259t M\u0259mm\u0259dov &#8220;Az\u0259rbaycan&#8221; q\u0259zetind\u0259 d\u0259rc olunan m\u0259qal\u0259sind\u0259 bildirib. &#8220;\u00d6t\u0259n d\u00f6vrd\u0259 yerli \u00f6z\u00fcn\u00fcidar\u0259 orqanlar\u0131n\u0131n f\u0259aliyy\u0259tin\u0259 inzibati n\u0259zar\u0259t qaydas\u0131nda yar\u0131m milyona yax\u0131n b\u0259l\u0259diyy\u0259 akt\u0131na bax\u0131lm\u0131\u015f, 14 min b\u0259l\u0259diyy\u0259 akt\u0131 l\u0259\u011fv edilmi\u015f v\u0259 ya d\u0259yi\u015fdirilmi\u015f, qanunsuz ayr\u0131lm\u0131\u015f 50 min&hellip;","_links":{"self":[{"href":"https:\/\/arantv.az\/index.php?rest_route=\/wp\/v2\/posts\/24482"}],"collection":[{"href":"https:\/\/arantv.az\/index.php?rest_route=\/wp\/v2\/posts"}],"about":[{"href":"https:\/\/arantv.az\/index.php?rest_route=\/wp\/v2\/types\/post"}],"author":[{"embeddable":true,"href":"https:\/\/arantv.az\/index.php?rest_route=\/wp\/v2\/users\/2"}],"replies":[{"embeddable":true,"href":"https:\/\/arantv.az\/index.php?rest_route=%2Fwp%2Fv2%2Fcomments&post=24482"}],"version-history":[{"count":0,"href":"https:\/\/arantv.az\/index.php?rest_route=\/wp\/v2\/posts\/24482\/revisions"}],"wp:featuredmedia":[{"embeddable":true,"href":"https:\/\/arantv.az\/index.php?rest_route=\/wp\/v2\/media\/24483"}],"wp:attachment":[{"href":"https:\/\/arantv.az\/index.php?rest_route=%2Fwp%2Fv2%2Fmedia&parent=24482"}],"wp:term":[{"taxonomy":"category","embeddable":true,"href":"https:\/\/arantv.az\/index.php?rest_route=%2Fwp%2Fv2%2Fcategories&post=24482"},{"taxonomy":"post_tag","embeddable":true,"href":"https:\/\/arantv.az\/index.php?rest_route=%2Fwp%2Fv2%2Ftags&post=24482"}],"curies":[{"name":"wp","href":"https:\/\/api.w.org\/{rel}","templated":true}]}}