{"id":24492,"date":"2018-11-22T08:55:49","date_gmt":"2018-11-22T05:55:49","guid":{"rendered":"http:\/\/arantv.az\/?p=24492"},"modified":"2018-11-22T08:55:49","modified_gmt":"2018-11-22T05:55:49","slug":"az%c9%99rbaycanda-turizm-polisinin-yaradilmasi-t%c9%99klif-edilir","status":"publish","type":"post","link":"https:\/\/arantv.az\/?p=24492","title":{"rendered":"Az\u0259rbaycanda turizm polisinin yarad\u0131lmas\u0131 t\u0259klif edilir"},"content":{"rendered":"<p>Az\u0259rbaycan Turizm Assosiasiyas\u0131 (AzTA) turizm polisinin yarad\u0131lmas\u0131n\u0131 t\u0259klif edir.<\/p>\n<p><strong>ARANTV.AZ\u00a0<\/strong> bildirir ki, bu t\u0259\u015f\u0259bb\u00fcsl\u0259 \u00e7\u0131x\u0131\u015f ed\u0259n AzTA s\u0259dri Nahid Ba\u011f\u0131rov\u00a0<a href=\"http:\/\/az.trend.az\/\" target=\"_blank\" rel=\"noopener\">Trend<\/a>-\u0259 deyib ki, Az\u0259rbaycana qon\u015fu olan T\u00fcrkiy\u0259d\u0259, el\u0259c\u0259 d\u0259 bir \u00e7ox \u00f6lk\u0259l\u0259rd\u0259 turizm polisi f\u0259aliyy\u0259t g\u00f6st\u0259rir.<\/p>\n<p>N.Ba\u011f\u0131rov hesab edir ki, turizm polisi turistl\u0259rl\u0259 ba\u011fl\u0131 probleml\u0259ri aradan qald\u0131ra bil\u0259r:<\/p>\n<p>&#8220;Sosial \u015f\u0259b\u0259k\u0259l\u0259rd\u0259 yaz\u0131rlar ki, hans\u0131sa turist \u00f6z\u00fcn\u00fc yax\u015f\u0131 aparm\u0131r, yaxud hans\u0131sa turistin ba\u015f\u0131na bir i\u015f g\u0259lir. M\u0259nc\u0259, turizm polisi bunlar\u0131n ham\u0131s\u0131na n\u0259zar\u0259t ed\u0259 bil\u0259r. Hesab edir\u0259m ki, d\u00f6vl\u0259t t\u0259r\u0259find\u0259n bir mexanizm t\u0259tbiq olunsa, daha yax\u015f\u0131 olar&#8221;.<\/p>\n<p>Xat\u0131rladaq ki, 2018-ci ilin yanvar-iyun aylar\u0131 \u0259rzind\u0259 Az\u0259rbaycana d\u00fcnyan\u0131n 189 \u00f6lk\u0259sind\u0259n 1325,0 min v\u0259 ya \u00f6t\u0259n ilin m\u00fcvafiq d\u00f6vr\u00fc il\u0259 m\u00fcqayis\u0259d\u0259 10,2 faiz \u00e7ox \u0259cn\u0259bi v\u0259 v\u0259t\u0259nda\u015fl\u0131\u011f\u0131 olmayan \u015f\u0259xs g\u0259lib. G\u0259l\u0259nl\u0259rin 30,5 faizi Rusiya, 21,1 faizi G\u00fcrc\u00fcstan, 11,1 faizi \u0130ran, 10,8 faizi T\u00fcrkiy\u0259, 3,6 faizi Birl\u0259\u015fmi\u015f \u018fr\u0259b \u018fmirlikl\u0259ri, 2,1 faizi \u0130raq, 2,0 faizi Ukrayna, 18,7 faizi dig\u0259r \u00f6lk\u0259l\u0259rin v\u0259t\u0259nda\u015flar\u0131, 0,1 faizi is\u0259 v\u0259t\u0259nda\u015fl\u0131\u011f\u0131 olmayan \u015f\u0259xsl\u0259r olub.<\/p>\n<div id=\"AdributorNativeVideo0\" class=\"AdributorNativeVideo\"><\/div>\n<p>D\u00f6vl\u0259t Turizm Agentliyinin (DTA) s\u0259dri Fuad Na\u011f\u0131yev xidm\u0259t s\u0259viyy\u0259si turizmin inki\u015faf\u0131nda \u0259n \u00f6n\u0259mli faktorlardan biri oldu\u011funu, bu s\u0259b\u0259bd\u0259n turistl\u0259r\u0259 g\u00f6st\u0259ril\u0259n xidm\u0259tl\u0259rin s\u0259viyy\u0259sinin art\u0131r\u0131lmas\u0131n\u0131n, turistl\u0259rin \u00f6lk\u0259d\u0259n m\u0259mnun ayr\u0131lmas\u0131n\u0131n turizm sah\u0259sind\u0259 \u00e7al\u0131\u015fan h\u0259r k\u0259sin mara\u011f\u0131nda olmas\u0131n\u0131n vacibliyini qeyd edib.<\/p>\n<p>O, DTA t\u0259r\u0259find\u0259n d\u0259 bu istiqam\u0259td\u0259 add\u0131mlar at\u0131laca\u011f\u0131n\u0131 s\u00f6yl\u0259yib.<\/p>\n<p>Az\u0259rbaycanda turistl\u0259r \u00fc\u00e7\u00fcn &#8220;Qaynar x\u0259tt&#8221; xidm\u0259tinin f\u0259aliyy\u0259t g\u00f6st\u0259rm\u0259si d\u0259 n\u0259z\u0259rd\u0259 tutulan t\u0259dbirl\u0259rd\u0259n biridir.<\/p>\n","protected":false},"excerpt":{"rendered":"<p>Az\u0259rbaycan Turizm Assosiasiyas\u0131 (AzTA) turizm polisinin yarad\u0131lmas\u0131n\u0131 t\u0259klif edir. ARANTV.AZ\u00a0 bildirir ki, bu t\u0259\u015f\u0259bb\u00fcsl\u0259 \u00e7\u0131x\u0131\u015f ed\u0259n AzTA s\u0259dri Nahid Ba\u011f\u0131rov\u00a0Trend-\u0259 deyib ki, Az\u0259rbaycana qon\u015fu olan T\u00fcrkiy\u0259d\u0259, el\u0259c\u0259 d\u0259 bir \u00e7ox \u00f6lk\u0259l\u0259rd\u0259 turizm polisi f\u0259aliyy\u0259t g\u00f6st\u0259rir. N.Ba\u011f\u0131rov hesab edir ki, turizm polisi turistl\u0259rl\u0259 ba\u011fl\u0131 probleml\u0259ri aradan qald\u0131ra bil\u0259r: &#8220;Sosial \u015f\u0259b\u0259k\u0259l\u0259rd\u0259 yaz\u0131rlar ki, hans\u0131sa turist \u00f6z\u00fcn\u00fc yax\u015f\u0131 aparm\u0131r, yaxud hans\u0131sa turistin ba\u015f\u0131na bir i\u015f g\u0259lir. M\u0259nc\u0259, turizm polisi bunlar\u0131n ham\u0131s\u0131na n\u0259zar\u0259t ed\u0259 bil\u0259r. Hesab edir\u0259m ki, d\u00f6vl\u0259t t\u0259r\u0259find\u0259n bir mexanizm t\u0259tbiq olunsa, daha yax\u015f\u0131 olar&#8221;. Xat\u0131rladaq ki, 2018-ci ilin yanvar-iyun aylar\u0131 \u0259rzind\u0259&hellip;<\/p>\n","protected":false},"author":2,"featured_media":24493,"comment_status":"closed","ping_status":"closed","sticky":false,"template":"","format":"standard","meta":{"om_disable_all_campaigns":false,"_monsterinsights_skip_tracking":false,"_monsterinsights_sitenote_active":false,"_monsterinsights_sitenote_note":"","_monsterinsights_sitenote_category":0},"categories":[1],"tags":[],"aioseo_notices":[],"gutentor_comment":0,"rttpg_featured_image_url":{"full":["https:\/\/arantv.az\/wp-content\/uploads\/2018\/11\/turist_274655.jpg",800,600,false],"landscape":["https:\/\/arantv.az\/wp-content\/uploads\/2018\/11\/turist_274655.jpg",800,600,false],"portraits":["https:\/\/arantv.az\/wp-content\/uploads\/2018\/11\/turist_274655.jpg",800,600,false],"thumbnail":["https:\/\/arantv.az\/wp-content\/uploads\/2018\/11\/turist_274655-150x150.jpg",150,150,true],"medium":["https:\/\/arantv.az\/wp-content\/uploads\/2018\/11\/turist_274655-300x225.jpg",300,225,true],"large":["https:\/\/arantv.az\/wp-content\/uploads\/2018\/11\/turist_274655.jpg",640,480,false],"1536x1536":["https:\/\/arantv.az\/wp-content\/uploads\/2018\/11\/turist_274655.jpg",800,600,false],"2048x2048":["https:\/\/arantv.az\/wp-content\/uploads\/2018\/11\/turist_274655.jpg",800,600,false],"post-thumbnail":["https:\/\/arantv.az\/wp-content\/uploads\/2018\/11\/turist_274655-240x172.jpg",240,172,true],"advps-thumb-one":["https:\/\/arantv.az\/wp-content\/uploads\/2018\/11\/turist_274655.jpg",800,600,false]},"rttpg_author":{"display_name":"V\u00fcsal Rafiqo\u011flu","author_link":"https:\/\/arantv.az\/?author=2"},"rttpg_comment":0,"rttpg_category":"<a href=\"https:\/\/arantv.az\/?cat=1\" rel=\"category\">C\u0259miyy\u0259t<\/a>","rttpg_excerpt":"Az\u0259rbaycan Turizm Assosiasiyas\u0131 (AzTA) turizm polisinin yarad\u0131lmas\u0131n\u0131 t\u0259klif edir. ARANTV.AZ\u00a0 bildirir ki, bu t\u0259\u015f\u0259bb\u00fcsl\u0259 \u00e7\u0131x\u0131\u015f ed\u0259n AzTA s\u0259dri Nahid Ba\u011f\u0131rov\u00a0Trend-\u0259 deyib ki, Az\u0259rbaycana qon\u015fu olan T\u00fcrkiy\u0259d\u0259, el\u0259c\u0259 d\u0259 bir \u00e7ox \u00f6lk\u0259l\u0259rd\u0259 turizm polisi f\u0259aliyy\u0259t g\u00f6st\u0259rir. N.Ba\u011f\u0131rov hesab edir ki, turizm polisi turistl\u0259rl\u0259 ba\u011fl\u0131 probleml\u0259ri aradan qald\u0131ra bil\u0259r: &#8220;Sosial \u015f\u0259b\u0259k\u0259l\u0259rd\u0259 yaz\u0131rlar ki, hans\u0131sa turist \u00f6z\u00fcn\u00fc yax\u015f\u0131&hellip;","_links":{"self":[{"href":"https:\/\/arantv.az\/index.php?rest_route=\/wp\/v2\/posts\/24492"}],"collection":[{"href":"https:\/\/arantv.az\/index.php?rest_route=\/wp\/v2\/posts"}],"about":[{"href":"https:\/\/arantv.az\/index.php?rest_route=\/wp\/v2\/types\/post"}],"author":[{"embeddable":true,"href":"https:\/\/arantv.az\/index.php?rest_route=\/wp\/v2\/users\/2"}],"replies":[{"embeddable":true,"href":"https:\/\/arantv.az\/index.php?rest_route=%2Fwp%2Fv2%2Fcomments&post=24492"}],"version-history":[{"count":0,"href":"https:\/\/arantv.az\/index.php?rest_route=\/wp\/v2\/posts\/24492\/revisions"}],"wp:featuredmedia":[{"embeddable":true,"href":"https:\/\/arantv.az\/index.php?rest_route=\/wp\/v2\/media\/24493"}],"wp:attachment":[{"href":"https:\/\/arantv.az\/index.php?rest_route=%2Fwp%2Fv2%2Fmedia&parent=24492"}],"wp:term":[{"taxonomy":"category","embeddable":true,"href":"https:\/\/arantv.az\/index.php?rest_route=%2Fwp%2Fv2%2Fcategories&post=24492"},{"taxonomy":"post_tag","embeddable":true,"href":"https:\/\/arantv.az\/index.php?rest_route=%2Fwp%2Fv2%2Ftags&post=24492"}],"curies":[{"name":"wp","href":"https:\/\/api.w.org\/{rel}","templated":true}]}}