{"id":24495,"date":"2018-11-22T09:05:07","date_gmt":"2018-11-22T06:05:07","guid":{"rendered":"http:\/\/arantv.az\/?p=24495"},"modified":"2018-11-22T09:05:07","modified_gmt":"2018-11-22T06:05:07","slug":"asqabaddaki-turkm%c9%99n-milli-xalca-muzeyi-il%c9%99-tanisliq","status":"publish","type":"post","link":"https:\/\/arantv.az\/?p=24495","title":{"rendered":"A\u015fqabaddak\u0131 T\u00fcrkm\u0259n milli xal\u00e7a muzeyi il\u0259 tan\u0131\u015fl\u0131q"},"content":{"rendered":"<p><strong>ARANTV.AZ<\/strong> x\u0259b\u0259r verir ki, Az\u0259rbaycan Respublikas\u0131n\u0131n Prezidenti \u0130lham \u018fliyev noyabr\u0131n 21-d\u0259 A\u015fqabadda T\u00fcrkm\u0259n milli xal\u00e7a muzeyi il\u0259 tan\u0131\u015f olub.<\/p>\n<p>Bu muzey T\u00fcrkm\u0259nistan Prezidentinin S\u0259r\u0259ncam\u0131 il\u0259 1993-c\u00fc ild\u0259 yarad\u0131l\u0131b. M\u0259qs\u0259d T\u00fcrkm\u0259nistan\u0131n xal\u00e7a\u00e7\u0131l\u0131q s\u0259n\u0259tini qorumaq v\u0259 inki\u015faf etdirm\u0259kdir. Muzeyin yarad\u0131ld\u0131\u011f\u0131 g\u00fcn h\u0259r il \u00f6lk\u0259d\u0259 T\u00fcrkm\u0259n Xal\u00e7as\u0131 G\u00fcn\u00fc kimi qeyd olunur.<\/p>\n<p>Burada muzeyl\u0259 yana\u015f\u0131, \u201cT\u00fcrkm\u0259nxal\u0131\u201d D\u00f6vl\u0259t Birliyinin inzibati binas\u0131 da var. Muzey binas\u0131n\u0131n \u00fcmumi sah\u0259si 5 min kvadratmetrd\u0259n \u00e7oxdur.<\/p>\n<p>Bu muzeyd\u0259 2 mind\u0259n \u00e7ox xal\u00e7a n\u00fcmun\u0259si toplan\u0131l\u0131b. Onlar\u0131n s\u0131ras\u0131nda nadir eksponatlar da var. Burada miniat\u00fcr xal\u00e7a n\u00fcmun\u0259l\u0259ri il\u0259 b\u0259rab\u0259r, \u0259l il\u0259 toxunan \u0259n b\u00f6y\u00fck xal\u00e7a kimi Ginnesin rekordlar kitab\u0131na d\u00fc\u015fm\u00fc\u015f \u00fcmumi sah\u0259si 301 kvadratmetr olan \u201cAlt\u0131n as\u0131r\u201d xal\u00e7as\u0131 da n\u00fcmayi\u015f etdirilir. Bu b\u00f6y\u00fck xal\u00e7a T\u00fcrkm\u0259nistan\u0131n m\u00fcst\u0259qilliyini b\u0259rpa etm\u0259sinin 10 illiyi m\u00fcnasib\u0259til\u0259 toxunulub. Muzeyd\u0259 k\u00f6hn\u0259 xal\u00e7alar\u0131n b\u0259rpas\u0131 da h\u0259yata ke\u00e7irilir.<\/p>\n<p>Burada, h\u0259m\u00e7inin m\u00fcxt\u0259lif s\u0259pkili m\u0259d\u0259ni t\u0259dbirl\u0259r, s\u0259rgil\u0259r, beyn\u0259lxalq forumlar v\u0259 konfranslar da t\u0259\u015fkil olunur. Bu muzey T\u00fcrkm\u0259nistan\u0131n m\u00fch\u00fcm m\u0259d\u0259niyy\u0259t m\u0259rk\u0259zl\u0259rind\u0259n biri hesab edilir.<\/p>\n<p>D\u00f6vl\u0259timizin ba\u015f\u00e7\u0131s\u0131 muzeyin xatir\u0259 kitab\u0131na \u00fcr\u0259k s\u00f6zl\u0259rini yazd\u0131.<\/p>\n","protected":false},"excerpt":{"rendered":"<p>ARANTV.AZ x\u0259b\u0259r verir ki, Az\u0259rbaycan Respublikas\u0131n\u0131n Prezidenti \u0130lham \u018fliyev noyabr\u0131n 21-d\u0259 A\u015fqabadda T\u00fcrkm\u0259n milli xal\u00e7a muzeyi il\u0259 tan\u0131\u015f olub. Bu muzey T\u00fcrkm\u0259nistan Prezidentinin S\u0259r\u0259ncam\u0131 il\u0259 1993-c\u00fc ild\u0259 yarad\u0131l\u0131b. M\u0259qs\u0259d T\u00fcrkm\u0259nistan\u0131n xal\u00e7a\u00e7\u0131l\u0131q s\u0259n\u0259tini qorumaq v\u0259 inki\u015faf etdirm\u0259kdir. Muzeyin yarad\u0131ld\u0131\u011f\u0131 g\u00fcn h\u0259r il \u00f6lk\u0259d\u0259 T\u00fcrkm\u0259n Xal\u00e7as\u0131 G\u00fcn\u00fc kimi qeyd olunur. Burada muzeyl\u0259 yana\u015f\u0131, \u201cT\u00fcrkm\u0259nxal\u0131\u201d D\u00f6vl\u0259t Birliyinin inzibati binas\u0131 da var. Muzey binas\u0131n\u0131n \u00fcmumi sah\u0259si 5 min kvadratmetrd\u0259n \u00e7oxdur. Bu muzeyd\u0259 2 mind\u0259n \u00e7ox xal\u00e7a n\u00fcmun\u0259si toplan\u0131l\u0131b. Onlar\u0131n s\u0131ras\u0131nda nadir eksponatlar da var. Burada miniat\u00fcr xal\u00e7a n\u00fcmun\u0259l\u0259ri il\u0259 b\u0259rab\u0259r, \u0259l il\u0259 toxunan \u0259n&hellip;<\/p>\n","protected":false},"author":2,"featured_media":24496,"comment_status":"closed","ping_status":"closed","sticky":false,"template":"","format":"standard","meta":{"om_disable_all_campaigns":false,"_monsterinsights_skip_tracking":false,"_monsterinsights_sitenote_active":false,"_monsterinsights_sitenote_note":"","_monsterinsights_sitenote_category":0},"categories":[8],"tags":[],"aioseo_notices":[],"gutentor_comment":0,"rttpg_featured_image_url":{"full":["https:\/\/arantv.az\/wp-content\/uploads\/2018\/11\/roeppd09grq1urdu70b9kdnco0il-04.jpg",1000,665,false],"landscape":["https:\/\/arantv.az\/wp-content\/uploads\/2018\/11\/roeppd09grq1urdu70b9kdnco0il-04.jpg",1000,665,false],"portraits":["https:\/\/arantv.az\/wp-content\/uploads\/2018\/11\/roeppd09grq1urdu70b9kdnco0il-04.jpg",1000,665,false],"thumbnail":["https:\/\/arantv.az\/wp-content\/uploads\/2018\/11\/roeppd09grq1urdu70b9kdnco0il-04-150x150.jpg",150,150,true],"medium":["https:\/\/arantv.az\/wp-content\/uploads\/2018\/11\/roeppd09grq1urdu70b9kdnco0il-04-300x200.jpg",300,200,true],"large":["https:\/\/arantv.az\/wp-content\/uploads\/2018\/11\/roeppd09grq1urdu70b9kdnco0il-04.jpg",640,426,false],"1536x1536":["https:\/\/arantv.az\/wp-content\/uploads\/2018\/11\/roeppd09grq1urdu70b9kdnco0il-04.jpg",1000,665,false],"2048x2048":["https:\/\/arantv.az\/wp-content\/uploads\/2018\/11\/roeppd09grq1urdu70b9kdnco0il-04.jpg",1000,665,false],"post-thumbnail":["https:\/\/arantv.az\/wp-content\/uploads\/2018\/11\/roeppd09grq1urdu70b9kdnco0il-04-240x172.jpg",240,172,true],"advps-thumb-one":["https:\/\/arantv.az\/wp-content\/uploads\/2018\/11\/roeppd09grq1urdu70b9kdnco0il-04-1000x620.jpg",1000,620,true]},"rttpg_author":{"display_name":"V\u00fcsal Rafiqo\u011flu","author_link":"https:\/\/arantv.az\/?author=2"},"rttpg_comment":0,"rttpg_category":"<a href=\"https:\/\/arantv.az\/?cat=8\" rel=\"category\">\u018fsas s\u0259hif\u0259<\/a>","rttpg_excerpt":"ARANTV.AZ x\u0259b\u0259r verir ki, Az\u0259rbaycan Respublikas\u0131n\u0131n Prezidenti \u0130lham \u018fliyev noyabr\u0131n 21-d\u0259 A\u015fqabadda T\u00fcrkm\u0259n milli xal\u00e7a muzeyi il\u0259 tan\u0131\u015f olub. Bu muzey T\u00fcrkm\u0259nistan Prezidentinin S\u0259r\u0259ncam\u0131 il\u0259 1993-c\u00fc ild\u0259 yarad\u0131l\u0131b. M\u0259qs\u0259d T\u00fcrkm\u0259nistan\u0131n xal\u00e7a\u00e7\u0131l\u0131q s\u0259n\u0259tini qorumaq v\u0259 inki\u015faf etdirm\u0259kdir. Muzeyin yarad\u0131ld\u0131\u011f\u0131 g\u00fcn h\u0259r il \u00f6lk\u0259d\u0259 T\u00fcrkm\u0259n Xal\u00e7as\u0131 G\u00fcn\u00fc kimi qeyd olunur. Burada muzeyl\u0259 yana\u015f\u0131, \u201cT\u00fcrkm\u0259nxal\u0131\u201d D\u00f6vl\u0259t Birliyinin inzibati&hellip;","_links":{"self":[{"href":"https:\/\/arantv.az\/index.php?rest_route=\/wp\/v2\/posts\/24495"}],"collection":[{"href":"https:\/\/arantv.az\/index.php?rest_route=\/wp\/v2\/posts"}],"about":[{"href":"https:\/\/arantv.az\/index.php?rest_route=\/wp\/v2\/types\/post"}],"author":[{"embeddable":true,"href":"https:\/\/arantv.az\/index.php?rest_route=\/wp\/v2\/users\/2"}],"replies":[{"embeddable":true,"href":"https:\/\/arantv.az\/index.php?rest_route=%2Fwp%2Fv2%2Fcomments&post=24495"}],"version-history":[{"count":0,"href":"https:\/\/arantv.az\/index.php?rest_route=\/wp\/v2\/posts\/24495\/revisions"}],"wp:featuredmedia":[{"embeddable":true,"href":"https:\/\/arantv.az\/index.php?rest_route=\/wp\/v2\/media\/24496"}],"wp:attachment":[{"href":"https:\/\/arantv.az\/index.php?rest_route=%2Fwp%2Fv2%2Fmedia&parent=24495"}],"wp:term":[{"taxonomy":"category","embeddable":true,"href":"https:\/\/arantv.az\/index.php?rest_route=%2Fwp%2Fv2%2Fcategories&post=24495"},{"taxonomy":"post_tag","embeddable":true,"href":"https:\/\/arantv.az\/index.php?rest_route=%2Fwp%2Fv2%2Ftags&post=24495"}],"curies":[{"name":"wp","href":"https:\/\/api.w.org\/{rel}","templated":true}]}}