{"id":24510,"date":"2018-11-22T09:39:25","date_gmt":"2018-11-22T06:39:25","guid":{"rendered":"http:\/\/arantv.az\/?p=24510"},"modified":"2018-11-22T09:39:25","modified_gmt":"2018-11-22T06:39:25","slug":"kosovo-az%c9%99rbaycan-uz%c9%99rind%c9%99ki-q%c9%99l%c9%99b%c9%99y%c9%99-gor%c9%99-yarim-milyon-qazanacaq","status":"publish","type":"post","link":"https:\/\/arantv.az\/?p=24510","title":{"rendered":"Kosovo Az\u0259rbaycan \u00fcz\u0259rind\u0259ki q\u0259l\u0259b\u0259y\u0259 g\u00f6r\u0259 yar\u0131m milyon qazanacaq"},"content":{"rendered":"<p>Tan\u0131nmam\u0131\u015f Kosovo h\u00f6kum\u0259ti milli komandan\u0131n Mill\u0259tl\u0259r Liqas\u0131 turnirind\u0259 u\u011furuna g\u00f6r\u0259 500 min avro m\u00fckafat ay\u0131r\u0131b.<\/p>\n<p><strong>ARANTV.AZ\u00a0<\/strong>x\u0259b\u0259r verir ki, bununla ba\u011fl\u0131 \u201cTerrikon\u201d portal\u0131 m\u0259lumat yay\u0131b.<\/p>\n<p>Kosovo y\u0131\u011fmas\u0131 Pri\u015ftinada ke\u00e7iril\u0259n son g\u00f6r\u00fc\u015f\u00fcnd\u0259 Az\u0259rbaycan \u00fcz\u0259rind\u0259 4:0 hesabl\u0131 q\u0259l\u0259b\u0259d\u0259n sonra qrup qalibi olub.<\/p>\n<div id=\"AdributorNativeVideo0\" class=\"AdributorNativeVideo\"><\/div>\n<p>Kosovo D liqas\u0131nda \u00e7\u0131x\u0131\u015f etdiyi qrupun qalibi olmaqla n\u0259inki \u00fc\u00e7\u00fcnc\u00fc diviziona v\u0259siq\u0259 qazan\u0131b, h\u0259m\u00e7inin Avro-2020-nin \u201cpley-off\u201dunda i\u015ftirak\u0131 t\u0259min edib.<\/p>\n<p>Kosovo 2008-ci ild\u0259 Serbiyadan ayr\u0131l\u0131b, 2016-c\u0131 ild\u0259n is\u0259 r\u0259smi olaraq FIFA v\u0259 UEFA-n\u0131n \u00fczv\u00fcd\u00fcr.oxu.az<\/p>\n","protected":false},"excerpt":{"rendered":"<p>Tan\u0131nmam\u0131\u015f Kosovo h\u00f6kum\u0259ti milli komandan\u0131n Mill\u0259tl\u0259r Liqas\u0131 turnirind\u0259 u\u011furuna g\u00f6r\u0259 500 min avro m\u00fckafat ay\u0131r\u0131b. ARANTV.AZ\u00a0x\u0259b\u0259r verir ki, bununla ba\u011fl\u0131 \u201cTerrikon\u201d portal\u0131 m\u0259lumat yay\u0131b. Kosovo y\u0131\u011fmas\u0131 Pri\u015ftinada ke\u00e7iril\u0259n son g\u00f6r\u00fc\u015f\u00fcnd\u0259 Az\u0259rbaycan \u00fcz\u0259rind\u0259 4:0 hesabl\u0131 q\u0259l\u0259b\u0259d\u0259n sonra qrup qalibi olub. Kosovo D liqas\u0131nda \u00e7\u0131x\u0131\u015f etdiyi qrupun qalibi olmaqla n\u0259inki \u00fc\u00e7\u00fcnc\u00fc diviziona v\u0259siq\u0259 qazan\u0131b, h\u0259m\u00e7inin Avro-2020-nin \u201cpley-off\u201dunda i\u015ftirak\u0131 t\u0259min edib. Kosovo 2008-ci ild\u0259 Serbiyadan ayr\u0131l\u0131b, 2016-c\u0131 ild\u0259n is\u0259 r\u0259smi olaraq FIFA v\u0259 UEFA-n\u0131n \u00fczv\u00fcd\u00fcr.oxu.az<\/p>\n","protected":false},"author":2,"featured_media":24511,"comment_status":"closed","ping_status":"closed","sticky":false,"template":"","format":"standard","meta":{"om_disable_all_campaigns":false,"_monsterinsights_skip_tracking":false,"_monsterinsights_sitenote_active":false,"_monsterinsights_sitenote_note":"","_monsterinsights_sitenote_category":0},"categories":[6],"tags":[],"aioseo_notices":[],"gutentor_comment":0,"rttpg_featured_image_url":{"full":["https:\/\/arantv.az\/wp-content\/uploads\/2018\/11\/azer.jpg",620,349,false],"landscape":["https:\/\/arantv.az\/wp-content\/uploads\/2018\/11\/azer.jpg",620,349,false],"portraits":["https:\/\/arantv.az\/wp-content\/uploads\/2018\/11\/azer.jpg",620,349,false],"thumbnail":["https:\/\/arantv.az\/wp-content\/uploads\/2018\/11\/azer-150x150.jpg",150,150,true],"medium":["https:\/\/arantv.az\/wp-content\/uploads\/2018\/11\/azer-300x169.jpg",300,169,true],"large":["https:\/\/arantv.az\/wp-content\/uploads\/2018\/11\/azer.jpg",620,349,false],"1536x1536":["https:\/\/arantv.az\/wp-content\/uploads\/2018\/11\/azer.jpg",620,349,false],"2048x2048":["https:\/\/arantv.az\/wp-content\/uploads\/2018\/11\/azer.jpg",620,349,false],"post-thumbnail":["https:\/\/arantv.az\/wp-content\/uploads\/2018\/11\/azer-240x172.jpg",240,172,true],"advps-thumb-one":["https:\/\/arantv.az\/wp-content\/uploads\/2018\/11\/azer.jpg",620,349,false]},"rttpg_author":{"display_name":"V\u00fcsal Rafiqo\u011flu","author_link":"https:\/\/arantv.az\/?author=2"},"rttpg_comment":0,"rttpg_category":"<a href=\"https:\/\/arantv.az\/?cat=6\" rel=\"category\">\u0130dman<\/a>","rttpg_excerpt":"Tan\u0131nmam\u0131\u015f Kosovo h\u00f6kum\u0259ti milli komandan\u0131n Mill\u0259tl\u0259r Liqas\u0131 turnirind\u0259 u\u011furuna g\u00f6r\u0259 500 min avro m\u00fckafat ay\u0131r\u0131b. ARANTV.AZ\u00a0x\u0259b\u0259r verir ki, bununla ba\u011fl\u0131 \u201cTerrikon\u201d portal\u0131 m\u0259lumat yay\u0131b. Kosovo y\u0131\u011fmas\u0131 Pri\u015ftinada ke\u00e7iril\u0259n son g\u00f6r\u00fc\u015f\u00fcnd\u0259 Az\u0259rbaycan \u00fcz\u0259rind\u0259 4:0 hesabl\u0131 q\u0259l\u0259b\u0259d\u0259n sonra qrup qalibi olub. Kosovo D liqas\u0131nda \u00e7\u0131x\u0131\u015f etdiyi qrupun qalibi olmaqla n\u0259inki \u00fc\u00e7\u00fcnc\u00fc diviziona v\u0259siq\u0259 qazan\u0131b, h\u0259m\u00e7inin Avro-2020-nin \u201cpley-off\u201dunda&hellip;","_links":{"self":[{"href":"https:\/\/arantv.az\/index.php?rest_route=\/wp\/v2\/posts\/24510"}],"collection":[{"href":"https:\/\/arantv.az\/index.php?rest_route=\/wp\/v2\/posts"}],"about":[{"href":"https:\/\/arantv.az\/index.php?rest_route=\/wp\/v2\/types\/post"}],"author":[{"embeddable":true,"href":"https:\/\/arantv.az\/index.php?rest_route=\/wp\/v2\/users\/2"}],"replies":[{"embeddable":true,"href":"https:\/\/arantv.az\/index.php?rest_route=%2Fwp%2Fv2%2Fcomments&post=24510"}],"version-history":[{"count":0,"href":"https:\/\/arantv.az\/index.php?rest_route=\/wp\/v2\/posts\/24510\/revisions"}],"wp:featuredmedia":[{"embeddable":true,"href":"https:\/\/arantv.az\/index.php?rest_route=\/wp\/v2\/media\/24511"}],"wp:attachment":[{"href":"https:\/\/arantv.az\/index.php?rest_route=%2Fwp%2Fv2%2Fmedia&parent=24510"}],"wp:term":[{"taxonomy":"category","embeddable":true,"href":"https:\/\/arantv.az\/index.php?rest_route=%2Fwp%2Fv2%2Fcategories&post=24510"},{"taxonomy":"post_tag","embeddable":true,"href":"https:\/\/arantv.az\/index.php?rest_route=%2Fwp%2Fv2%2Ftags&post=24510"}],"curies":[{"name":"wp","href":"https:\/\/api.w.org\/{rel}","templated":true}]}}