{"id":24513,"date":"2018-11-22T09:44:25","date_gmt":"2018-11-22T06:44:25","guid":{"rendered":"http:\/\/arantv.az\/?p=24513"},"modified":"2018-11-22T09:44:25","modified_gmt":"2018-11-22T06:44:25","slug":"eldar-%c9%99zizov-bas-direktora-sidd%c9%99tli-tohm%c9%99t-verdi","status":"publish","type":"post","link":"https:\/\/arantv.az\/?p=24513","title":{"rendered":"Eldar \u018fzizov ba\u015f direktora \u015fidd\u0259tli t\u00f6hm\u0259t verdi"},"content":{"rendered":"<p><strong>Bak\u0131 \u015e\u0259h\u0259r \u0130cra Hakimiyy\u0259ti ba\u015f\u00e7\u0131s\u0131 Eldar \u018fzizov ba\u015f direktora t\u00f6hm\u0259t verib.<\/strong><\/p>\n<p><strong>ARANTV.AZ<\/strong> qafqazinfo-ya istinad\u0259n x\u0259b\u0259r verir ki, icra hakimiyy\u0259ti \u0259m\u0259kda\u015flar\u0131 t\u0259r\u0259find\u0259n paytaxtda ya\u015f\u0131ll\u0131qlar\u0131n v\u0259ziyy\u0259ti yoxlan\u0131l\u0131b. Bu zaman bir sira n\u00f6qsanlar, o c\u00fcml\u0259d\u0259n parklarda ya\u015f\u0131ll\u0131qlara z\u0259if qulluq g\u00f6st\u0259rilm\u0259si a\u015fkar olunub.<\/p>\n<div id=\"AdributorNativeVideo0\" class=\"AdributorNativeVideo\"><\/div>\n<p>E.\u018fzizov t\u0259r\u0259find\u0259n bununla ba\u011fl\u0131 d\u0259f\u0259l\u0259rl\u0259 x\u0259b\u0259rdarl\u0131q edilm\u0259sin\u0259 baxmayaraq i\u015find\u0259 yol verdiyi ciddi n\u00f6qsanlara g\u00f6r\u0259, Bak\u0131 \u015e\u0259h\u0259r Ya\u015f\u0131lla\u015fd\u0131rma T\u0259s\u0259rr\u00fcfat\u0131 Birliyinin ba\u015f direktoru Vaqif Novruzova son x\u0259b\u0259rdarl\u0131qla \u015fidd\u0259tli t\u00f6hm\u0259t verilib.<\/p>\n","protected":false},"excerpt":{"rendered":"<p>Bak\u0131 \u015e\u0259h\u0259r \u0130cra Hakimiyy\u0259ti ba\u015f\u00e7\u0131s\u0131 Eldar \u018fzizov ba\u015f direktora t\u00f6hm\u0259t verib. ARANTV.AZ qafqazinfo-ya istinad\u0259n x\u0259b\u0259r verir ki, icra hakimiyy\u0259ti \u0259m\u0259kda\u015flar\u0131 t\u0259r\u0259find\u0259n paytaxtda ya\u015f\u0131ll\u0131qlar\u0131n v\u0259ziyy\u0259ti yoxlan\u0131l\u0131b. Bu zaman bir sira n\u00f6qsanlar, o c\u00fcml\u0259d\u0259n parklarda ya\u015f\u0131ll\u0131qlara z\u0259if qulluq g\u00f6st\u0259rilm\u0259si a\u015fkar olunub. E.\u018fzizov t\u0259r\u0259find\u0259n bununla ba\u011fl\u0131 d\u0259f\u0259l\u0259rl\u0259 x\u0259b\u0259rdarl\u0131q edilm\u0259sin\u0259 baxmayaraq i\u015find\u0259 yol verdiyi ciddi n\u00f6qsanlara g\u00f6r\u0259, Bak\u0131 \u015e\u0259h\u0259r Ya\u015f\u0131lla\u015fd\u0131rma T\u0259s\u0259rr\u00fcfat\u0131 Birliyinin ba\u015f direktoru Vaqif Novruzova son x\u0259b\u0259rdarl\u0131qla \u015fidd\u0259tli t\u00f6hm\u0259t verilib.<\/p>\n","protected":false},"author":2,"featured_media":24514,"comment_status":"closed","ping_status":"closed","sticky":false,"template":"","format":"standard","meta":{"om_disable_all_campaigns":false,"_monsterinsights_skip_tracking":false,"_monsterinsights_sitenote_active":false,"_monsterinsights_sitenote_note":"","_monsterinsights_sitenote_category":0},"categories":[1],"tags":[],"aioseo_notices":[],"gutentor_comment":0,"rttpg_featured_image_url":{"full":["https:\/\/arantv.az\/wp-content\/uploads\/2018\/11\/705985.jpg",800,600,false],"landscape":["https:\/\/arantv.az\/wp-content\/uploads\/2018\/11\/705985.jpg",800,600,false],"portraits":["https:\/\/arantv.az\/wp-content\/uploads\/2018\/11\/705985.jpg",800,600,false],"thumbnail":["https:\/\/arantv.az\/wp-content\/uploads\/2018\/11\/705985-150x150.jpg",150,150,true],"medium":["https:\/\/arantv.az\/wp-content\/uploads\/2018\/11\/705985-300x225.jpg",300,225,true],"large":["https:\/\/arantv.az\/wp-content\/uploads\/2018\/11\/705985.jpg",640,480,false],"1536x1536":["https:\/\/arantv.az\/wp-content\/uploads\/2018\/11\/705985.jpg",800,600,false],"2048x2048":["https:\/\/arantv.az\/wp-content\/uploads\/2018\/11\/705985.jpg",800,600,false],"post-thumbnail":["https:\/\/arantv.az\/wp-content\/uploads\/2018\/11\/705985-240x172.jpg",240,172,true],"advps-thumb-one":["https:\/\/arantv.az\/wp-content\/uploads\/2018\/11\/705985.jpg",800,600,false]},"rttpg_author":{"display_name":"V\u00fcsal Rafiqo\u011flu","author_link":"https:\/\/arantv.az\/?author=2"},"rttpg_comment":0,"rttpg_category":"<a href=\"https:\/\/arantv.az\/?cat=1\" rel=\"category\">C\u0259miyy\u0259t<\/a>","rttpg_excerpt":"Bak\u0131 \u015e\u0259h\u0259r \u0130cra Hakimiyy\u0259ti ba\u015f\u00e7\u0131s\u0131 Eldar \u018fzizov ba\u015f direktora t\u00f6hm\u0259t verib. ARANTV.AZ qafqazinfo-ya istinad\u0259n x\u0259b\u0259r verir ki, icra hakimiyy\u0259ti \u0259m\u0259kda\u015flar\u0131 t\u0259r\u0259find\u0259n paytaxtda ya\u015f\u0131ll\u0131qlar\u0131n v\u0259ziyy\u0259ti yoxlan\u0131l\u0131b. Bu zaman bir sira n\u00f6qsanlar, o c\u00fcml\u0259d\u0259n parklarda ya\u015f\u0131ll\u0131qlara z\u0259if qulluq g\u00f6st\u0259rilm\u0259si a\u015fkar olunub. E.\u018fzizov t\u0259r\u0259find\u0259n bununla ba\u011fl\u0131 d\u0259f\u0259l\u0259rl\u0259 x\u0259b\u0259rdarl\u0131q edilm\u0259sin\u0259 baxmayaraq i\u015find\u0259 yol verdiyi ciddi n\u00f6qsanlara g\u00f6r\u0259, Bak\u0131 \u015e\u0259h\u0259r&hellip;","_links":{"self":[{"href":"https:\/\/arantv.az\/index.php?rest_route=\/wp\/v2\/posts\/24513"}],"collection":[{"href":"https:\/\/arantv.az\/index.php?rest_route=\/wp\/v2\/posts"}],"about":[{"href":"https:\/\/arantv.az\/index.php?rest_route=\/wp\/v2\/types\/post"}],"author":[{"embeddable":true,"href":"https:\/\/arantv.az\/index.php?rest_route=\/wp\/v2\/users\/2"}],"replies":[{"embeddable":true,"href":"https:\/\/arantv.az\/index.php?rest_route=%2Fwp%2Fv2%2Fcomments&post=24513"}],"version-history":[{"count":0,"href":"https:\/\/arantv.az\/index.php?rest_route=\/wp\/v2\/posts\/24513\/revisions"}],"wp:featuredmedia":[{"embeddable":true,"href":"https:\/\/arantv.az\/index.php?rest_route=\/wp\/v2\/media\/24514"}],"wp:attachment":[{"href":"https:\/\/arantv.az\/index.php?rest_route=%2Fwp%2Fv2%2Fmedia&parent=24513"}],"wp:term":[{"taxonomy":"category","embeddable":true,"href":"https:\/\/arantv.az\/index.php?rest_route=%2Fwp%2Fv2%2Fcategories&post=24513"},{"taxonomy":"post_tag","embeddable":true,"href":"https:\/\/arantv.az\/index.php?rest_route=%2Fwp%2Fv2%2Ftags&post=24513"}],"curies":[{"name":"wp","href":"https:\/\/api.w.org\/{rel}","templated":true}]}}