{"id":24520,"date":"2018-11-22T10:31:47","date_gmt":"2018-11-22T07:31:47","guid":{"rendered":"http:\/\/arantv.az\/?p=24520"},"modified":"2018-11-22T10:31:47","modified_gmt":"2018-11-22T07:31:47","slug":"bu-gun-az%c9%99rbaycanin-%c9%99dliyy%c9%99-orqanlarinin-yaradilmasindan-100-il-otur","status":"publish","type":"post","link":"https:\/\/arantv.az\/?p=24520","title":{"rendered":"Bu g\u00fcn Az\u0259rbaycan\u0131n \u0259dliyy\u0259 orqanlar\u0131n\u0131n yarad\u0131lmas\u0131ndan 100 il \u00f6t\u00fcr"},"content":{"rendered":"<p><strong>ARANTV.AZ<\/strong> x\u0259b\u0259r verir ki, bu g\u00fcn \u0259dliyy\u0259 i\u015f\u00e7il\u0259rinin pe\u015f\u0259 bayram\u0131d\u0131r. Builki bayram h\u0259m d\u0259 Az\u0259rbaycan \u0259dliyy\u0259sinin 100 illiyi il\u0259 \u0259lam\u0259tdard\u0131r. \u018fdliyy\u0259 i\u015f\u00e7il\u0259rinin pe\u015f\u0259 bayram\u0131 g\u00fcn\u00fc\u00a0\u00fcmummilli lider Heyd\u0259r \u018fliyevin 2000-ci il 11 noyabr tarixli S\u0259r\u0259ncam\u0131 il\u0259 t\u0259sis olunub.<\/p>\n<p>Az\u0259rbaycan \u018fdliyy\u0259sinin tarixi 1918-ci ild\u0259n Az\u0259rbaycan xalq c\u00fcmhuriyy\u0259tinin yarand\u0131\u011f\u0131 d\u00f6vrd\u0259n hesablan\u0131r. O zaman t\u0259\u015fkil edil\u0259n nazirliy\u0259 X\u0259lil b\u0259y Xasm\u0259mm\u0259dov r\u0259hb\u0259rlik edib. Az\u0259rbaycan ikinci d\u0259f\u0259 m\u00fcst\u0259qilliy\u0259 qovu\u015fandan sonra ulu \u00f6nd\u0259r Heyd\u0259r \u018fliyev b\u00fct\u00fcn sah\u0259l\u0259rd\u0259 oldu\u011fu kimi h\u00fcquqi sah\u0259d\u0259 d\u0259 k\u00f6kl\u00fc islahatlar apard\u0131. 1995-ci il noyabr\u0131n 12-d\u0259 \u00fcmumxalq s\u0259sverm\u0259si il\u0259 ilk milli konstitusiya q\u0259bul edildi. Bundan sonra yaranan h\u00fcquq islahat komissiyas\u0131 ulu \u00f6nd\u0259rin r\u0259hb\u0259rliyi il\u0259 q\u0131sa m\u00fcdd\u0259t\u0259 h\u00fcquq sisteminin t\u0259m\u0259lini t\u0259\u015fkil ed\u0259n m\u00fch\u00fcm qanun v\u0259 m\u0259c\u0259ll\u0259l\u0259rin q\u0259buluna nail oldu. M\u0259hk\u0259m\u0259\u00a0 v\u0259 h\u00fcquq\u00a0 m\u00fchafiz\u0259 orqanlar\u0131n\u0131n funksiya v\u0259 s\u0259lahiyy\u0259tl\u0259rin\u0259 yenid\u0259n bax\u0131ld\u0131. N\u0259tic\u0259 etibaril\u0259 \u0259vv\u0259lkind\u0259n k\u00f6kl\u00fc s\u00fcr\u0259td\u0259 f\u0259rql\u0259n\u0259n 3 pill\u0259li m\u0259hk\u0259m\u0259 sistemi formala\u015fd\u0131.\u00a0\u00d6t\u0259n d\u00f6vrd\u0259 Prezident \u0130lham \u018fliyevin r\u0259hb\u0259rliyi il\u0259\u00a0m\u0259hk\u0259m\u0259 h\u00fcquq sistemind\u0259 \u0259sasl\u0131 islahatlar apar\u0131ld\u0131. Bu\u00a0 sah\u0259d\u0259 f\u0259aliyy\u0259tin t\u0259kmill\u0259\u015fdirilm\u0259si, \u0259dliyy\u0259 orqanlar\u0131n\u0131n inki\u015faf\u0131, \u0259dal\u0259t m\u00fchakim\u0259sinin s\u0259m\u0259r\u0259liliyinin art\u0131r\u0131lmas\u0131 m\u00fcst\u0259qil m\u0259hk\u0259m\u0259 f\u0259aliyy\u0259tinin m\u00f6hk\u0259ml\u0259ndirilm\u0259si kimi m\u00fch\u00fcm i\u015fl\u0259r g\u00f6r\u00fcld\u00fc. X\u00fcsusil\u0259 2006-c\u0131 il aprelin 18-d\u0259 Prezident \u0130lham \u018fliyev t\u0259r\u0259find\u0259n \u201cAz\u0259rbaycan Respublikas\u0131mn\u0131n \u018fdliyy\u0259 Nazirliyi haqq\u0131nda \u018fsasnam\u0259sinin\u201d t\u0259sdiq edilm\u0259si, may ay\u0131nda is\u0259 d\u00f6vl\u0259t ba\u015f\u00e7\u0131s\u0131n\u0131n t\u0259\u015f\u0259bb\u00fcs\u00fc \u0259sas\u0131nda Milli M\u0259clis t\u0259r\u0259find\u0259n \u018fdliyy\u0259 orqanlar\u0131nda qulluq ke\u00e7m\u0259 haqq\u0131nda qanunun q\u0259bulu \u0259dliyy\u0259 sistemi \u00fc\u00e7\u00fcn m\u00fcst\u0259sna \u0259h\u0259miyy\u0259t k\u0259sb etdi. H\u0259min il avqustun 17-d\u0259 d\u00f6vl\u0259t ba\u015f\u00e7\u0131s\u0131n\u0131n imzalad\u0131\u011f\u0131 \u0259dliyy\u0259 orqanlar\u0131n\u0131n inki\u015faf\u0131 haqq\u0131nda x\u00fcsusi f\u0259rman Az\u0259rbaycan \u0259dliyy\u0259sinin t\u0259kmill\u0259\u015fdirilm\u0259sind\u0259 yeni m\u0259rh\u0259l\u0259nin \u0259sas\u0131n\u0131 qoydu. F\u0259rmanda n\u0259z\u0259rd\u0259 tutulan geni\u015fmiqyasl\u0131 t\u0259dbirl\u0259r s\u0131ras\u0131nda ilk d\u0259f\u0259 olaraq \u0259dliyy\u0259 i\u015f\u00e7il\u0259rinin v\u0259 dig\u0259r h\u00fcquq\u015f\u00fcnas kadrlar\u0131n ixtisaslar\u0131n art\u0131r\u0131lmas\u0131n\u0131n v\u0259 pe\u015f\u0259 v\u0259rdi\u015fl\u0259rin\u0259m yiy\u0259l\u0259nm\u0259sini t\u0259mun etm\u0259k \u00fc\u00e7\u00fcn \u0259dliyy\u0259 akademiyas\u0131n\u0131n t\u0259sis olunmas\u0131 m\u00fch\u00fcm \u00f6n\u0259m da\u015f\u0131d\u0131.<\/p>\n<p>M\u0259hk\u0259m\u0259 h\u00fcquq \u015furas\u0131\u00a0yarad\u0131lmaqla m\u0259hk\u0259m\u0259 hakimiyy\u0259tinin \u00f6z\u00fcn\u00fcidar\u0259 s\u0259lahiyy\u0259tl\u0259ri geni\u015fl\u0259ndirildi, hakiml\u0259rin m\u00fcst\u0259qilliyinin t\u0259min olunmas\u0131, onlar\u0131n f\u0259aliyy\u0259tin\u0259 k\u0259nar m\u00fcdaxil\u0259nin qar\u015f\u0131s\u0131n\u0131n al\u0131nmas\u0131 il\u0259 ba\u011fl\u0131 yeni mexanizml\u0259r t\u0259sbit edildi. Beyn\u0259lxalq t\u0259\u015fkilatlarla \u0259m\u0259kda\u015fl\u0131q da s\u0259m\u0259r\u0259 verir.\u00a0\u00d6t\u0259n d\u00f6vrd\u0259 nazirliyin h\u00fcquqi \u0259laq\u0259l\u0259ri geni\u015fl\u0259ndi, 32 d\u00f6vl\u0259tin \u0259dliyy\u0259 nazirlikl\u0259ri il\u0259 m\u00fch\u00fcm s\u0259n\u0259dl\u0259r imzalanaraq s\u0259m\u0259r\u0259li qar\u015f\u0131l\u0131ql\u0131 f\u0259aliyy\u0259t h\u0259yata ke\u00e7irildi.\u00a0Prezident \u0130lham \u018fliyevin\u00a0r\u0259hb\u0259rliyi il\u0259\u00a0\u0259dliyy\u0259 v\u0259 m\u0259hk\u0259m\u0259 infrastrukturunun m\u00fcasirl\u0259\u015fdirilm\u0259si \u00fczr\u0259 t\u0259dbirl\u0259r d\u0259\u00a0\u0259dliyy\u0259 sistemind\u0259 \u00e7al\u0131\u015fanlara d\u00f6vl\u0259t t\u0259r\u0259find\u0259n veril\u0259n daha bir t\u00f6hf\u0259 kimi q\u0259bul edil\u0259 bil\u0259r.\u00a0\u00d6lk\u0259 ba\u015f\u00e7\u0131s\u0131 t\u0259r\u0259find\u0259n son ill\u0259r \u00f6lk\u0259mizd\u0259 konseptual bax\u0131m\u0131ndan yeni m\u00fcasir bina v\u0259 kompleksl\u0259rin a\u00e7\u0131l\u0131\u015flar\u0131 olub, H\u0259m\u00e7inin, bu il \u0130mi\u015fliy\u0259 s\u0259f\u0259ri \u00e7\u0259r\u00e7iv\u0259sind\u0259 Prezident \u0130lham \u018fliyev rayon m\u0259hk\u0259m\u0259sinin yeni binas\u0131n\u0131n f\u0259aliyy\u0259ti il\u0259 tan\u0131\u015f olub. Az\u0259rbaycan \u0259dliyy\u0259sinin 100 illiyi \u0259r\u0259f\u0259sind\u0259 Zaqatalada da yeni m\u0259hk\u0259m\u0259 binas\u0131 istifad\u0259y\u0259 verildi. Haz\u0131rda Sumqay\u0131t M\u0259hk\u0259m\u0259 Kompleksinin, Bak\u0131 \u015f\u0259h\u0259ri Suraxan\u0131, h\u0259m\u00e7inin Masall\u0131\u00a0rayon m\u0259hk\u0259m\u0259l\u0259rinin in\u015fas\u0131 davam etdirilir. Bir \u0259srlik z\u0259ngin inki\u015faf tarixi olan Az\u0259rbaycan \u0259dliyy\u0259sind\u0259 apar\u0131lan islahatlar n\u00fcfuzlu beyn\u0259lxalq qurumlar t\u0259r\u0259find\u0259n d\u0259 y\u00fcks\u0259k qiym\u0259tl\u0259ndirilir.<\/p>\n","protected":false},"excerpt":{"rendered":"<p>ARANTV.AZ x\u0259b\u0259r verir ki, bu g\u00fcn \u0259dliyy\u0259 i\u015f\u00e7il\u0259rinin pe\u015f\u0259 bayram\u0131d\u0131r. Builki bayram h\u0259m d\u0259 Az\u0259rbaycan \u0259dliyy\u0259sinin 100 illiyi il\u0259 \u0259lam\u0259tdard\u0131r. \u018fdliyy\u0259 i\u015f\u00e7il\u0259rinin pe\u015f\u0259 bayram\u0131 g\u00fcn\u00fc\u00a0\u00fcmummilli lider Heyd\u0259r \u018fliyevin 2000-ci il 11 noyabr tarixli S\u0259r\u0259ncam\u0131 il\u0259 t\u0259sis olunub. Az\u0259rbaycan \u018fdliyy\u0259sinin tarixi 1918-ci ild\u0259n Az\u0259rbaycan xalq c\u00fcmhuriyy\u0259tinin yarand\u0131\u011f\u0131 d\u00f6vrd\u0259n hesablan\u0131r. O zaman t\u0259\u015fkil edil\u0259n nazirliy\u0259 X\u0259lil b\u0259y Xasm\u0259mm\u0259dov r\u0259hb\u0259rlik edib. Az\u0259rbaycan ikinci d\u0259f\u0259 m\u00fcst\u0259qilliy\u0259 qovu\u015fandan sonra ulu \u00f6nd\u0259r Heyd\u0259r \u018fliyev b\u00fct\u00fcn sah\u0259l\u0259rd\u0259 oldu\u011fu kimi h\u00fcquqi sah\u0259d\u0259 d\u0259 k\u00f6kl\u00fc islahatlar apard\u0131. 1995-ci il noyabr\u0131n 12-d\u0259 \u00fcmumxalq s\u0259sverm\u0259si il\u0259 ilk milli konstitusiya q\u0259bul edildi.&hellip;<\/p>\n","protected":false},"author":2,"featured_media":24521,"comment_status":"closed","ping_status":"closed","sticky":false,"template":"","format":"standard","meta":{"om_disable_all_campaigns":false,"_monsterinsights_skip_tracking":false,"_monsterinsights_sitenote_active":false,"_monsterinsights_sitenote_note":"","_monsterinsights_sitenote_category":0},"categories":[19],"tags":[],"aioseo_notices":[],"gutentor_comment":0,"rttpg_featured_image_url":{"full":["https:\/\/arantv.az\/wp-content\/uploads\/2018\/11\/roeppd09grq1urdu70b9kdnco0ed.jpg",853,523,false],"landscape":["https:\/\/arantv.az\/wp-content\/uploads\/2018\/11\/roeppd09grq1urdu70b9kdnco0ed.jpg",853,523,false],"portraits":["https:\/\/arantv.az\/wp-content\/uploads\/2018\/11\/roeppd09grq1urdu70b9kdnco0ed.jpg",853,523,false],"thumbnail":["https:\/\/arantv.az\/wp-content\/uploads\/2018\/11\/roeppd09grq1urdu70b9kdnco0ed-150x150.jpg",150,150,true],"medium":["https:\/\/arantv.az\/wp-content\/uploads\/2018\/11\/roeppd09grq1urdu70b9kdnco0ed-300x184.jpg",300,184,true],"large":["https:\/\/arantv.az\/wp-content\/uploads\/2018\/11\/roeppd09grq1urdu70b9kdnco0ed.jpg",640,392,false],"1536x1536":["https:\/\/arantv.az\/wp-content\/uploads\/2018\/11\/roeppd09grq1urdu70b9kdnco0ed.jpg",853,523,false],"2048x2048":["https:\/\/arantv.az\/wp-content\/uploads\/2018\/11\/roeppd09grq1urdu70b9kdnco0ed.jpg",853,523,false],"post-thumbnail":["https:\/\/arantv.az\/wp-content\/uploads\/2018\/11\/roeppd09grq1urdu70b9kdnco0ed-240x172.jpg",240,172,true],"advps-thumb-one":["https:\/\/arantv.az\/wp-content\/uploads\/2018\/11\/roeppd09grq1urdu70b9kdnco0ed.jpg",853,523,false]},"rttpg_author":{"display_name":"V\u00fcsal Rafiqo\u011flu","author_link":"https:\/\/arantv.az\/?author=2"},"rttpg_comment":0,"rttpg_category":"<a href=\"https:\/\/arantv.az\/?cat=19\" rel=\"category\">G\u00fcnd\u0259m<\/a>","rttpg_excerpt":"ARANTV.AZ x\u0259b\u0259r verir ki, bu g\u00fcn \u0259dliyy\u0259 i\u015f\u00e7il\u0259rinin pe\u015f\u0259 bayram\u0131d\u0131r. Builki bayram h\u0259m d\u0259 Az\u0259rbaycan \u0259dliyy\u0259sinin 100 illiyi il\u0259 \u0259lam\u0259tdard\u0131r. \u018fdliyy\u0259 i\u015f\u00e7il\u0259rinin pe\u015f\u0259 bayram\u0131 g\u00fcn\u00fc\u00a0\u00fcmummilli lider Heyd\u0259r \u018fliyevin 2000-ci il 11 noyabr tarixli S\u0259r\u0259ncam\u0131 il\u0259 t\u0259sis olunub. Az\u0259rbaycan \u018fdliyy\u0259sinin tarixi 1918-ci ild\u0259n Az\u0259rbaycan xalq c\u00fcmhuriyy\u0259tinin yarand\u0131\u011f\u0131 d\u00f6vrd\u0259n hesablan\u0131r. O zaman t\u0259\u015fkil edil\u0259n nazirliy\u0259 X\u0259lil b\u0259y&hellip;","_links":{"self":[{"href":"https:\/\/arantv.az\/index.php?rest_route=\/wp\/v2\/posts\/24520"}],"collection":[{"href":"https:\/\/arantv.az\/index.php?rest_route=\/wp\/v2\/posts"}],"about":[{"href":"https:\/\/arantv.az\/index.php?rest_route=\/wp\/v2\/types\/post"}],"author":[{"embeddable":true,"href":"https:\/\/arantv.az\/index.php?rest_route=\/wp\/v2\/users\/2"}],"replies":[{"embeddable":true,"href":"https:\/\/arantv.az\/index.php?rest_route=%2Fwp%2Fv2%2Fcomments&post=24520"}],"version-history":[{"count":0,"href":"https:\/\/arantv.az\/index.php?rest_route=\/wp\/v2\/posts\/24520\/revisions"}],"wp:featuredmedia":[{"embeddable":true,"href":"https:\/\/arantv.az\/index.php?rest_route=\/wp\/v2\/media\/24521"}],"wp:attachment":[{"href":"https:\/\/arantv.az\/index.php?rest_route=%2Fwp%2Fv2%2Fmedia&parent=24520"}],"wp:term":[{"taxonomy":"category","embeddable":true,"href":"https:\/\/arantv.az\/index.php?rest_route=%2Fwp%2Fv2%2Fcategories&post=24520"},{"taxonomy":"post_tag","embeddable":true,"href":"https:\/\/arantv.az\/index.php?rest_route=%2Fwp%2Fv2%2Ftags&post=24520"}],"curies":[{"name":"wp","href":"https:\/\/api.w.org\/{rel}","templated":true}]}}