{"id":24555,"date":"2018-11-22T13:18:35","date_gmt":"2018-11-22T10:18:35","guid":{"rendered":"http:\/\/arantv.az\/?p=24555"},"modified":"2018-11-22T13:18:35","modified_gmt":"2018-11-22T10:18:35","slug":"olimpiya-cempionumuz-qran-pri-finalinda-mubariz%c9%99y%c9%99-baslayir","status":"publish","type":"post","link":"https:\/\/arantv.az\/?p=24555","title":{"rendered":"Olimpiya \u00e7empionumuz Qran-Pri final\u0131nda m\u00fcbariz\u0259y\u0259 ba\u015flay\u0131r"},"content":{"rendered":"<p>Bu g\u00fcn v\u0259 sabah B\u018f\u018f-nin Fuceyr\u0259 \u015f\u0259h\u0259rind\u0259 2018-ci ilin taekvondo \u00fczr\u0259 Qran-Pri final\u0131 ke\u00e7iril\u0259c\u0259k.<\/p>\n<p><b>ARANTV.AZ\u00a0<\/b>x\u0259b\u0259r verir ki, bu yar\u0131\u015fa 39 \u00f6lk\u0259d\u0259n d\u00fcnyan\u0131n \u0259n g\u00fccl\u00fc 127 taekvondo\u00e7usu d\u0259v\u0259t al\u0131b.<\/p>\n<p>Yar\u0131\u015f d\u00f6rd ki\u015fi v\u0259 d\u00f6rd qad\u0131n Olimpiya \u00e7\u0259kil\u0259rind\u0259 ke\u00e7iril\u0259c\u0259k. H\u0259r \u00e7\u0259kid\u0259 d\u00fcnyan\u0131n 16 \u0259n g\u00fccl\u00fc taekvondo\u00e7usu m\u00fcbariz\u0259 aparacaq.<\/p>\n<div id=\"AdributorNativeVideo0\" class=\"AdributorNativeVideo\"><\/div>\n<p>Daha \u0259vv\u0259l bu yar\u0131\u015fa d\u0259v\u0259t alanlar aras\u0131nda millimizin iki \u00fczv\u00fcn\u00fcn d\u0259 oldu\u011funu x\u0259b\u0259r vermi\u015fdik. Bunlar bu il d\u00f6rd Qran-Prid\u0259 q\u00fcvv\u0259sini s\u0131nam\u0131\u015f rusiyal\u0131 legionerimiz\u00a0<strong>Radik \u0130sayev\u00a0<\/strong>(+80 kq) v\u0259 iranl\u0131\u00a0<strong>Milad Beiqi H\u0259r\u00e7\u0259qani<\/strong>dir (-80 kq). Olimpiya \u00e7empionumuz \u0130sayev v\u0259 H\u0259r\u00e7\u0259qani d\u00fcnya reytinqind\u0259 III s\u0131radad\u0131r.<\/p>\n<p>Bu yar\u0131\u015fda y\u00fcks\u0259k yeri tutan idman\u00e7\u0131 dig\u0259r Qran-Pril\u0259rd\u0259n f\u0259rqli olaraq, Tokio Olimpiadas\u0131na 80 lisenziya bal\u0131 qazanacaq.<\/p>\n<p>Noyabr\u0131n 24-25-d\u0259 is\u0259 h\u0259min \u015f\u0259h\u0259rd\u0259 komandalar aras\u0131nda D\u00fcnya Kuboku yar\u0131\u015f\u0131 ke\u00e7iril\u0259c\u0259k. Ki\u015fil\u0259rin yar\u0131\u015f\u0131nda s\u0259kkiz komanda m\u00fcbariz\u0259 aparacaq ki, bunlar\u0131n aras\u0131nda Az\u0259rbaycan da var. Ki\u015fi komandam\u0131z\u0131n \u0259sas hey\u0259tind\u0259\u00a0<strong>H\u0259\u015fim M\u0259h\u0259mm\u0259dov<\/strong>\u00a0(-58 kq),\u00a0<strong>M\u0259h\u0259mm\u0259d M\u0259mm\u0259dov<\/strong>(-68 kq), Milad Beiqi H\u0259r\u00e7\u0259qani (-80 kq) v\u0259 Radik \u0130sayev (+87 kq) yer alacaq.<\/p>\n<p>Alt\u0131 komandan\u0131n m\u00fcbariz\u0259 aparaca\u011f\u0131 qad\u0131nlar\u0131n komanda yar\u0131\u015f\u0131nda, el\u0259c\u0259 d\u0259\u00a0q\u0131z v\u0259 o\u011flanlardan ibar\u0259t qar\u0131\u015f\u0131q komanda yar\u0131\u015f\u0131nda t\u0259msil olunmayaca\u011f\u0131q.oxu.az<\/p>\n","protected":false},"excerpt":{"rendered":"<p>Bu g\u00fcn v\u0259 sabah B\u018f\u018f-nin Fuceyr\u0259 \u015f\u0259h\u0259rind\u0259 2018-ci ilin taekvondo \u00fczr\u0259 Qran-Pri final\u0131 ke\u00e7iril\u0259c\u0259k. ARANTV.AZ\u00a0x\u0259b\u0259r verir ki, bu yar\u0131\u015fa 39 \u00f6lk\u0259d\u0259n d\u00fcnyan\u0131n \u0259n g\u00fccl\u00fc 127 taekvondo\u00e7usu d\u0259v\u0259t al\u0131b. Yar\u0131\u015f d\u00f6rd ki\u015fi v\u0259 d\u00f6rd qad\u0131n Olimpiya \u00e7\u0259kil\u0259rind\u0259 ke\u00e7iril\u0259c\u0259k. H\u0259r \u00e7\u0259kid\u0259 d\u00fcnyan\u0131n 16 \u0259n g\u00fccl\u00fc taekvondo\u00e7usu m\u00fcbariz\u0259 aparacaq. Daha \u0259vv\u0259l bu yar\u0131\u015fa d\u0259v\u0259t alanlar aras\u0131nda millimizin iki \u00fczv\u00fcn\u00fcn d\u0259 oldu\u011funu x\u0259b\u0259r vermi\u015fdik. Bunlar bu il d\u00f6rd Qran-Prid\u0259 q\u00fcvv\u0259sini s\u0131nam\u0131\u015f rusiyal\u0131 legionerimiz\u00a0Radik \u0130sayev\u00a0(+80 kq) v\u0259 iranl\u0131\u00a0Milad Beiqi H\u0259r\u00e7\u0259qanidir (-80 kq). Olimpiya \u00e7empionumuz \u0130sayev v\u0259 H\u0259r\u00e7\u0259qani d\u00fcnya reytinqind\u0259 III s\u0131radad\u0131r. Bu yar\u0131\u015fda y\u00fcks\u0259k yeri&hellip;<\/p>\n","protected":false},"author":2,"featured_media":24556,"comment_status":"closed","ping_status":"closed","sticky":false,"template":"","format":"standard","meta":{"om_disable_all_campaigns":false,"_monsterinsights_skip_tracking":false,"_monsterinsights_sitenote_active":false,"_monsterinsights_sitenote_note":"","_monsterinsights_sitenote_category":0},"categories":[6],"tags":[],"aioseo_notices":[],"gutentor_comment":0,"rttpg_featured_image_url":{"full":["https:\/\/arantv.az\/wp-content\/uploads\/2018\/11\/isayev.jpg",620,349,false],"landscape":["https:\/\/arantv.az\/wp-content\/uploads\/2018\/11\/isayev.jpg",620,349,false],"portraits":["https:\/\/arantv.az\/wp-content\/uploads\/2018\/11\/isayev.jpg",620,349,false],"thumbnail":["https:\/\/arantv.az\/wp-content\/uploads\/2018\/11\/isayev-150x150.jpg",150,150,true],"medium":["https:\/\/arantv.az\/wp-content\/uploads\/2018\/11\/isayev-300x169.jpg",300,169,true],"large":["https:\/\/arantv.az\/wp-content\/uploads\/2018\/11\/isayev.jpg",620,349,false],"1536x1536":["https:\/\/arantv.az\/wp-content\/uploads\/2018\/11\/isayev.jpg",620,349,false],"2048x2048":["https:\/\/arantv.az\/wp-content\/uploads\/2018\/11\/isayev.jpg",620,349,false],"post-thumbnail":["https:\/\/arantv.az\/wp-content\/uploads\/2018\/11\/isayev-240x172.jpg",240,172,true],"advps-thumb-one":["https:\/\/arantv.az\/wp-content\/uploads\/2018\/11\/isayev.jpg",620,349,false]},"rttpg_author":{"display_name":"V\u00fcsal Rafiqo\u011flu","author_link":"https:\/\/arantv.az\/?author=2"},"rttpg_comment":0,"rttpg_category":"<a href=\"https:\/\/arantv.az\/?cat=6\" rel=\"category\">\u0130dman<\/a>","rttpg_excerpt":"Bu g\u00fcn v\u0259 sabah B\u018f\u018f-nin Fuceyr\u0259 \u015f\u0259h\u0259rind\u0259 2018-ci ilin taekvondo \u00fczr\u0259 Qran-Pri final\u0131 ke\u00e7iril\u0259c\u0259k. ARANTV.AZ\u00a0x\u0259b\u0259r verir ki, bu yar\u0131\u015fa 39 \u00f6lk\u0259d\u0259n d\u00fcnyan\u0131n \u0259n g\u00fccl\u00fc 127 taekvondo\u00e7usu d\u0259v\u0259t al\u0131b. Yar\u0131\u015f d\u00f6rd ki\u015fi v\u0259 d\u00f6rd qad\u0131n Olimpiya \u00e7\u0259kil\u0259rind\u0259 ke\u00e7iril\u0259c\u0259k. H\u0259r \u00e7\u0259kid\u0259 d\u00fcnyan\u0131n 16 \u0259n g\u00fccl\u00fc taekvondo\u00e7usu m\u00fcbariz\u0259 aparacaq. Daha \u0259vv\u0259l bu yar\u0131\u015fa d\u0259v\u0259t alanlar aras\u0131nda millimizin iki&hellip;","_links":{"self":[{"href":"https:\/\/arantv.az\/index.php?rest_route=\/wp\/v2\/posts\/24555"}],"collection":[{"href":"https:\/\/arantv.az\/index.php?rest_route=\/wp\/v2\/posts"}],"about":[{"href":"https:\/\/arantv.az\/index.php?rest_route=\/wp\/v2\/types\/post"}],"author":[{"embeddable":true,"href":"https:\/\/arantv.az\/index.php?rest_route=\/wp\/v2\/users\/2"}],"replies":[{"embeddable":true,"href":"https:\/\/arantv.az\/index.php?rest_route=%2Fwp%2Fv2%2Fcomments&post=24555"}],"version-history":[{"count":0,"href":"https:\/\/arantv.az\/index.php?rest_route=\/wp\/v2\/posts\/24555\/revisions"}],"wp:featuredmedia":[{"embeddable":true,"href":"https:\/\/arantv.az\/index.php?rest_route=\/wp\/v2\/media\/24556"}],"wp:attachment":[{"href":"https:\/\/arantv.az\/index.php?rest_route=%2Fwp%2Fv2%2Fmedia&parent=24555"}],"wp:term":[{"taxonomy":"category","embeddable":true,"href":"https:\/\/arantv.az\/index.php?rest_route=%2Fwp%2Fv2%2Fcategories&post=24555"},{"taxonomy":"post_tag","embeddable":true,"href":"https:\/\/arantv.az\/index.php?rest_route=%2Fwp%2Fv2%2Ftags&post=24555"}],"curies":[{"name":"wp","href":"https:\/\/api.w.org\/{rel}","templated":true}]}}