{"id":24558,"date":"2018-11-22T13:21:02","date_gmt":"2018-11-22T10:21:02","guid":{"rendered":"http:\/\/arantv.az\/?p=24558"},"modified":"2018-11-22T13:21:02","modified_gmt":"2018-11-22T10:21:02","slug":"ilham-%c9%99liyev-%c9%99dliyy%c9%99-iscil%c9%99rini-t%c9%99brik-etdi","status":"publish","type":"post","link":"https:\/\/arantv.az\/?p=24558","title":{"rendered":"\u0130lham \u018fliyev \u0259dliyy\u0259 i\u015f\u00e7il\u0259rini t\u0259brik etdi"},"content":{"rendered":"<div class=\"news_heading-date\">\n<h4 class=\"news_heading\">Az\u0259rbaycan Respublikas\u0131n\u0131n \u0259dliyy\u0259 i\u015f\u00e7il\u0259rin\u0259 v\u0259 hakiml\u0259r\u0259<\/h4>\n<p><span class=\"news_date\">22 noyabr 2018, 12:55<\/span><\/div>\n<div><strong>ARANTV.AZ<\/strong> x\u0259b\u0259r verir ki, t\u0259brikd\u0259 deyilir.<\/div>\n<div class=\"news-text-block\">\n<div class=\"news_social\"><\/div>\n<div class=\"news_paragraph-block\">\n<p>H\u00f6rm\u0259tli \u0259dliyy\u0259 i\u015f\u00e7il\u0259ri v\u0259 hakiml\u0259r!<\/p>\n<p>Sizi Az\u0259rbaycan \u0259dliyy\u0259sinin 100 illik yubileyi m\u00fcnasib\u0259til\u0259 t\u0259brik edir\u0259m.<\/p>\n<p>Az\u0259rbaycan Xalq C\u00fcmhuriyy\u0259tinin elan edildiyi 1918-ci ild\u0259 t\u0259sis edilmi\u015f Az\u0259rbaycan \u0259dliyy\u0259si bir \u0259srlik m\u00fcr\u0259kk\u0259b v\u0259 \u015fanl\u0131 inki\u015faf yolu ke\u00e7mi\u015fdir.<\/p>\n<p>Az\u0259rbaycanda \u0259dliyy\u0259 sisteminin intibah\u0131 Az\u0259rbaycan xalq\u0131n\u0131n \u00fcmummilli lideri Heyd\u0259r \u018fliyevin \u00f6lk\u0259y\u0259 r\u0259hb\u0259rlik etdiyi d\u00f6vr\u0259 t\u0259sad\u00fcf edir. Bel\u0259 ki, bir ne\u00e7\u0259 d\u0259f\u0259 l\u0259\u011fv edilmi\u015f \u018fdliyy\u0259 Nazirliyinin f\u0259aliyy\u0259ti m\u0259hz Ulu \u00d6nd\u0259r t\u0259r\u0259find\u0259n 1970-ci ild\u0259 b\u0259rpa edilmi\u015f, z\u0259ruri normativ s\u0259n\u0259dl\u0259r q\u0259bul olunmu\u015f v\u0259 milli kadr haz\u0131rl\u0131\u011f\u0131na x\u00fcsusi diqq\u0259t yetirilmi\u015fdir.<\/p>\n<p>Az\u0259rbaycan Respublikas\u0131 m\u00fcst\u0259qilliyini qazand\u0131qdan sonra \u00dcmummilli Liderin r\u0259hb\u0259rliyi il\u0259 \u018fdliyy\u0259 Nazirliyinin c\u0259miyy\u0259td\u0259ki rolu v\u0259 \u0259h\u0259miyy\u0259ti artm\u0131\u015f, m\u00fcasir m\u0259hk\u0259m\u0259 sistemi yarad\u0131lm\u0131\u015f, m\u0259hk\u0259m\u0259l\u0259rin m\u00fcst\u0259qilliyinin t\u0259min olunmas\u0131 \u00fc\u00e7\u00fcn m\u00fch\u00fcm add\u0131mlar at\u0131lm\u0131\u015fd\u0131r.<\/p>\n<p>Az\u0259rbaycanda \u0259dliyy\u0259 orqanlar\u0131 v\u0259 m\u0259hk\u0259m\u0259l\u0259rin f\u0259aliyy\u0259tinin t\u0259kmill\u0259\u015fdirilm\u0259si \u00fc\u00e7\u00fcn t\u0259dbirl\u0259r bu g\u00fcn d\u0259 davam etdirilm\u0259kd\u0259dir. \u018fdal\u0259t m\u00fchakim\u0259sinin h\u0259yata ke\u00e7irilm\u0259si zaman\u0131 \u015f\u0259ffafl\u0131\u011f\u0131n t\u0259min edilm\u0259si m\u0259qs\u0259dil\u0259 \u201cElektron m\u0259hk\u0259m\u0259\u201d informasiya sisteminin yarad\u0131lmas\u0131 haqq\u0131nda S\u0259r\u0259ncam imzalanm\u0131\u015f, test \u00fcsulu il\u0259 \u015f\u0259ffaf prosedurlar \u0259sas\u0131nda yeni hakim korpusu formala\u015fd\u0131r\u0131lm\u0131\u015f, \u0259dliyy\u0259 orqanlar\u0131n\u0131n i\u015fi v\u0259 g\u00f6st\u0259rdiyi h\u00fcquqi xidm\u0259tl\u0259r yeni t\u0259l\u0259bl\u0259r s\u0259viyy\u0259sind\u0259 qurulmu\u015fdur. Son ill\u0259rd\u0259 hakiml\u0259rin say\u0131 \u0259h\u0259miyy\u0259tli d\u0259r\u0259c\u0259d\u0259 art\u0131r\u0131lm\u0131\u015f, m\u00fcasir m\u0259hk\u0259m\u0259 kompleksl\u0259ri in\u015fa edilmi\u015f, \u0259dliyy\u0259 orqanlar\u0131 v\u0259 m\u0259hk\u0259m\u0259l\u0259rin maddi-texniki bazas\u0131 g\u00fccl\u0259ndirilmi\u015fdir.<\/p>\n<p>\u018fmin\u0259m ki, \u0259dliyy\u0259 v\u0259 m\u0259hk\u0259m\u0259 i\u015f\u00e7il\u0259ri qanunun aliliyinin, h\u0259r k\u0259sin qanun qar\u015f\u0131s\u0131nda b\u0259rab\u0259rliyinin t\u0259min olunmas\u0131, v\u0259t\u0259nda\u015flar\u0131n\u0131n h\u00fcquqlar\u0131n\u0131n qorunmas\u0131, \u0259dal\u0259t m\u00fchakim\u0259sinin s\u0259m\u0259r\u0259liliyinin art\u0131r\u0131lmas\u0131 istiqam\u0259tind\u0259 s\u0259yl\u0259rini bundan sonra da davam etdir\u0259r\u0259k Az\u0259rbaycan \u0259dliyy\u0259sinin inki\u015faf\u0131na \u00f6z t\u00f6hf\u0259sini ver\u0259c\u0259kl\u0259r.<\/p>\n<p>\u0130lham \u018fliyev<\/p>\n<p>Az\u0259rbaycan Respublikas\u0131n\u0131n Prezidenti<\/p>\n<p>Bak\u0131 \u015f\u0259h\u0259ri, 21 noyabr 2018-ci il.<\/p>\n<\/div>\n<\/div>\n","protected":false},"excerpt":{"rendered":"<p>Az\u0259rbaycan Respublikas\u0131n\u0131n \u0259dliyy\u0259 i\u015f\u00e7il\u0259rin\u0259 v\u0259 hakiml\u0259r\u0259 22 noyabr 2018, 12:55 ARANTV.AZ x\u0259b\u0259r verir ki, t\u0259brikd\u0259 deyilir. H\u00f6rm\u0259tli \u0259dliyy\u0259 i\u015f\u00e7il\u0259ri v\u0259 hakiml\u0259r! Sizi Az\u0259rbaycan \u0259dliyy\u0259sinin 100 illik yubileyi m\u00fcnasib\u0259til\u0259 t\u0259brik edir\u0259m. Az\u0259rbaycan Xalq C\u00fcmhuriyy\u0259tinin elan edildiyi 1918-ci ild\u0259 t\u0259sis edilmi\u015f Az\u0259rbaycan \u0259dliyy\u0259si bir \u0259srlik m\u00fcr\u0259kk\u0259b v\u0259 \u015fanl\u0131 inki\u015faf yolu ke\u00e7mi\u015fdir. Az\u0259rbaycanda \u0259dliyy\u0259 sisteminin intibah\u0131 Az\u0259rbaycan xalq\u0131n\u0131n \u00fcmummilli lideri Heyd\u0259r \u018fliyevin \u00f6lk\u0259y\u0259 r\u0259hb\u0259rlik etdiyi d\u00f6vr\u0259 t\u0259sad\u00fcf edir. Bel\u0259 ki, bir ne\u00e7\u0259 d\u0259f\u0259 l\u0259\u011fv edilmi\u015f \u018fdliyy\u0259 Nazirliyinin f\u0259aliyy\u0259ti m\u0259hz Ulu \u00d6nd\u0259r t\u0259r\u0259find\u0259n 1970-ci ild\u0259 b\u0259rpa edilmi\u015f, z\u0259ruri normativ s\u0259n\u0259dl\u0259r q\u0259bul olunmu\u015f v\u0259 milli&hellip;<\/p>\n","protected":false},"author":2,"featured_media":24559,"comment_status":"closed","ping_status":"closed","sticky":false,"template":"","format":"standard","meta":{"om_disable_all_campaigns":false,"_monsterinsights_skip_tracking":false,"_monsterinsights_sitenote_active":false,"_monsterinsights_sitenote_note":"","_monsterinsights_sitenote_category":0},"categories":[8],"tags":[],"aioseo_notices":[],"gutentor_comment":0,"rttpg_featured_image_url":{"full":["https:\/\/arantv.az\/wp-content\/uploads\/2018\/11\/ilham-2.jpg",620,423,false],"landscape":["https:\/\/arantv.az\/wp-content\/uploads\/2018\/11\/ilham-2.jpg",620,423,false],"portraits":["https:\/\/arantv.az\/wp-content\/uploads\/2018\/11\/ilham-2.jpg",620,423,false],"thumbnail":["https:\/\/arantv.az\/wp-content\/uploads\/2018\/11\/ilham-2-150x150.jpg",150,150,true],"medium":["https:\/\/arantv.az\/wp-content\/uploads\/2018\/11\/ilham-2-300x205.jpg",300,205,true],"large":["https:\/\/arantv.az\/wp-content\/uploads\/2018\/11\/ilham-2.jpg",620,423,false],"1536x1536":["https:\/\/arantv.az\/wp-content\/uploads\/2018\/11\/ilham-2.jpg",620,423,false],"2048x2048":["https:\/\/arantv.az\/wp-content\/uploads\/2018\/11\/ilham-2.jpg",620,423,false],"post-thumbnail":["https:\/\/arantv.az\/wp-content\/uploads\/2018\/11\/ilham-2-240x172.jpg",240,172,true],"advps-thumb-one":["https:\/\/arantv.az\/wp-content\/uploads\/2018\/11\/ilham-2.jpg",620,423,false]},"rttpg_author":{"display_name":"V\u00fcsal Rafiqo\u011flu","author_link":"https:\/\/arantv.az\/?author=2"},"rttpg_comment":0,"rttpg_category":"<a href=\"https:\/\/arantv.az\/?cat=8\" rel=\"category\">\u018fsas s\u0259hif\u0259<\/a>","rttpg_excerpt":"Az\u0259rbaycan Respublikas\u0131n\u0131n \u0259dliyy\u0259 i\u015f\u00e7il\u0259rin\u0259 v\u0259 hakiml\u0259r\u0259 22 noyabr 2018, 12:55 ARANTV.AZ x\u0259b\u0259r verir ki, t\u0259brikd\u0259 deyilir. H\u00f6rm\u0259tli \u0259dliyy\u0259 i\u015f\u00e7il\u0259ri v\u0259 hakiml\u0259r! Sizi Az\u0259rbaycan \u0259dliyy\u0259sinin 100 illik yubileyi m\u00fcnasib\u0259til\u0259 t\u0259brik edir\u0259m. Az\u0259rbaycan Xalq C\u00fcmhuriyy\u0259tinin elan edildiyi 1918-ci ild\u0259 t\u0259sis edilmi\u015f Az\u0259rbaycan \u0259dliyy\u0259si bir \u0259srlik m\u00fcr\u0259kk\u0259b v\u0259 \u015fanl\u0131 inki\u015faf yolu ke\u00e7mi\u015fdir. Az\u0259rbaycanda \u0259dliyy\u0259 sisteminin intibah\u0131 Az\u0259rbaycan xalq\u0131n\u0131n&hellip;","_links":{"self":[{"href":"https:\/\/arantv.az\/index.php?rest_route=\/wp\/v2\/posts\/24558"}],"collection":[{"href":"https:\/\/arantv.az\/index.php?rest_route=\/wp\/v2\/posts"}],"about":[{"href":"https:\/\/arantv.az\/index.php?rest_route=\/wp\/v2\/types\/post"}],"author":[{"embeddable":true,"href":"https:\/\/arantv.az\/index.php?rest_route=\/wp\/v2\/users\/2"}],"replies":[{"embeddable":true,"href":"https:\/\/arantv.az\/index.php?rest_route=%2Fwp%2Fv2%2Fcomments&post=24558"}],"version-history":[{"count":0,"href":"https:\/\/arantv.az\/index.php?rest_route=\/wp\/v2\/posts\/24558\/revisions"}],"wp:featuredmedia":[{"embeddable":true,"href":"https:\/\/arantv.az\/index.php?rest_route=\/wp\/v2\/media\/24559"}],"wp:attachment":[{"href":"https:\/\/arantv.az\/index.php?rest_route=%2Fwp%2Fv2%2Fmedia&parent=24558"}],"wp:term":[{"taxonomy":"category","embeddable":true,"href":"https:\/\/arantv.az\/index.php?rest_route=%2Fwp%2Fv2%2Fcategories&post=24558"},{"taxonomy":"post_tag","embeddable":true,"href":"https:\/\/arantv.az\/index.php?rest_route=%2Fwp%2Fv2%2Ftags&post=24558"}],"curies":[{"name":"wp","href":"https:\/\/api.w.org\/{rel}","templated":true}]}}