{"id":24568,"date":"2018-11-22T13:30:40","date_gmt":"2018-11-22T10:30:40","guid":{"rendered":"http:\/\/arantv.az\/?p=24568"},"modified":"2018-11-22T13:30:40","modified_gmt":"2018-11-22T10:30:40","slug":"ilham-%c9%99liyevin-v%c9%99-prezident-qurbanqulu-berdim%c9%99h%c9%99mm%c9%99dovun-genis-t%c9%99rkibd%c9%99-gorusu-olub","status":"publish","type":"post","link":"https:\/\/arantv.az\/?p=24568","title":{"rendered":"\u0130lham \u018fliyevin v\u0259 Prezident Qurbanqulu Berdim\u0259h\u0259mm\u0259dovun geni\u015f t\u0259rkibd\u0259 g\u00f6r\u00fc\u015f\u00fc olub"},"content":{"rendered":"<p class=\"\"><strong>ARANTV.AZ<\/strong> x\u0259b\u0259r verir ki, noyabr\u0131n 22-d\u0259 t\u0259kb\u0259t\u0259k g\u00f6r\u00fc\u015f ba\u015fa \u00e7atandan sonra Az\u0259rbaycan Respublikas\u0131n\u0131n Prezidenti \u0130lham \u018fliyevin v\u0259 T\u00fcrkm\u0259nistan Prezidenti Qurbanqulu Berdim\u0259h\u0259mm\u0259dovun n\u00fcmay\u0259nd\u0259 hey\u0259tl\u0259rinin i\u015ftirak\u0131 il\u0259 geni\u015f t\u0259rkibd\u0259 g\u00f6r\u00fc\u015f\u00fc olub.<\/p>\n<div class=\"fotorama--hidden\"><\/div>\n<div class=\"article-carousel fotorama fotorama1542882527047\" data-autoplay=\"true\" data-ratio=\"660\/430\" data-width=\"100%\">\n<div class=\"fotorama__wrap fotorama__wrap--css3 fotorama__wrap--slide fotorama__wrap--toggle-arrows fotorama__wrap--no-controls\">\n<div class=\"fotorama__stage fotorama__pointer\">\n<div class=\"fotorama__stage__shaft\">\n<div class=\"fotorama__stage__frame fotorama__loaded fotorama__loaded--img fotorama__active\"><img class=\"fotorama__img\" src=\"https:\/\/static.president.az\/media\/W1siZiIsIjIwMTgvMTEvMjIvNGE0NDR0ZHdzal8wMS5qcGciXSxbInAiLCJ0aHVtYiIsIjEzNDB4MTAyMCJdXQ?sha=0c0f84a119dc716f\" \/><\/div>\n<div class=\"fotorama__stage__frame fotorama__loaded fotorama__loaded--img\"><img class=\"fotorama__img\" src=\"https:\/\/static.president.az\/media\/W1siZiIsIjIwMTgvMTEvMjIvMzA1dnFpYW1wbl8wMi5qcGciXSxbInAiLCJ0aHVtYiIsIjEzNDB4MTAyMCJdXQ?sha=609501b17d20afa8\" \/><\/div>\n<\/div>\n<div class=\"fotorama__arr fotorama__arr--prev fotorama__arr--disabled\" tabindex=\"-1\" role=\"button\"><\/div>\n<div class=\"fotorama__arr fotorama__arr--next\" tabindex=\"0\" role=\"button\"><\/div>\n<div class=\"fotorama__video-close\"><\/div>\n<\/div>\n<div class=\"fotorama__nav-wrap\">\n<div class=\"fotorama__nav fotorama__nav--dots\">\n<div class=\"fotorama__nav__shaft\">\n<div class=\"fotorama__nav__frame fotorama__nav__frame--dot fotorama__active\" tabindex=\"0\" role=\"button\">\n<div class=\"fotorama__dot\"><\/div>\n<\/div>\n<div class=\"fotorama__nav__frame fotorama__nav__frame--dot\" tabindex=\"0\" role=\"button\">\n<div class=\"fotorama__dot\"><\/div>\n<\/div>\n<\/div>\n<\/div>\n<\/div>\n<\/div>\n<\/div>\n<div class=\"link-to_block\"><\/div>\n","protected":false},"excerpt":{"rendered":"<p>ARANTV.AZ x\u0259b\u0259r verir ki, noyabr\u0131n 22-d\u0259 t\u0259kb\u0259t\u0259k g\u00f6r\u00fc\u015f ba\u015fa \u00e7atandan sonra Az\u0259rbaycan Respublikas\u0131n\u0131n Prezidenti \u0130lham \u018fliyevin v\u0259 T\u00fcrkm\u0259nistan Prezidenti Qurbanqulu Berdim\u0259h\u0259mm\u0259dovun n\u00fcmay\u0259nd\u0259 hey\u0259tl\u0259rinin i\u015ftirak\u0131 il\u0259 geni\u015f t\u0259rkibd\u0259 g\u00f6r\u00fc\u015f\u00fc olub.<\/p>\n","protected":false},"author":2,"featured_media":24569,"comment_status":"closed","ping_status":"closed","sticky":false,"template":"","format":"standard","meta":{"om_disable_all_campaigns":false,"_monsterinsights_skip_tracking":false,"_monsterinsights_sitenote_active":false,"_monsterinsights_sitenote_note":"","_monsterinsights_sitenote_category":0},"categories":[8],"tags":[],"aioseo_notices":[],"gutentor_comment":0,"rttpg_featured_image_url":{"full":["https:\/\/arantv.az\/wp-content\/uploads\/2018\/11\/01.jpg",2360,1196,false],"landscape":["https:\/\/arantv.az\/wp-content\/uploads\/2018\/11\/01.jpg",2360,1196,false],"portraits":["https:\/\/arantv.az\/wp-content\/uploads\/2018\/11\/01.jpg",2360,1196,false],"thumbnail":["https:\/\/arantv.az\/wp-content\/uploads\/2018\/11\/01-150x150.jpg",150,150,true],"medium":["https:\/\/arantv.az\/wp-content\/uploads\/2018\/11\/01-300x152.jpg",300,152,true],"large":["https:\/\/arantv.az\/wp-content\/uploads\/2018\/11\/01-1024x519.jpg",640,324,true],"1536x1536":["https:\/\/arantv.az\/wp-content\/uploads\/2018\/11\/01.jpg",1536,778,false],"2048x2048":["https:\/\/arantv.az\/wp-content\/uploads\/2018\/11\/01.jpg",2048,1038,false],"post-thumbnail":["https:\/\/arantv.az\/wp-content\/uploads\/2018\/11\/01-240x172.jpg",240,172,true],"advps-thumb-one":["https:\/\/arantv.az\/wp-content\/uploads\/2018\/11\/01-1200x620.jpg",1200,620,true]},"rttpg_author":{"display_name":"V\u00fcsal Rafiqo\u011flu","author_link":"https:\/\/arantv.az\/?author=2"},"rttpg_comment":0,"rttpg_category":"<a href=\"https:\/\/arantv.az\/?cat=8\" rel=\"category\">\u018fsas s\u0259hif\u0259<\/a>","rttpg_excerpt":"ARANTV.AZ x\u0259b\u0259r verir ki, noyabr\u0131n 22-d\u0259 t\u0259kb\u0259t\u0259k g\u00f6r\u00fc\u015f ba\u015fa \u00e7atandan sonra Az\u0259rbaycan Respublikas\u0131n\u0131n Prezidenti \u0130lham \u018fliyevin v\u0259 T\u00fcrkm\u0259nistan Prezidenti Qurbanqulu Berdim\u0259h\u0259mm\u0259dovun n\u00fcmay\u0259nd\u0259 hey\u0259tl\u0259rinin i\u015ftirak\u0131 il\u0259 geni\u015f t\u0259rkibd\u0259 g\u00f6r\u00fc\u015f\u00fc olub.","_links":{"self":[{"href":"https:\/\/arantv.az\/index.php?rest_route=\/wp\/v2\/posts\/24568"}],"collection":[{"href":"https:\/\/arantv.az\/index.php?rest_route=\/wp\/v2\/posts"}],"about":[{"href":"https:\/\/arantv.az\/index.php?rest_route=\/wp\/v2\/types\/post"}],"author":[{"embeddable":true,"href":"https:\/\/arantv.az\/index.php?rest_route=\/wp\/v2\/users\/2"}],"replies":[{"embeddable":true,"href":"https:\/\/arantv.az\/index.php?rest_route=%2Fwp%2Fv2%2Fcomments&post=24568"}],"version-history":[{"count":0,"href":"https:\/\/arantv.az\/index.php?rest_route=\/wp\/v2\/posts\/24568\/revisions"}],"wp:featuredmedia":[{"embeddable":true,"href":"https:\/\/arantv.az\/index.php?rest_route=\/wp\/v2\/media\/24569"}],"wp:attachment":[{"href":"https:\/\/arantv.az\/index.php?rest_route=%2Fwp%2Fv2%2Fmedia&parent=24568"}],"wp:term":[{"taxonomy":"category","embeddable":true,"href":"https:\/\/arantv.az\/index.php?rest_route=%2Fwp%2Fv2%2Fcategories&post=24568"},{"taxonomy":"post_tag","embeddable":true,"href":"https:\/\/arantv.az\/index.php?rest_route=%2Fwp%2Fv2%2Ftags&post=24568"}],"curies":[{"name":"wp","href":"https:\/\/api.w.org\/{rel}","templated":true}]}}