{"id":24574,"date":"2018-11-22T13:33:07","date_gmt":"2018-11-22T10:33:07","guid":{"rendered":"http:\/\/arantv.az\/?p=24574"},"modified":"2018-11-22T13:33:07","modified_gmt":"2018-11-22T10:33:07","slug":"ilham-%c9%99liyevin-asqabadda-r%c9%99smi-qarsilanma-m%c9%99rasimi-olub","status":"publish","type":"post","link":"https:\/\/arantv.az\/?p=24574","title":{"rendered":"\u0130lham \u018fliyevin A\u015fqabadda r\u0259smi qar\u015f\u0131lanma m\u0259rasimi olub"},"content":{"rendered":"<p><strong>ARANTV.AZ<\/strong> x\u0259b\u0259r verir ki, noyabr\u0131n 22-d\u0259 Az\u0259rbaycan Respublikas\u0131n\u0131n Prezidenti \u0130lham \u018fliyevin A\u015fqabaddak\u0131 M\u00fcst\u0259qillik Meydan\u0131nda r\u0259smi qar\u015f\u0131lanma m\u0259rasimi olub.<\/p>\n<p>Az\u0259rbaycan\u0131n v\u0259 T\u00fcrkm\u0259nistan\u0131n d\u00f6vl\u0259t bayraqlar\u0131n\u0131n dal\u011faland\u0131\u011f\u0131 meydanda Prezident \u0130lham \u018fliyevin \u015f\u0259r\u0259fin\u0259 f\u0259xri qarovul d\u0259st\u0259si d\u00fcz\u00fclm\u00fc\u015fd\u00fc.<\/p>\n<p>T\u00fcrkm\u0259nistan Prezidenti Qurbanqulu Berdim\u0259h\u0259mm\u0259dov Az\u0259rbaycan Prezidenti \u0130lham \u018fliyevi qar\u015f\u0131lad\u0131.<\/p>\n<p>F\u0259xri qarovul d\u0259st\u0259sinin r\u0259isi Az\u0259rbaycan Prezidentin\u0259 raport verdi.<\/p>\n<p>Az\u0259rbaycan\u0131n v\u0259 T\u00fcrkm\u0259nistan\u0131n d\u00f6vl\u0259t himnl\u0259ri s\u0259sl\u0259ndi.<\/p>\n<p>Az\u0259rbaycan Prezidenti \u0130lham \u018fliyev T\u00fcrkm\u0259nistan \u0259sg\u0259rl\u0259rini salamlad\u0131.<\/p>\n<p>Prezidentl\u0259r f\u0259xri qarovul d\u0259st\u0259sinin qar\u015f\u0131s\u0131ndan ke\u00e7dil\u0259r.<\/p>\n<p>T\u00fcrkm\u0259nistan\u0131n d\u00f6vl\u0259t v\u0259 h\u00f6kum\u0259t n\u00fcmay\u0259nd\u0259l\u0259ri, xarici \u00f6lk\u0259l\u0259rin A\u015fqabadda akkredit\u0259 olunmu\u015f s\u0259firl\u0259ri v\u0259 diplomatik n\u00fcmay\u0259nd\u0259likl\u0259rinin r\u0259hb\u0259rl\u0259ri Az\u0259rbaycan Prezidenti \u0130lham \u018fliyev\u0259, Az\u0259rbaycan n\u00fcmay\u0259nd\u0259 hey\u0259tinin \u00fczvl\u0259ri is\u0259 T\u00fcrkm\u0259nistan Prezidenti Qurbanqulu Berdim\u0259h\u0259mm\u0259dova t\u0259qdim edildi.<\/p>\n<p>F\u0259xri qarovul d\u0259st\u0259si h\u0259rbi mar\u015f\u0131n s\u0259dalar\u0131 alt\u0131nda prezidentl\u0259rin qar\u015f\u0131s\u0131ndan ke\u00e7di.<\/p>\n<p>Sonra prezidentl\u0259r r\u0259smi foto \u00e7\u0259kdirdil\u0259r.<\/p>\n<div class=\"fotorama--hidden\"><\/div>\n<div class=\"article-carousel fotorama fotorama1542882699227\" data-autoplay=\"true\" data-ratio=\"660\/430\" data-width=\"100%\">\n<div class=\"fotorama__wrap fotorama__wrap--css3 fotorama__wrap--slide fotorama__wrap--toggle-arrows fotorama__wrap--no-controls\">\n<div class=\"fotorama__stage fotorama__pointer\">\n<div class=\"fotorama__stage__shaft\">\n<div class=\"fotorama__stage__frame fotorama__loaded fotorama__loaded--img\"><img class=\"fotorama__img\" src=\"https:\/\/static.president.az\/media\/W1siZiIsIjIwMTgvMTEvMjIvMTlydThkM3B4Ml8wNi5qcGciXSxbInAiLCJ0aHVtYiIsIjEzNDB4MTAyMCJdXQ?sha=2319d3e3e3aae8d3\" \/><\/div>\n<div class=\"fotorama__stage__frame fotorama__loaded fotorama__loaded--img fotorama__active\"><img class=\"fotorama__img\" src=\"https:\/\/static.president.az\/media\/W1siZiIsIjIwMTgvMTEvMjIvazhxZ29kcW10XzA3LmpwZyJdLFsicCIsInRodW1iIiwiMTM0MHgxMDIwIl1d?sha=0650f325752f705b\" \/><\/div>\n<div class=\"fotorama__stage__frame fotorama__loaded fotorama__loaded--img\"><img class=\"fotorama__img\" src=\"https:\/\/static.president.az\/media\/W1siZiIsIjIwMTgvMTEvMjIvNWd3Znpmdmtpc18wOC5qcGciXSxbInAiLCJ0aHVtYiIsIjEzNDB4MTAyMCJdXQ?sha=c2e54d95f892cc9c\" \/><\/div>\n<\/div>\n<div class=\"fotorama__arr fotorama__arr--prev\" tabindex=\"0\" role=\"button\"><\/div>\n<div class=\"fotorama__arr fotorama__arr--next\" tabindex=\"0\" role=\"button\"><\/div>\n<div class=\"fotorama__video-close\"><\/div>\n<\/div>\n<div class=\"fotorama__nav-wrap\">\n<div class=\"fotorama__nav fotorama__nav--dots\">\n<div class=\"fotorama__nav__shaft\">\n<div class=\"fotorama__nav__frame fotorama__nav__frame--dot\" tabindex=\"0\" role=\"button\">\n<div class=\"fotorama__dot\"><\/div>\n<\/div>\n<div class=\"fotorama__nav__frame fotorama__nav__frame--dot\" tabindex=\"0\" role=\"button\">\n<div class=\"fotorama__dot\"><\/div>\n<\/div>\n<div class=\"fotorama__nav__frame fotorama__nav__frame--dot\" tabindex=\"0\" role=\"button\">\n<div class=\"fotorama__dot\"><\/div>\n<\/div>\n<div class=\"fotorama__nav__frame fotorama__nav__frame--dot\" tabindex=\"0\" role=\"button\">\n<div class=\"fotorama__dot\"><\/div>\n<\/div>\n<div class=\"fotorama__nav__frame fotorama__nav__frame--dot\" tabindex=\"0\" role=\"button\">\n<div class=\"fotorama__dot\"><\/div>\n<\/div>\n<div class=\"fotorama__nav__frame fotorama__nav__frame--dot\" tabindex=\"0\" role=\"button\">\n<div class=\"fotorama__dot\"><\/div>\n<\/div>\n<div class=\"fotorama__nav__frame fotorama__nav__frame--dot fotorama__active\" tabindex=\"0\" role=\"button\">\n<div class=\"fotorama__dot\"><\/div>\n<\/div>\n<div class=\"fotorama__nav__frame fotorama__nav__frame--dot\" tabindex=\"0\" role=\"button\">\n<div class=\"fotorama__dot\"><\/div>\n<\/div>\n<div class=\"fotorama__nav__frame fotorama__nav__frame--dot\" tabindex=\"0\" role=\"button\">\n<div class=\"fotorama__dot\"><\/div>\n<\/div>\n<div class=\"fotorama__nav__frame fotorama__nav__frame--dot\" tabindex=\"0\" role=\"button\">\n<div class=\"fotorama__dot\"><\/div>\n<\/div>\n<div class=\"fotorama__nav__frame fotorama__nav__frame--dot\" tabindex=\"0\" role=\"button\">\n<div class=\"fotorama__dot\"><\/div>\n<\/div>\n<\/div>\n<\/div>\n<\/div>\n<\/div>\n<\/div>\n<div class=\"link-to_block\"><\/div>\n","protected":false},"excerpt":{"rendered":"<p>ARANTV.AZ x\u0259b\u0259r verir ki, noyabr\u0131n 22-d\u0259 Az\u0259rbaycan Respublikas\u0131n\u0131n Prezidenti \u0130lham \u018fliyevin A\u015fqabaddak\u0131 M\u00fcst\u0259qillik Meydan\u0131nda r\u0259smi qar\u015f\u0131lanma m\u0259rasimi olub. Az\u0259rbaycan\u0131n v\u0259 T\u00fcrkm\u0259nistan\u0131n d\u00f6vl\u0259t bayraqlar\u0131n\u0131n dal\u011faland\u0131\u011f\u0131 meydanda Prezident \u0130lham \u018fliyevin \u015f\u0259r\u0259fin\u0259 f\u0259xri qarovul d\u0259st\u0259si d\u00fcz\u00fclm\u00fc\u015fd\u00fc. T\u00fcrkm\u0259nistan Prezidenti Qurbanqulu Berdim\u0259h\u0259mm\u0259dov Az\u0259rbaycan Prezidenti \u0130lham \u018fliyevi qar\u015f\u0131lad\u0131. F\u0259xri qarovul d\u0259st\u0259sinin r\u0259isi Az\u0259rbaycan Prezidentin\u0259 raport verdi. Az\u0259rbaycan\u0131n v\u0259 T\u00fcrkm\u0259nistan\u0131n d\u00f6vl\u0259t himnl\u0259ri s\u0259sl\u0259ndi. Az\u0259rbaycan Prezidenti \u0130lham \u018fliyev T\u00fcrkm\u0259nistan \u0259sg\u0259rl\u0259rini salamlad\u0131. Prezidentl\u0259r f\u0259xri qarovul d\u0259st\u0259sinin qar\u015f\u0131s\u0131ndan ke\u00e7dil\u0259r. T\u00fcrkm\u0259nistan\u0131n d\u00f6vl\u0259t v\u0259 h\u00f6kum\u0259t n\u00fcmay\u0259nd\u0259l\u0259ri, xarici \u00f6lk\u0259l\u0259rin A\u015fqabadda akkredit\u0259 olunmu\u015f s\u0259firl\u0259ri v\u0259 diplomatik n\u00fcmay\u0259nd\u0259likl\u0259rinin r\u0259hb\u0259rl\u0259ri Az\u0259rbaycan Prezidenti \u0130lham \u018fliyev\u0259, Az\u0259rbaycan n\u00fcmay\u0259nd\u0259&hellip;<\/p>\n","protected":false},"author":2,"featured_media":24575,"comment_status":"closed","ping_status":"closed","sticky":false,"template":"","format":"standard","meta":{"om_disable_all_campaigns":false,"_monsterinsights_skip_tracking":false,"_monsterinsights_sitenote_active":false,"_monsterinsights_sitenote_note":"","_monsterinsights_sitenote_category":0},"categories":[8],"tags":[],"aioseo_notices":[],"gutentor_comment":0,"rttpg_featured_image_url":{"full":["https:\/\/arantv.az\/wp-content\/uploads\/2018\/11\/05-1.jpg",2360,1196,false],"landscape":["https:\/\/arantv.az\/wp-content\/uploads\/2018\/11\/05-1.jpg",2360,1196,false],"portraits":["https:\/\/arantv.az\/wp-content\/uploads\/2018\/11\/05-1.jpg",2360,1196,false],"thumbnail":["https:\/\/arantv.az\/wp-content\/uploads\/2018\/11\/05-1-150x150.jpg",150,150,true],"medium":["https:\/\/arantv.az\/wp-content\/uploads\/2018\/11\/05-1-300x152.jpg",300,152,true],"large":["https:\/\/arantv.az\/wp-content\/uploads\/2018\/11\/05-1-1024x519.jpg",640,324,true],"1536x1536":["https:\/\/arantv.az\/wp-content\/uploads\/2018\/11\/05-1.jpg",1536,778,false],"2048x2048":["https:\/\/arantv.az\/wp-content\/uploads\/2018\/11\/05-1.jpg",2048,1038,false],"post-thumbnail":["https:\/\/arantv.az\/wp-content\/uploads\/2018\/11\/05-1-240x172.jpg",240,172,true],"advps-thumb-one":["https:\/\/arantv.az\/wp-content\/uploads\/2018\/11\/05-1-1200x620.jpg",1200,620,true]},"rttpg_author":{"display_name":"V\u00fcsal Rafiqo\u011flu","author_link":"https:\/\/arantv.az\/?author=2"},"rttpg_comment":0,"rttpg_category":"<a href=\"https:\/\/arantv.az\/?cat=8\" rel=\"category\">\u018fsas s\u0259hif\u0259<\/a>","rttpg_excerpt":"ARANTV.AZ x\u0259b\u0259r verir ki, noyabr\u0131n 22-d\u0259 Az\u0259rbaycan Respublikas\u0131n\u0131n Prezidenti \u0130lham \u018fliyevin A\u015fqabaddak\u0131 M\u00fcst\u0259qillik Meydan\u0131nda r\u0259smi qar\u015f\u0131lanma m\u0259rasimi olub. Az\u0259rbaycan\u0131n v\u0259 T\u00fcrkm\u0259nistan\u0131n d\u00f6vl\u0259t bayraqlar\u0131n\u0131n dal\u011faland\u0131\u011f\u0131 meydanda Prezident \u0130lham \u018fliyevin \u015f\u0259r\u0259fin\u0259 f\u0259xri qarovul d\u0259st\u0259si d\u00fcz\u00fclm\u00fc\u015fd\u00fc. T\u00fcrkm\u0259nistan Prezidenti Qurbanqulu Berdim\u0259h\u0259mm\u0259dov Az\u0259rbaycan Prezidenti \u0130lham \u018fliyevi qar\u015f\u0131lad\u0131. F\u0259xri qarovul d\u0259st\u0259sinin r\u0259isi Az\u0259rbaycan Prezidentin\u0259 raport verdi. Az\u0259rbaycan\u0131n v\u0259 T\u00fcrkm\u0259nistan\u0131n d\u00f6vl\u0259t himnl\u0259ri&hellip;","_links":{"self":[{"href":"https:\/\/arantv.az\/index.php?rest_route=\/wp\/v2\/posts\/24574"}],"collection":[{"href":"https:\/\/arantv.az\/index.php?rest_route=\/wp\/v2\/posts"}],"about":[{"href":"https:\/\/arantv.az\/index.php?rest_route=\/wp\/v2\/types\/post"}],"author":[{"embeddable":true,"href":"https:\/\/arantv.az\/index.php?rest_route=\/wp\/v2\/users\/2"}],"replies":[{"embeddable":true,"href":"https:\/\/arantv.az\/index.php?rest_route=%2Fwp%2Fv2%2Fcomments&post=24574"}],"version-history":[{"count":0,"href":"https:\/\/arantv.az\/index.php?rest_route=\/wp\/v2\/posts\/24574\/revisions"}],"wp:featuredmedia":[{"embeddable":true,"href":"https:\/\/arantv.az\/index.php?rest_route=\/wp\/v2\/media\/24575"}],"wp:attachment":[{"href":"https:\/\/arantv.az\/index.php?rest_route=%2Fwp%2Fv2%2Fmedia&parent=24574"}],"wp:term":[{"taxonomy":"category","embeddable":true,"href":"https:\/\/arantv.az\/index.php?rest_route=%2Fwp%2Fv2%2Fcategories&post=24574"},{"taxonomy":"post_tag","embeddable":true,"href":"https:\/\/arantv.az\/index.php?rest_route=%2Fwp%2Fv2%2Ftags&post=24574"}],"curies":[{"name":"wp","href":"https:\/\/api.w.org\/{rel}","templated":true}]}}