{"id":24581,"date":"2018-11-22T13:44:12","date_gmt":"2018-11-22T10:44:12","guid":{"rendered":"http:\/\/arantv.az\/?p=24581"},"modified":"2018-11-22T13:44:12","modified_gmt":"2018-11-22T10:44:12","slug":"millimiz-iranda-erm%c9%99nil%c9%99ri-m%c9%99glub-etdi-v%c9%99-medal-qazandi-foto","status":"publish","type":"post","link":"https:\/\/arantv.az\/?p=24581","title":{"rendered":"Millimiz \u0130randa erm\u0259nil\u0259ri m\u0259\u011flub etdi v\u0259 medal qazand\u0131 &#8211; FOTO"},"content":{"rendered":"<p>D\u00fcn\u0259n \u0130ran\u0131n G\u00fcrgan \u015f\u0259h\u0259rind\u0259 15 ya\u015fad\u0259k s\u0259rb\u0259st g\u00fcl\u0259\u015f\u00e7il\u0259r aras\u0131nda \u201cDay of Children Cup\u201d\u00a0turniri ke\u00e7irilib.<\/p>\n<p><b>ARANTV.AZ\u00a0<\/b> x\u0259b\u0259r verir ki, komanda yar\u0131\u015f\u0131nda \u00f6lk\u0259mizi b\u00f6y\u00fck m\u0259\u015fq\u00e7i\u00a0<strong>Namiq Quliyev<\/strong>\u00a0v\u0259 m\u0259\u015fq\u00e7i\u00a0<strong>Mehman N\u0259c\u0259fov<\/strong>un r\u0259hb\u0259rliyi alt\u0131nda\u00a0<strong>Ruslan Abdullayev<\/strong>\u00a0(-38 kq),\u00a0<strong>Emin Qocayev<\/strong>,\u00a0<strong>Abdul Abdullayev<\/strong>\u00a0(h\u0259r ikisi -41 kq),\u00a0<strong>Mahir M\u0259mm\u0259dov<\/strong>\u00a0(-44 kq),\u00a0<strong>Ramiq Heyb\u0259tov<\/strong>,\u00a0<strong>Nur\u0259ddin Novruzov<\/strong>(h\u0259r ikisi -48 kq),\u00a0<strong>A\u011fan\u0259z\u0259r Novruzov<\/strong>\u00a0(-52 kq),\u00a0<strong>M\u0259h\u0259mm\u0259d\u0259li Quliyev<\/strong>(-57 kq),\u00a0<strong>Namus Orucov<\/strong>\u00a0(-62 kq),\u00a0<strong>S\u0259ttarxan Allahverdili<\/strong>\u00a0(-68 kq),\u00a0<strong>Varis Mehdizad\u0259<\/strong>\u00a0(-75 kq) v\u0259\u00a0<strong>X\u0259lil Allahverdiyev<\/strong>d\u0259n (-85 kq) ibar\u0259t kollektiv t\u0259msil edib.<\/p>\n<p>Y\u0131\u011fmam\u0131z qrupda \u0130ran-1 komandas\u0131na 3:7 hesab\u0131 il\u0259\u00a0uduzubsa, eyni hesabla Erm\u0259nistana qalib g\u0259lib. Bu n\u0259tic\u0259 il\u0259 qrupda II yeri tutan millimiz \u0130ran-2-ni (7:3) m\u0259\u011flub ed\u0259r\u0259k b\u00fcr\u00fcnc medal\u0131n sahibi olub.<\/p>\n<div id=\"AdributorNativeVideo0\" class=\"AdributorNativeVideo\"><\/div>\n<p>F\u0259rdi birincilikd\u0259 Ruslan Abdullayev, Ramiq Heyb\u0259tov v\u0259 M\u0259h\u0259mm\u0259d\u0259li Quliyev q\u0131z\u0131l, Mahir M\u0259mm\u0259dov is\u0259 g\u00fcm\u00fc\u015f medal\u0131 boynundan as\u0131b.<\/p>\n<div class=\"gallery\">\n<div class=\"gallery-i\"><img src=\"https:\/\/assets.oxu.az\/uploads\/W1siZiIsIjIwMTgvMTEvMjIvMTIvMzcvMDYvYWIxOTU2OWEtZWQ3Yi00NWMxLTgzY2ItNDZmMzRjYmVjOGMyL2d1bGVzNC5qcGciXSxbInAiLCJlbmNvZGUiLCJqcGciLCItcXVhbGl0eSA4MCJdLFsicCIsInRodW1iIiwiNTkweDU5MFx1MDAzZSJdXQ?sha=12d4c17c40179e2a\" \/><\/p>\n<div class=\"gallery-i-caption\"><\/div>\n<\/div>\n<div class=\"gallery-i\"><img src=\"https:\/\/assets.oxu.az\/uploads\/W1siZiIsIjIwMTgvMTEvMjIvMTIvMzcvMDcvNWFjZjkxMmItZjlhMS00NDE5LWJhNzEtZDNkOTM1NTk3NGY0L2d1bGVzMy5qcGciXSxbInAiLCJlbmNvZGUiLCJqcGciLCItcXVhbGl0eSA4MCJdLFsicCIsInRodW1iIiwiNTkweDU5MFx1MDAzZSJdXQ?sha=a39193afa8a6e26c\" \/><\/p>\n<div class=\"gallery-i-caption\"><\/div>\n<\/div>\n<div class=\"gallery-i\"><img src=\"https:\/\/assets.oxu.az\/uploads\/W1siZiIsIjIwMTgvMTEvMjIvMTIvMzcvMDgvOWM0M2M5YzAtZGMyZC00NzBkLTgyMjYtZGZhZjVlYjA4OWZmL2d1bGVzMi5qcGciXSxbInAiLCJlbmNvZGUiLCJqcGciLCItcXVhbGl0eSA4MCJdLFsicCIsInRodW1iIiwiNTkweDU5MFx1MDAzZSJdXQ?sha=790d3fa6604b3f03\" \/><\/p>\n<div class=\"gallery-i-caption\"><\/div>\n<\/div>\n<div class=\"gallery-i\"><img src=\"https:\/\/assets.oxu.az\/uploads\/W1siZiIsIjIwMTgvMTEvMjIvMTIvMzcvMDgvODM3MzNiNTgtNDU4NS00ZTc3LWJhYmUtZmM0ZDc2ZTI1M2Q2L2d1bGVzMS5qcGciXSxbInAiLCJlbmNvZGUiLCJqcGciLCItcXVhbGl0eSA4MCJdLFsicCIsInRodW1iIiwiNTkweDU5MFx1MDAzZSJdXQ?sha=a7e6fd44269b6731\" \/><\/p>\n<div class=\"gallery-i-caption\"><\/div>\n<\/div>\n<div class=\"gallery-i\"><img src=\"https:\/\/assets.oxu.az\/uploads\/W1siZiIsIjIwMTgvMTEvMjIvMTIvMzcvMDkvZjhmZmJmNjktYWE3OC00YzRhLTgwNGYtODQ0MWM5ZTQ4ZmEwL2d1bGVzLmpwZyJdLFsicCIsImVuY29kZSIsImpwZyIsIi1xdWFsaXR5IDgwIl0sWyJwIiwidGh1bWIiLCI1OTB4NTkwXHUwMDNlIl1d?sha=a9acbd1d010dc174\" \/><\/p>\n<div class=\"gallery-i-caption\"><\/div>\n<\/div>\n<\/div>\n<p>Qeyd ed\u0259k ki, II d\u0259r\u0259c\u0259li beyn\u0259lxalq hakim\u00a0<strong>Zaur \u015e\u0259rifov<\/strong>\u00a0\u0259n\u0259n\u0259vi yar\u0131\u015fda \u0259dal\u0259ti qoruyub.<\/p>\n<p>oxu.az<\/p>\n","protected":false},"excerpt":{"rendered":"<p>D\u00fcn\u0259n \u0130ran\u0131n G\u00fcrgan \u015f\u0259h\u0259rind\u0259 15 ya\u015fad\u0259k s\u0259rb\u0259st g\u00fcl\u0259\u015f\u00e7il\u0259r aras\u0131nda \u201cDay of Children Cup\u201d\u00a0turniri ke\u00e7irilib. ARANTV.AZ\u00a0 x\u0259b\u0259r verir ki, komanda yar\u0131\u015f\u0131nda \u00f6lk\u0259mizi b\u00f6y\u00fck m\u0259\u015fq\u00e7i\u00a0Namiq Quliyev\u00a0v\u0259 m\u0259\u015fq\u00e7i\u00a0Mehman N\u0259c\u0259fovun r\u0259hb\u0259rliyi alt\u0131nda\u00a0Ruslan Abdullayev\u00a0(-38 kq),\u00a0Emin Qocayev,\u00a0Abdul Abdullayev\u00a0(h\u0259r ikisi -41 kq),\u00a0Mahir M\u0259mm\u0259dov\u00a0(-44 kq),\u00a0Ramiq Heyb\u0259tov,\u00a0Nur\u0259ddin Novruzov(h\u0259r ikisi -48 kq),\u00a0A\u011fan\u0259z\u0259r Novruzov\u00a0(-52 kq),\u00a0M\u0259h\u0259mm\u0259d\u0259li Quliyev(-57 kq),\u00a0Namus Orucov\u00a0(-62 kq),\u00a0S\u0259ttarxan Allahverdili\u00a0(-68 kq),\u00a0Varis Mehdizad\u0259\u00a0(-75 kq) v\u0259\u00a0X\u0259lil Allahverdiyevd\u0259n (-85 kq) ibar\u0259t kollektiv t\u0259msil edib. Y\u0131\u011fmam\u0131z qrupda \u0130ran-1 komandas\u0131na 3:7 hesab\u0131 il\u0259\u00a0uduzubsa, eyni hesabla Erm\u0259nistana qalib g\u0259lib. Bu n\u0259tic\u0259 il\u0259 qrupda II yeri tutan millimiz \u0130ran-2-ni (7:3) m\u0259\u011flub ed\u0259r\u0259k b\u00fcr\u00fcnc medal\u0131n sahibi olub. F\u0259rdi birincilikd\u0259&hellip;<\/p>\n","protected":false},"author":2,"featured_media":24582,"comment_status":"closed","ping_status":"closed","sticky":false,"template":"","format":"standard","meta":{"om_disable_all_campaigns":false,"_monsterinsights_skip_tracking":false,"_monsterinsights_sitenote_active":false,"_monsterinsights_sitenote_note":"","_monsterinsights_sitenote_category":0},"categories":[6],"tags":[],"aioseo_notices":[],"gutentor_comment":0,"rttpg_featured_image_url":{"full":["https:\/\/arantv.az\/wp-content\/uploads\/2018\/11\/gules.jpg",620,349,false],"landscape":["https:\/\/arantv.az\/wp-content\/uploads\/2018\/11\/gules.jpg",620,349,false],"portraits":["https:\/\/arantv.az\/wp-content\/uploads\/2018\/11\/gules.jpg",620,349,false],"thumbnail":["https:\/\/arantv.az\/wp-content\/uploads\/2018\/11\/gules-150x150.jpg",150,150,true],"medium":["https:\/\/arantv.az\/wp-content\/uploads\/2018\/11\/gules-300x169.jpg",300,169,true],"large":["https:\/\/arantv.az\/wp-content\/uploads\/2018\/11\/gules.jpg",620,349,false],"1536x1536":["https:\/\/arantv.az\/wp-content\/uploads\/2018\/11\/gules.jpg",620,349,false],"2048x2048":["https:\/\/arantv.az\/wp-content\/uploads\/2018\/11\/gules.jpg",620,349,false],"post-thumbnail":["https:\/\/arantv.az\/wp-content\/uploads\/2018\/11\/gules-240x172.jpg",240,172,true],"advps-thumb-one":["https:\/\/arantv.az\/wp-content\/uploads\/2018\/11\/gules.jpg",620,349,false]},"rttpg_author":{"display_name":"V\u00fcsal Rafiqo\u011flu","author_link":"https:\/\/arantv.az\/?author=2"},"rttpg_comment":0,"rttpg_category":"<a href=\"https:\/\/arantv.az\/?cat=6\" rel=\"category\">\u0130dman<\/a>","rttpg_excerpt":"D\u00fcn\u0259n \u0130ran\u0131n G\u00fcrgan \u015f\u0259h\u0259rind\u0259 15 ya\u015fad\u0259k s\u0259rb\u0259st g\u00fcl\u0259\u015f\u00e7il\u0259r aras\u0131nda \u201cDay of Children Cup\u201d\u00a0turniri ke\u00e7irilib. ARANTV.AZ\u00a0 x\u0259b\u0259r verir ki, komanda yar\u0131\u015f\u0131nda \u00f6lk\u0259mizi b\u00f6y\u00fck m\u0259\u015fq\u00e7i\u00a0Namiq Quliyev\u00a0v\u0259 m\u0259\u015fq\u00e7i\u00a0Mehman N\u0259c\u0259fovun r\u0259hb\u0259rliyi alt\u0131nda\u00a0Ruslan Abdullayev\u00a0(-38 kq),\u00a0Emin Qocayev,\u00a0Abdul Abdullayev\u00a0(h\u0259r ikisi -41 kq),\u00a0Mahir M\u0259mm\u0259dov\u00a0(-44 kq),\u00a0Ramiq Heyb\u0259tov,\u00a0Nur\u0259ddin Novruzov(h\u0259r ikisi -48 kq),\u00a0A\u011fan\u0259z\u0259r Novruzov\u00a0(-52 kq),\u00a0M\u0259h\u0259mm\u0259d\u0259li Quliyev(-57 kq),\u00a0Namus Orucov\u00a0(-62 kq),\u00a0S\u0259ttarxan Allahverdili\u00a0(-68 kq),\u00a0Varis Mehdizad\u0259\u00a0(-75 kq) v\u0259\u00a0X\u0259lil Allahverdiyevd\u0259n (-85&hellip;","_links":{"self":[{"href":"https:\/\/arantv.az\/index.php?rest_route=\/wp\/v2\/posts\/24581"}],"collection":[{"href":"https:\/\/arantv.az\/index.php?rest_route=\/wp\/v2\/posts"}],"about":[{"href":"https:\/\/arantv.az\/index.php?rest_route=\/wp\/v2\/types\/post"}],"author":[{"embeddable":true,"href":"https:\/\/arantv.az\/index.php?rest_route=\/wp\/v2\/users\/2"}],"replies":[{"embeddable":true,"href":"https:\/\/arantv.az\/index.php?rest_route=%2Fwp%2Fv2%2Fcomments&post=24581"}],"version-history":[{"count":0,"href":"https:\/\/arantv.az\/index.php?rest_route=\/wp\/v2\/posts\/24581\/revisions"}],"wp:featuredmedia":[{"embeddable":true,"href":"https:\/\/arantv.az\/index.php?rest_route=\/wp\/v2\/media\/24582"}],"wp:attachment":[{"href":"https:\/\/arantv.az\/index.php?rest_route=%2Fwp%2Fv2%2Fmedia&parent=24581"}],"wp:term":[{"taxonomy":"category","embeddable":true,"href":"https:\/\/arantv.az\/index.php?rest_route=%2Fwp%2Fv2%2Fcategories&post=24581"},{"taxonomy":"post_tag","embeddable":true,"href":"https:\/\/arantv.az\/index.php?rest_route=%2Fwp%2Fv2%2Ftags&post=24581"}],"curies":[{"name":"wp","href":"https:\/\/api.w.org\/{rel}","templated":true}]}}