{"id":24607,"date":"2018-11-22T15:05:26","date_gmt":"2018-11-22T12:05:26","guid":{"rendered":"http:\/\/arantv.az\/?p=24607"},"modified":"2018-11-22T15:05:26","modified_gmt":"2018-11-22T12:05:26","slug":"moht%c9%99r%c9%99m-prezidentimizin-xarici-s%c9%99f%c9%99rl%c9%99ri-v%c9%99-%c9%99ld%c9%99-edil%c9%99n-razilasmalar-ugurlu-siyasi-kursun-muhum-n%c9%99tic%c9%99l%c9%99ridir","status":"publish","type":"post","link":"https:\/\/arantv.az\/?p=24607","title":{"rendered":"&#8220;M\u00f6ht\u0259r\u0259m Prezidentimizin xarici s\u0259f\u0259rl\u0259ri v\u0259 \u0259ld\u0259 edil\u0259n raz\u0131la\u015fmalar u\u011furlu siyasi kursun m\u00fch\u00fcm n\u0259tic\u0259l\u0259ridir&#8221;"},"content":{"rendered":"<p>&#8220;Bu g\u00fcn Az\u0259rbaycan-Belarus m\u00fcnasib\u0259tl\u0259ri strateji t\u0259r\u0259\u015fda\u015fl\u0131q s\u0259viyy\u0259sin\u0259 y\u00fcks\u0259lib. Bu m\u0259nada \u00f6lk\u0259l\u0259rimiz aras\u0131ndak\u0131 siyasi, iqtisadi, h\u0259rbi v\u0259 s. sah\u0259l\u0259ri \u0259hat\u0259 ed\u0259n \u0259laq\u0259l\u0259r yeni inki\u015faf m\u0259rh\u0259l\u0259sin\u0259 q\u0259d\u0259m qoyub. M\u00f6ht\u0259r\u0259m Prezidentimiz \u0130lham \u018fliyevin Belarusa son r\u0259smi s\u0259f\u0259ri bir daha bu reall\u0131\u011f\u0131 \u0259ks etdirir&#8221;.<\/p>\n<p><strong>ARANTV.AZ\u00a0<\/strong> x\u0259b\u0259r verir ki, bu fikirl\u0259ri K\u0130V-\u0259 a\u00e7\u0131qlamas\u0131nda YAP Siyasi \u015euras\u0131n\u0131n \u00fczv\u00fc, &#8220;\u0130ki sahil&#8221; q\u0259zetinin ba\u015f redaktoru\u00a0<strong>V\u00fcqar R\u0259himzad\u0259\u00a0<\/strong>bildirib.<\/p>\n<p>V\u00fcqar R\u0259himzad\u0259 qeyd edib ki, Az\u0259rbaycan v\u0259 Belarus beyn\u0259lxalq t\u0259\u015fkilatlar m\u00fcst\u0259visind\u0259 h\u0259r zaman bir-biril\u0259rin\u0259 d\u0259st\u0259k verir, qar\u015f\u0131l\u0131ql\u0131 h\u00f6rm\u0259t v\u0259 dostluq \u0259laq\u0259l\u0259rini daha da m\u00f6hk\u0259ml\u0259ndirirl\u0259r: &#8220;D\u00f6vl\u0259timizin\u00a0 ba\u015f\u00e7\u0131s\u0131 Belarus Prezidenti il\u0259 g\u00f6r\u00fc\u015f\u00fcnd\u0259n sonra m\u0259tbuata verdiyi b\u0259yanatda da bu m\u0259s\u0259l\u0259l\u0259r\u0259 x\u00fcsusi diqq\u0259t y\u00f6n\u0259ldib. &#8220;Biz beyn\u0259lxalq t\u0259\u015fkilatlarda aktiv qar\u015f\u0131l\u0131ql\u0131 f\u0259aliyy\u0259t g\u00f6st\u0259ririk, b\u00fct\u00fcn m\u0259s\u0259l\u0259l\u0259rd\u0259 bir-birimizi d\u0259st\u0259kl\u0259yirik&#8221;, dey\u0259n m\u00f6ht\u0259r\u0259m Prezidentimiz Erm\u0259nistan-Az\u0259rbaycan Da\u011fl\u0131q Qaraba\u011f m\u00fcnaqi\u015f\u0259sinin nizamlanmas\u0131 il\u0259 \u0259laq\u0259dar Belarusun m\u00f6vqeyin\u0259 g\u00f6r\u0259 Aleksandr Luka\u015fenkoya minn\u0259tdarl\u0131\u011f\u0131n\u0131 bildirib. El\u0259 s\u0259f\u0259r zaman\u0131 imzalanan Birg\u0259 B\u0259yanatda d\u0259qiq qeyd edilib ki, Da\u011fl\u0131q Qaraba\u011f m\u00fcnaqi\u015f\u0259si Az\u0259rbaycan\u0131n \u0259razi b\u00fct\u00f6vl\u00fcy\u00fc, BMT T\u0259hl\u00fck\u0259sizlik \u015euras\u0131n\u0131n q\u0259tnam\u0259l\u0259ri \u00e7\u0259r\u00e7iv\u0259sind\u0259 beyn\u0259lxalq h\u00fcquq norma v\u0259 prinsipl\u0259rin\u0259 uy\u011fun \u015f\u0259kild\u0259 \u00f6z h\u0259llini tapmal\u0131d\u0131r. Bu amil bir daha n\u00fcmayi\u015f etdirir ki, Belarus \u0259dal\u0259tli, beyn\u0259lxalq h\u00fcququn normalar\u0131na uy\u011fun m\u00f6vqe n\u00fcmayi\u015f etdirir, Az\u0259rbaycana yax\u0131n, dost \u00f6lk\u0259 kimi milli maraqlar\u0131m\u0131za b\u00f6y\u00fck h\u00f6rm\u0259tl\u0259 yana\u015f\u0131r&#8221;.<\/p>\n<p>&#8220;\u0130ki sahil&#8221; q\u0259zetinin ba\u015f redaktoru vur\u011fulay\u0131b ki, Az\u0259rbaycan-Belarus m\u00fcnasib\u0259tl\u0259rind\u0259 iqtisadiyyat v\u0259 h\u0259rbi-texniki \u0259m\u0259kda\u015fl\u0131q x\u00fcsusi \u00f6n\u0259m k\u0259sb edir: &#8220;T\u0259sad\u00fcfi deyil ki, s\u0259f\u0259r \u00e7\u0259r\u00e7iv\u0259sind\u0259 &#8220;Az\u0259rbaycan Respublikas\u0131n\u0131n M\u00fcdafi\u0259 Nazirliyi v\u0259 Belarus Respublikas\u0131n\u0131n D\u00f6vl\u0259t H\u0259rbi-S\u0259naye Komit\u0259si aras\u0131nda hava h\u00fccumundan m\u00fcdafi\u0259 silah v\u0259 texnikas\u0131n\u0131n t\u0259chiz olunmas\u0131 sah\u0259sind\u0259 ikit\u0259r\u0259fli qar\u015f\u0131l\u0131ql\u0131 faydal\u0131 \u0259m\u0259kda\u015fl\u0131\u011f\u0131n inki\u015faf etdirilm\u0259si haqq\u0131nda Anla\u015fma Memorandumu&#8221;nu, &#8220;Az\u0259rbaycan Respublikas\u0131 K\u0259nd T\u0259s\u0259rr\u00fcfat\u0131 Nazirliyi il\u0259 Belarus Respublikas\u0131 K\u0259nd T\u0259s\u0259rr\u00fcfat\u0131 v\u0259 \u018frzaq Nazirliyi aras\u0131nda k\u0259nd t\u0259s\u0259rr\u00fcfat\u0131 v\u0259 \u0259rzaq sah\u0259sind\u0259 \u0259m\u0259kda\u015fl\u0131q haqq\u0131nda Sazi\u015f&#8221;i v\u0259 s. s\u0259n\u0259dl\u0259r imzalan\u0131b. M\u00f6ht\u0259r\u0259m Prezidentimiz qeyd edib ki, \u00f6lk\u0259l\u0259rimiz aras\u0131ndak\u0131 h\u0259rbi-texniki \u0259m\u0259kda\u015fl\u0131\u011f\u0131n yax\u015f\u0131 tarixi, kifay\u0259t q\u0259d\u0259r b\u00f6y\u00fck h\u0259cml\u0259ri v\u0259 geni\u015fl\u0259nm\u0259y\u0259 yax\u015f\u0131 meyli var. B\u0259zi statistik r\u0259q\u0259ml\u0259r\u0259 diqq\u0259t yetirs\u0259k iqtisadi \u0259laq\u0259l\u0259rimiz d\u0259 y\u00fcks\u0259k s\u0259viyy\u0259d\u0259 oldu\u011funu g\u00f6r\u0259rik. Bel\u0259 ki, \u00f6t\u0259n 11 ild\u0259 G\u0259nc\u0259 avtomobil zavodunda 10 mind\u0259n \u00e7ox &#8220;Belarus&#8221; traktoru v\u0259 x\u00fcsusi texnika y\u0131\u011f\u0131l\u0131b. Bununla yana\u015f\u0131, 3500-d\u0259n \u00e7ox MAZ avtomobili v\u0259 qo\u015fqular burax\u0131b. H\u0259mi\u00e7inin, \u00f6t\u0259n il Minskd\u0259 Az\u0259rbaycan Ticar\u0259t Evi a\u00e7\u0131l\u0131b. Az\u0259rbaycan Ticar\u0259t Evi &#8220;Made in Azerbaijan&#8221; brendinin Belarus bazar\u0131nda daha \u00e7ox tan\u0131d\u0131lmas\u0131, m\u0259hsullar\u0131m\u0131z\u0131n ixrac\u0131n\u0131n geni\u015fl\u0259ndirilm\u0259sind\u0259 u\u011furlu f\u0259aliyy\u0259t g\u00f6st\u0259rir&#8221;.<\/p>\n<p>V\u00fcqar R\u0259himzad\u0259 \u0259lav\u0259 edib ki, beyn\u0259lxalq birliyin \u0259n f\u0259al \u00fczvl\u0259rind\u0259n birin\u0259 \u00e7evril\u0259n Az\u0259rbaycan regionda v\u0259 d\u00fcnyada mehriban qon\u015fuluq siyas\u0259ti y\u00fcr\u00fcd\u00fcr, b\u00f6y\u00fck d\u00f6vl\u0259tl\u0259rl\u0259, n\u00fcfuzlu beyn\u0259lxalq t\u0259\u015fkilatlarla qar\u015f\u0131l\u0131ql\u0131 faydal\u0131 \u0259m\u0259kda\u015fl\u0131\u011f\u0131 daha da m\u00f6hk\u0259ml\u0259ndirir: &#8220;Prezident \u0130lham \u018fliyevin T\u00fcrkm\u0259nistana s\u0259f\u0259ri d\u0259 faydal\u0131 \u0259m\u0259kda\u015fl\u0131\u011f\u0131n n\u00fcmun\u0259l\u0259rind\u0259n biridir. \u00d6lk\u0259 ba\u015f\u00e7\u0131m\u0131z\u0131n s\u0259f\u0259ri zaman\u0131 y\u00fcks\u0259k s\u0259viyy\u0259li d\u00f6vl\u0259t r\u0259smil\u0259ri il\u0259 g\u00f6r\u00fc\u015fl\u0259r ke\u00e7irm\u0259si, m\u00fch\u00fcm m\u00fczakir\u0259l\u0259r aparmas\u0131 bu reall\u0131\u011f\u0131 bir daha ortaya qoyur. Az\u0259rbaycanla T\u00fcrkm\u0259nistan aras\u0131ndak\u0131 m\u00fcnasib\u0259tl\u0259r x\u00fcsusi \u0259h\u0259miyy\u0259t k\u0259sb edir. Hesab edir\u0259m ki, m\u00f6ht\u0259r\u0259m Prezidentimizin T\u00fcrkm\u0259nistana s\u0259f\u0259ri \u00f6lk\u0259l\u0259rimiz aras\u0131ndak\u0131 s\u0259mimi v\u0259 sars\u0131lmaz, qar\u015f\u0131l\u0131ql\u0131 maraqlar \u00fcz\u0259rind\u0259 qurulan \u0259laq\u0259l\u0259rin tamamil\u0259 yeni m\u0259rh\u0259l\u0259y\u0259 q\u0259d\u0259m qoydu\u011fundan x\u0259b\u0259r verir&#8221;.<\/p>\n<p>&#8220;\u0130ki sahil&#8221; q\u0259zetinin ba\u015f redaktoru onu da bildirb ki, Az\u0259rbaycan-T\u00fcrkm\u0259nistan m\u00fcnasib\u0259tl\u0259rinin z\u0259ngin tarixi var: &#8220;Bu m\u00fcnasib\u0259tl\u0259r h\u0259mi\u015f\u0259 s\u0131x, s\u0259mimi olub, indi is\u0259 strateji \u0259h\u0259miyy\u0259tli m\u00fcnasib\u0259tl\u0259r s\u0259viyy\u0259sin\u0259 \u00e7at\u0131b. Aram\u0131zda f\u0259al siyasi dialoq m\u00f6vcuddur. T\u00fcrkm\u0259nistan Az\u0259rbaycan\u0131n \u0259razi b\u00fct\u00f6vl\u00fcy\u00fcn\u00fc v\u0259 suverenliyini q\u0259tiyy\u0259tl\u0259 d\u0259st\u0259kl\u0259yir. Az\u0259rbaycan art\u0131q g\u00fccl\u00fc d\u00f6vl\u0259tl\u0259r s\u0131ras\u0131nda yer al\u0131b. \u015e\u00fcbh\u0259siz ki, \u00f6lk\u0259miz m\u00f6ht\u0259r\u0259m Prezidentimiz \u0130lham \u018fliyevin h\u0259yata ke\u00e7irdiyi u\u011furlu daxili v\u0259 xarici siyas\u0259t say\u0259sind\u0259 d\u00fcnya miqyas\u0131nda bu m\u00f6vqeyini qoruyub saxlayacaq v\u0259 daha da m\u00f6hk\u0259ml\u0259ndir\u0259c\u0259k. Bu m\u0259nada m\u00f6ht\u0259r\u0259m Prezidentimizin xarici s\u0259f\u0259rl\u0259ri v\u0259 \u0259ld\u0259 edil\u0259n raz\u0131la\u015fmalar u\u011furlu siyasi kursun m\u00fch\u00fcm n\u0259tic\u0259l\u0259ridir&#8221;. milli.az<\/p>\n","protected":false},"excerpt":{"rendered":"<p>&#8220;Bu g\u00fcn Az\u0259rbaycan-Belarus m\u00fcnasib\u0259tl\u0259ri strateji t\u0259r\u0259\u015fda\u015fl\u0131q s\u0259viyy\u0259sin\u0259 y\u00fcks\u0259lib. Bu m\u0259nada \u00f6lk\u0259l\u0259rimiz aras\u0131ndak\u0131 siyasi, iqtisadi, h\u0259rbi v\u0259 s. sah\u0259l\u0259ri \u0259hat\u0259 ed\u0259n \u0259laq\u0259l\u0259r yeni inki\u015faf m\u0259rh\u0259l\u0259sin\u0259 q\u0259d\u0259m qoyub. M\u00f6ht\u0259r\u0259m Prezidentimiz \u0130lham \u018fliyevin Belarusa son r\u0259smi s\u0259f\u0259ri bir daha bu reall\u0131\u011f\u0131 \u0259ks etdirir&#8221;. ARANTV.AZ\u00a0 x\u0259b\u0259r verir ki, bu fikirl\u0259ri K\u0130V-\u0259 a\u00e7\u0131qlamas\u0131nda YAP Siyasi \u015euras\u0131n\u0131n \u00fczv\u00fc, &#8220;\u0130ki sahil&#8221; q\u0259zetinin ba\u015f redaktoru\u00a0V\u00fcqar R\u0259himzad\u0259\u00a0bildirib. V\u00fcqar R\u0259himzad\u0259 qeyd edib ki, Az\u0259rbaycan v\u0259 Belarus beyn\u0259lxalq t\u0259\u015fkilatlar m\u00fcst\u0259visind\u0259 h\u0259r zaman bir-biril\u0259rin\u0259 d\u0259st\u0259k verir, qar\u015f\u0131l\u0131ql\u0131 h\u00f6rm\u0259t v\u0259 dostluq \u0259laq\u0259l\u0259rini daha da m\u00f6hk\u0259ml\u0259ndirirl\u0259r: &#8220;D\u00f6vl\u0259timizin\u00a0 ba\u015f\u00e7\u0131s\u0131 Belarus Prezidenti il\u0259 g\u00f6r\u00fc\u015f\u00fcnd\u0259n sonra m\u0259tbuata&hellip;<\/p>\n","protected":false},"author":2,"featured_media":24608,"comment_status":"closed","ping_status":"closed","sticky":false,"template":"","format":"standard","meta":{"om_disable_all_campaigns":false,"_monsterinsights_skip_tracking":false,"_monsterinsights_sitenote_active":false,"_monsterinsights_sitenote_note":"","_monsterinsights_sitenote_category":0},"categories":[4],"tags":[],"aioseo_notices":[],"gutentor_comment":0,"rttpg_featured_image_url":{"full":["https:\/\/arantv.az\/wp-content\/uploads\/2018\/11\/vuqar_rehimzade.jpg",800,600,false],"landscape":["https:\/\/arantv.az\/wp-content\/uploads\/2018\/11\/vuqar_rehimzade.jpg",800,600,false],"portraits":["https:\/\/arantv.az\/wp-content\/uploads\/2018\/11\/vuqar_rehimzade.jpg",800,600,false],"thumbnail":["https:\/\/arantv.az\/wp-content\/uploads\/2018\/11\/vuqar_rehimzade-150x150.jpg",150,150,true],"medium":["https:\/\/arantv.az\/wp-content\/uploads\/2018\/11\/vuqar_rehimzade-300x225.jpg",300,225,true],"large":["https:\/\/arantv.az\/wp-content\/uploads\/2018\/11\/vuqar_rehimzade.jpg",640,480,false],"1536x1536":["https:\/\/arantv.az\/wp-content\/uploads\/2018\/11\/vuqar_rehimzade.jpg",800,600,false],"2048x2048":["https:\/\/arantv.az\/wp-content\/uploads\/2018\/11\/vuqar_rehimzade.jpg",800,600,false],"post-thumbnail":["https:\/\/arantv.az\/wp-content\/uploads\/2018\/11\/vuqar_rehimzade-240x172.jpg",240,172,true],"advps-thumb-one":["https:\/\/arantv.az\/wp-content\/uploads\/2018\/11\/vuqar_rehimzade.jpg",800,600,false]},"rttpg_author":{"display_name":"V\u00fcsal Rafiqo\u011flu","author_link":"https:\/\/arantv.az\/?author=2"},"rttpg_comment":0,"rttpg_category":"<a href=\"https:\/\/arantv.az\/?cat=4\" rel=\"category\">Siyas\u0259t<\/a>","rttpg_excerpt":"&#8220;Bu g\u00fcn Az\u0259rbaycan-Belarus m\u00fcnasib\u0259tl\u0259ri strateji t\u0259r\u0259\u015fda\u015fl\u0131q s\u0259viyy\u0259sin\u0259 y\u00fcks\u0259lib. Bu m\u0259nada \u00f6lk\u0259l\u0259rimiz aras\u0131ndak\u0131 siyasi, iqtisadi, h\u0259rbi v\u0259 s. sah\u0259l\u0259ri \u0259hat\u0259 ed\u0259n \u0259laq\u0259l\u0259r yeni inki\u015faf m\u0259rh\u0259l\u0259sin\u0259 q\u0259d\u0259m qoyub. M\u00f6ht\u0259r\u0259m Prezidentimiz \u0130lham \u018fliyevin Belarusa son r\u0259smi s\u0259f\u0259ri bir daha bu reall\u0131\u011f\u0131 \u0259ks etdirir&#8221;. ARANTV.AZ\u00a0 x\u0259b\u0259r verir ki, bu fikirl\u0259ri K\u0130V-\u0259 a\u00e7\u0131qlamas\u0131nda YAP Siyasi \u015euras\u0131n\u0131n \u00fczv\u00fc, &#8220;\u0130ki sahil&#8221; q\u0259zetinin&hellip;","_links":{"self":[{"href":"https:\/\/arantv.az\/index.php?rest_route=\/wp\/v2\/posts\/24607"}],"collection":[{"href":"https:\/\/arantv.az\/index.php?rest_route=\/wp\/v2\/posts"}],"about":[{"href":"https:\/\/arantv.az\/index.php?rest_route=\/wp\/v2\/types\/post"}],"author":[{"embeddable":true,"href":"https:\/\/arantv.az\/index.php?rest_route=\/wp\/v2\/users\/2"}],"replies":[{"embeddable":true,"href":"https:\/\/arantv.az\/index.php?rest_route=%2Fwp%2Fv2%2Fcomments&post=24607"}],"version-history":[{"count":0,"href":"https:\/\/arantv.az\/index.php?rest_route=\/wp\/v2\/posts\/24607\/revisions"}],"wp:featuredmedia":[{"embeddable":true,"href":"https:\/\/arantv.az\/index.php?rest_route=\/wp\/v2\/media\/24608"}],"wp:attachment":[{"href":"https:\/\/arantv.az\/index.php?rest_route=%2Fwp%2Fv2%2Fmedia&parent=24607"}],"wp:term":[{"taxonomy":"category","embeddable":true,"href":"https:\/\/arantv.az\/index.php?rest_route=%2Fwp%2Fv2%2Fcategories&post=24607"},{"taxonomy":"post_tag","embeddable":true,"href":"https:\/\/arantv.az\/index.php?rest_route=%2Fwp%2Fv2%2Ftags&post=24607"}],"curies":[{"name":"wp","href":"https:\/\/api.w.org\/{rel}","templated":true}]}}