{"id":24610,"date":"2018-11-22T15:06:51","date_gmt":"2018-11-22T12:06:51","guid":{"rendered":"http:\/\/arantv.az\/?p=24610"},"modified":"2018-11-22T15:06:51","modified_gmt":"2018-11-22T12:06:51","slug":"turkiy%c9%99-prezidentinin-m%c9%99tbuat-katibi-erm%c9%99nistan-isgal-olunmus-az%c9%99rbaycan-torpaqlarini-azad-etm%c9%99lidir","status":"publish","type":"post","link":"https:\/\/arantv.az\/?p=24610","title":{"rendered":"T\u00fcrkiy\u0259 prezidentinin m\u0259tbuat katibi: &#8220;Erm\u0259nistan i\u015f\u011fal olunmu\u015f Az\u0259rbaycan torpaqlar\u0131n\u0131 azad etm\u0259lidir&#8221;"},"content":{"rendered":"<p><strong>&#8220;Erm\u0259nistan Az\u0259rbaycan\u0131n i\u015f\u011fal edilmi\u015f \u0259razil\u0259rini azad etm\u0259lidir&#8221;.<\/strong><\/p>\n<p><strong>ARANTV.AZ<\/strong> trend-\u0259 istinad\u0259n x\u0259b\u0259r verir ki, bunu T\u00fcrkiy\u0259 prezidentinin m\u0259tbuat katibi \u0130brahim Kal\u0131n Ankarada T\u00fcrkiy\u0259 v\u0259 Rusiya aras\u0131nda g\u0259l\u0259c\u0259k m\u00fcnasib\u0259tl\u0259r\u0259 h\u0259sr olunmu\u015f konfransda \u00e7\u0131x\u0131\u015f\u0131 zaman\u0131 deyib.<\/p>\n<p>M\u0259tbuat katibi h\u0259m\u00e7inin qeyd edib ki, i\u015f\u011fal olunmu\u015f Az\u0259rbaycan torpaqlar\u0131n\u0131 azad etm\u0259k Erm\u0259nistan\u0131n \u00f6z\u00fcn\u00fcn xeyrin\u0259 olacaq.<\/p>\n<p>\u0130.Kal\u0131n\u0131n s\u00f6zl\u0259rin\u0259 g\u00f6r\u0259, Rusiya da Da\u011fl\u0131q Qaraba\u011f m\u00fcnaqi\u015f\u0259sinin h\u0259llind\u0259 b\u00f6y\u00fck m\u0259suliyy\u0259t da\u015f\u0131y\u0131r.<\/p>\n<p>T\u00fcrkiy\u0259 prezidentinin m\u0259tbuat katibi vur\u011fulay\u0131b: &#8220;\u0130\u015f\u011fal olunmu\u015f Az\u0259rbaycan torpaqlar\u0131n\u0131n azad edilm\u0259si C\u0259nubi Qafqaz regionunda s\u00fclh v\u0259 sabitliyin b\u0259rq\u0259rar olmas\u0131nda \u00e7ox vacibdir&#8221;.<\/p>\n","protected":false},"excerpt":{"rendered":"<p>&#8220;Erm\u0259nistan Az\u0259rbaycan\u0131n i\u015f\u011fal edilmi\u015f \u0259razil\u0259rini azad etm\u0259lidir&#8221;. ARANTV.AZ trend-\u0259 istinad\u0259n x\u0259b\u0259r verir ki, bunu T\u00fcrkiy\u0259 prezidentinin m\u0259tbuat katibi \u0130brahim Kal\u0131n Ankarada T\u00fcrkiy\u0259 v\u0259 Rusiya aras\u0131nda g\u0259l\u0259c\u0259k m\u00fcnasib\u0259tl\u0259r\u0259 h\u0259sr olunmu\u015f konfransda \u00e7\u0131x\u0131\u015f\u0131 zaman\u0131 deyib. M\u0259tbuat katibi h\u0259m\u00e7inin qeyd edib ki, i\u015f\u011fal olunmu\u015f Az\u0259rbaycan torpaqlar\u0131n\u0131 azad etm\u0259k Erm\u0259nistan\u0131n \u00f6z\u00fcn\u00fcn xeyrin\u0259 olacaq. \u0130.Kal\u0131n\u0131n s\u00f6zl\u0259rin\u0259 g\u00f6r\u0259, Rusiya da Da\u011fl\u0131q Qaraba\u011f m\u00fcnaqi\u015f\u0259sinin h\u0259llind\u0259 b\u00f6y\u00fck m\u0259suliyy\u0259t da\u015f\u0131y\u0131r. T\u00fcrkiy\u0259 prezidentinin m\u0259tbuat katibi vur\u011fulay\u0131b: &#8220;\u0130\u015f\u011fal olunmu\u015f Az\u0259rbaycan torpaqlar\u0131n\u0131n azad edilm\u0259si C\u0259nubi Qafqaz regionunda s\u00fclh v\u0259 sabitliyin b\u0259rq\u0259rar olmas\u0131nda \u00e7ox vacibdir&#8221;.<\/p>\n","protected":false},"author":2,"featured_media":24611,"comment_status":"closed","ping_status":"closed","sticky":false,"template":"","format":"standard","meta":{"om_disable_all_campaigns":false,"_monsterinsights_skip_tracking":false,"_monsterinsights_sitenote_active":false,"_monsterinsights_sitenote_note":"","_monsterinsights_sitenote_category":0},"categories":[4],"tags":[],"aioseo_notices":[],"gutentor_comment":0,"rttpg_featured_image_url":{"full":["https:\/\/arantv.az\/wp-content\/uploads\/2018\/11\/706116.jpg",800,600,false],"landscape":["https:\/\/arantv.az\/wp-content\/uploads\/2018\/11\/706116.jpg",800,600,false],"portraits":["https:\/\/arantv.az\/wp-content\/uploads\/2018\/11\/706116.jpg",800,600,false],"thumbnail":["https:\/\/arantv.az\/wp-content\/uploads\/2018\/11\/706116-150x150.jpg",150,150,true],"medium":["https:\/\/arantv.az\/wp-content\/uploads\/2018\/11\/706116-300x225.jpg",300,225,true],"large":["https:\/\/arantv.az\/wp-content\/uploads\/2018\/11\/706116.jpg",640,480,false],"1536x1536":["https:\/\/arantv.az\/wp-content\/uploads\/2018\/11\/706116.jpg",800,600,false],"2048x2048":["https:\/\/arantv.az\/wp-content\/uploads\/2018\/11\/706116.jpg",800,600,false],"post-thumbnail":["https:\/\/arantv.az\/wp-content\/uploads\/2018\/11\/706116-240x172.jpg",240,172,true],"advps-thumb-one":["https:\/\/arantv.az\/wp-content\/uploads\/2018\/11\/706116.jpg",800,600,false]},"rttpg_author":{"display_name":"V\u00fcsal Rafiqo\u011flu","author_link":"https:\/\/arantv.az\/?author=2"},"rttpg_comment":0,"rttpg_category":"<a href=\"https:\/\/arantv.az\/?cat=4\" rel=\"category\">Siyas\u0259t<\/a>","rttpg_excerpt":"&#8220;Erm\u0259nistan Az\u0259rbaycan\u0131n i\u015f\u011fal edilmi\u015f \u0259razil\u0259rini azad etm\u0259lidir&#8221;. ARANTV.AZ trend-\u0259 istinad\u0259n x\u0259b\u0259r verir ki, bunu T\u00fcrkiy\u0259 prezidentinin m\u0259tbuat katibi \u0130brahim Kal\u0131n Ankarada T\u00fcrkiy\u0259 v\u0259 Rusiya aras\u0131nda g\u0259l\u0259c\u0259k m\u00fcnasib\u0259tl\u0259r\u0259 h\u0259sr olunmu\u015f konfransda \u00e7\u0131x\u0131\u015f\u0131 zaman\u0131 deyib. M\u0259tbuat katibi h\u0259m\u00e7inin qeyd edib ki, i\u015f\u011fal olunmu\u015f Az\u0259rbaycan torpaqlar\u0131n\u0131 azad etm\u0259k Erm\u0259nistan\u0131n \u00f6z\u00fcn\u00fcn xeyrin\u0259 olacaq. \u0130.Kal\u0131n\u0131n s\u00f6zl\u0259rin\u0259 g\u00f6r\u0259, Rusiya da Da\u011fl\u0131q&hellip;","_links":{"self":[{"href":"https:\/\/arantv.az\/index.php?rest_route=\/wp\/v2\/posts\/24610"}],"collection":[{"href":"https:\/\/arantv.az\/index.php?rest_route=\/wp\/v2\/posts"}],"about":[{"href":"https:\/\/arantv.az\/index.php?rest_route=\/wp\/v2\/types\/post"}],"author":[{"embeddable":true,"href":"https:\/\/arantv.az\/index.php?rest_route=\/wp\/v2\/users\/2"}],"replies":[{"embeddable":true,"href":"https:\/\/arantv.az\/index.php?rest_route=%2Fwp%2Fv2%2Fcomments&post=24610"}],"version-history":[{"count":0,"href":"https:\/\/arantv.az\/index.php?rest_route=\/wp\/v2\/posts\/24610\/revisions"}],"wp:featuredmedia":[{"embeddable":true,"href":"https:\/\/arantv.az\/index.php?rest_route=\/wp\/v2\/media\/24611"}],"wp:attachment":[{"href":"https:\/\/arantv.az\/index.php?rest_route=%2Fwp%2Fv2%2Fmedia&parent=24610"}],"wp:term":[{"taxonomy":"category","embeddable":true,"href":"https:\/\/arantv.az\/index.php?rest_route=%2Fwp%2Fv2%2Fcategories&post=24610"},{"taxonomy":"post_tag","embeddable":true,"href":"https:\/\/arantv.az\/index.php?rest_route=%2Fwp%2Fv2%2Ftags&post=24610"}],"curies":[{"name":"wp","href":"https:\/\/api.w.org\/{rel}","templated":true}]}}