{"id":24613,"date":"2018-11-22T15:07:48","date_gmt":"2018-11-22T12:07:48","guid":{"rendered":"http:\/\/arantv.az\/?p=24613"},"modified":"2018-11-22T15:07:48","modified_gmt":"2018-11-22T12:07:48","slug":"ekspert-dunya-anlayir-ki-erm%c9%99nistan-yaziq-oldugu-ucun-yox-t%c9%99cavuzkar-oldugu-ucun-ac-yalavac-duruma-dusub","status":"publish","type":"post","link":"https:\/\/arantv.az\/?p=24613","title":{"rendered":"Ekspert: &#8220;D\u00fcnya anlay\u0131r ki, Erm\u0259nistan yaz\u0131q oldu\u011fu \u00fc\u00e7\u00fcn yox, t\u0259cav\u00fczkar oldu\u011fu \u00fc\u00e7\u00fcn ac-yalavac duruma d\u00fc\u015f\u00fcb&#8221;"},"content":{"rendered":"<p><strong>&#8220;Erm\u0259ni\u00e7ilik ideologiyas\u0131 tarix\u0259n genetik x\u0259yan\u0259t, yaltaql\u0131q, \u0259l\u0259bax\u0131ml\u0131l\u0131q, dil\u0259n\u00e7ilik, m\u0259qs\u0259d\u0259 y\u00fcr\u00fcy\u0259rk\u0259n h\u0259r c\u00fcr davran\u0131\u015fa psixoloji haz\u0131rl\u0131q, satq\u0131nl\u0131q kimi qeyri-b\u0259\u015f\u0259ri v\u0259 qeyri-insani \u0259m\u0259ll\u0259r \u00fcz\u0259rind\u0259 qurulub&#8221;.<\/strong><\/p>\n<p><strong>ARANTV.AZ<\/strong>\u00a0 x\u0259b\u0259r verir ki, bunu trend-\u0259 a\u00e7\u0131qlamas\u0131nda &#8220;Bak\u0131 x\u0259b\u0259r&#8221; q\u0259zetinin ba\u015f redaktoru, ekspert\u00a0<strong>Ayd\u0131n Quliyev<\/strong>\u00a0deyib.<\/p>\n<p>Onun s\u00f6zl\u0259rin\u0259 g\u00f6r\u0259, bunu t\u0259kc\u0259 orta \u0259sr Avropa v\u0259 Rusiya m\u00fct\u0259f\u0259kkirl\u0259rinin erm\u0259ni psixologiyas\u0131 v\u0259 erm\u0259ni\u00e7ilik ideologiyas\u0131 bar\u0259d\u0259 fikirl\u0259ri deyil, h\u0259m d\u0259 6-c\u0131 \u0259srd\u0259n ba\u015flayaraq indiy\u0259 q\u0259d\u0259rki \u00e7ox tutarl\u0131 tarixi faktlar s\u00fcbut edir:<\/p>\n<p>&#8220;Bizans imperiyas\u0131 il\u0259 Sasanil\u0259r d\u00f6vl\u0259tinin, Bizansla erk\u0259n \u0259r\u0259b d\u00f6vl\u0259tinin, xa\u00e7 y\u00fcr\u00fc\u015fl\u0259rinin t\u0259\u015fkilat\u00e7\u0131lar\u0131 olan alman, frans\u0131z, ingilis krallar\u0131 il\u0259 Bizans imperatorlar\u0131, \u00e7ar Rusiyas\u0131 il\u0259 Osmanl\u0131 imperiyas\u0131, \u00e7ar Rusiyas\u0131 il\u0259 S\u0259f\u0259vi \u015fahlar\u0131 aras\u0131nda erm\u0259nil\u0259rin hans\u0131 iyr\u0259nc satq\u0131nl\u0131qlara v\u0259 x\u0259yan\u0259tl\u0259r\u0259 \u0259l atd\u0131\u011f\u0131n\u0131 tarixin s\u0259hif\u0259l\u0259rind\u0259n silm\u0259k m\u00fcmk\u00fcn deyil. Bundan ba\u015fqa, erm\u0259ni qad\u0131nlar\u0131n\u0131n siyasi taktikalar\u0131n icras\u0131nda nec\u0259 iyr\u0259nc rollar oynad\u0131qlar\u0131na dair says\u0131z tarixi faktlar var v\u0259 bunlar saxta erm\u0259ni ideologiyas\u0131n\u0131n \u015f\u0259r\u0259fsiz tarixind\u0259 h\u0259tta milli q\u0259hr\u0259manlar kimi simvolla\u015fd\u0131r\u0131l\u0131b. Satq\u0131nl\u0131q, x\u0259yan\u0259t v\u0259 \u0259l\u0259bax\u0131ml\u0131l\u0131q psixologiyas\u0131 \u00fcst\u00fcnd\u0259 qurulmu\u015f bir d\u00f6vl\u0259tin varis v\u0259 davam\u00e7\u0131lar\u0131 he\u00e7 vaxt b\u0259\u015f\u0259ri d\u0259y\u0259r v\u0259 davran\u0131\u015f normalar\u0131na \u0259saslanan f\u0259aliyy\u0259t g\u00f6st\u0259r\u0259 bilm\u0259z&#8221;.<\/p>\n<p>Ekspert \u0259lav\u0259 edib ki, ba\u015fqas\u0131n\u0131n torpaq v\u0259 mal-m\u00fclk\u00fcn\u00fc qamarlamaqla tarix boyu \u00f6z\u00fcn\u0259 n\u0259s\u0259 yaratma\u011fa \u00f6yr\u0259nmi\u015f erm\u0259nil\u0259r bu g\u00fcn d\u0259 dil\u0259n\u00e7ilik psixologiyas\u0131ndan qurtulmaq ist\u0259mirl\u0259r: &#8220;Onlar bu davran\u0131\u015f\u0131 h\u0259m ya\u015famaq vasit\u0259sin\u0259, h\u0259m d\u0259 b\u00fct\u00fcn tarixi saxtakarl\u0131qlar\u0131 \u00f6rt-basd\u0131r etm\u0259k \u00fcsuluna \u00e7evirirl\u0259r. D\u00fc\u015fdukl\u0259ri a\u011f\u0131r iqtisadi durumdan xilas olmaq \u00fc\u00e7\u00fcn d\u00fcnya boyunca &#8220;xeyriyy\u0259 marafonu&#8221; kimi zahir\u0259n gurultulu bir ad alt\u0131nda dil\u0259nm\u0259y\u0259 m\u0259hkum olan bug\u00fcnk\u00fc Erm\u0259nistan r\u0259hb\u0259rliyi dil\u0259n\u00e7iliyin \u0259n ifrat formalar\u0131n\u0131 i\u015f\u0259 salmaqla erm\u0259nil\u0259r\u0259 genetik olaraq xas olan dil\u0259nm\u0259k s\u0259n\u0259tini daha da t\u0259kmill\u0259\u015fdirir&#8221;.<\/p>\n<p>Ba\u015f redaktor bildirib ki, Nikol Pa\u015finyan\u0131n son Fransa s\u0259f\u0259rind\u0259 Avropa \u00fczr\u0259 t\u0259xmin\u0259n 1,2 milyon avronun dil\u0259n\u00e7ilik \u00fcsulu il\u0259 toplanmas\u0131 da bunu ayd\u0131n \u015f\u0259kild\u0259 g\u00f6st\u0259rir:<\/p>\n<p>&#8220;X\u00fcsusil\u0259 sovet d\u00f6vl\u0259ti da\u011f\u0131landan bu yana erm\u0259ni liderl\u0259rin d\u00fcnya boyu pul dil\u0259nm\u0259sinin dinamikas\u0131nda hiss olunan q\u0259d\u0259r t\u0259n\u0259zz\u00fcl var. M\u0259s\u0259l\u0259n, ilk prezident Petrosyan\u0131n d\u00fcnya erm\u0259nil\u0259rind\u0259n c\u0259lb etdiyi v\u0259sait Ko\u00e7aryan\u0131n d\u00f6vr\u00fcnd\u0259 xeyli azald\u0131. Sarkisyan\u0131n prezidentliyi d\u00f6vr\u00fcnd\u0259 dil\u0259nm\u0259k \u00fcsullar\u0131nda daha art\u0131q canf\u0259\u015fanl\u0131q edils\u0259 d\u0259, Sarkisyan \u00f6z\u00fcnd\u0259n \u0259vv\u0259lki Ko\u00e7aryanla m\u00fcqayis\u0259d\u0259 daha az pul dil\u0259n\u0259 bilmi\u015fdi. M\u0259ntiqi olaraq bu g\u00fcn Pa\u015finyan\u0131n Avropa v\u0259 Amerika erm\u0259ni d\u0259rn\u0259kl\u0259rind\u0259n c\u0259lb etdiyi pulun m\u0259bl\u0259\u011fi is\u0259 h\u0259qiq\u0259t\u0259n dil\u0259n\u00e7i pay\u0131 h\u0259ddin\u0259 d\u00fc\u015f\u00fcb. Bunun \u00e7ox ciddi siyasi-ideoloji \u0259saslar\u0131 var. M\u0259s\u0259l\u0259 buras\u0131ndad\u0131r ki, erm\u0259nil\u0259r h\u0259mi\u015f\u0259 xaricd\u0259n pulu \u00f6zl\u0259ri bar\u0259d\u0259 d\u00fc\u015fm\u0259n d\u00f6vl\u0259tl\u0259rin \u0259hat\u0259sin\u0259 d\u00fc\u015fm\u00fc\u015f yaz\u0131q mill\u0259t obraz\u0131 yaratmaqla c\u0259lb edibl\u0259r. Raz\u0131la\u015faq ki, m\u00fcst\u0259qilliyin ilk ill\u0259rind\u0259 bu f\u0131r\u0131ldaq\u00e7\u0131 taktika \u00f6z\u00fcn\u00fc do\u011fruldurdu v\u0259 h\u0259tta erm\u0259ni olmayan b\u0259zi aldanm\u0131\u015flar da bu tora d\u00fc\u015f\u0259r\u0259k erm\u0259nil\u0259r\u0259 pul verirdi. Art\u0131q ill\u0259rdir ki, bu istiqam\u0259td\u0259 v\u0259ziyy\u0259t d\u0259yi\u015fib. Az\u0259rbaycan diplomatiyas\u0131n\u0131n h\u0259lledici s\u0259yl\u0259ri say\u0259sind\u0259 d\u00fcnyada ham\u0131 erm\u0259nil\u0259rin v\u0259 Erm\u0259nistan\u0131n regionda he\u00e7 d\u0259 yaz\u0131q mill\u0259t olmad\u0131\u011f\u0131n\u0131, \u0259ksin\u0259, m\u0259hz \u00f6z t\u0259cav\u00fczkar siyas\u0259ti \u00fcz\u00fcnd\u0259n indiki miskin v\u0259ziyy\u0259t\u0259 d\u00fc\u015fd\u00fcy\u00fcn\u00fc anlad\u0131. Daim t\u0259r\u0259qqi ed\u0259n bu anlay\u0131\u015f erm\u0259nil\u0259rin d\u00fcnyada pul dil\u0259nm\u0259 taktikas\u0131n\u0131 t\u0259n\u0259zz\u00fcl\u0259 u\u011fradan \u0259n d\u0259qiq ideoloji \u0259sasa \u00e7evrildi&#8221;.<\/p>\n<p>A.Quliyevin s\u00f6zl\u0259rin\u0259 g\u00f6r\u0259, d\u00fcnya anlay\u0131r ki, Erm\u0259nistan yaz\u0131q oldu\u011fu \u00fc\u00e7\u00fcn yox, t\u0259cav\u00fczkar oldu\u011fu \u00fc\u00e7\u00fcn ac-yalavac duruma d\u00fc\u015f\u00fcb: &#8220;M\u0259ntiq iddia edir ki, yax\u0131n ill\u0259rd\u0259 Erm\u0259nistan prezidentl\u0259rinin d\u00fcnya miqyas\u0131nda pul toplamaq c\u0259hdl\u0259ri sonda \u00fcmumiyy\u0259tl\u0259 q\u0259pik-quru\u015f h\u0259ddin\u0259 d\u00fc\u015f\u0259c\u0259k. Avropa \u0130ttifaq\u0131n\u0131n Xarici \u0259m\u0259liyyatlar xidm\u0259tinin bu g\u00fcnl\u0259rd\u0259 Erm\u0259nistana se\u00e7ki \u00fc\u00e7\u00fcn Sarkisyan\u0131n d\u00f6vr\u00fc il\u0259 m\u00fcqayis\u0259d\u0259 d\u00fcz iki d\u0259f\u0259 az &#8211; c\u0259mi 3 milyon avro ay\u0131rmas\u0131n\u0131n da k\u00f6k\u00fcnd\u0259 bu m\u0259ntiq dayan\u0131r. Erm\u0259nistan\u0131n t\u0259cav\u00fczkar d\u00f6vl\u0259t siyas\u0259ti kimi, d\u00f6vl\u0259t-dil\u0259n\u00e7ilik ideologiyas\u0131 da s\u00fcquta u\u011fray\u0131b&#8221;.<\/p>\n","protected":false},"excerpt":{"rendered":"<p>&#8220;Erm\u0259ni\u00e7ilik ideologiyas\u0131 tarix\u0259n genetik x\u0259yan\u0259t, yaltaql\u0131q, \u0259l\u0259bax\u0131ml\u0131l\u0131q, dil\u0259n\u00e7ilik, m\u0259qs\u0259d\u0259 y\u00fcr\u00fcy\u0259rk\u0259n h\u0259r c\u00fcr davran\u0131\u015fa psixoloji haz\u0131rl\u0131q, satq\u0131nl\u0131q kimi qeyri-b\u0259\u015f\u0259ri v\u0259 qeyri-insani \u0259m\u0259ll\u0259r \u00fcz\u0259rind\u0259 qurulub&#8221;. ARANTV.AZ\u00a0 x\u0259b\u0259r verir ki, bunu trend-\u0259 a\u00e7\u0131qlamas\u0131nda &#8220;Bak\u0131 x\u0259b\u0259r&#8221; q\u0259zetinin ba\u015f redaktoru, ekspert\u00a0Ayd\u0131n Quliyev\u00a0deyib. Onun s\u00f6zl\u0259rin\u0259 g\u00f6r\u0259, bunu t\u0259kc\u0259 orta \u0259sr Avropa v\u0259 Rusiya m\u00fct\u0259f\u0259kkirl\u0259rinin erm\u0259ni psixologiyas\u0131 v\u0259 erm\u0259ni\u00e7ilik ideologiyas\u0131 bar\u0259d\u0259 fikirl\u0259ri deyil, h\u0259m d\u0259 6-c\u0131 \u0259srd\u0259n ba\u015flayaraq indiy\u0259 q\u0259d\u0259rki \u00e7ox tutarl\u0131 tarixi faktlar s\u00fcbut edir: &#8220;Bizans imperiyas\u0131 il\u0259 Sasanil\u0259r d\u00f6vl\u0259tinin, Bizansla erk\u0259n \u0259r\u0259b d\u00f6vl\u0259tinin, xa\u00e7 y\u00fcr\u00fc\u015fl\u0259rinin t\u0259\u015fkilat\u00e7\u0131lar\u0131 olan alman, frans\u0131z, ingilis krallar\u0131 il\u0259 Bizans imperatorlar\u0131, \u00e7ar&hellip;<\/p>\n","protected":false},"author":2,"featured_media":24614,"comment_status":"closed","ping_status":"closed","sticky":false,"template":"","format":"standard","meta":{"om_disable_all_campaigns":false,"_monsterinsights_skip_tracking":false,"_monsterinsights_sitenote_active":false,"_monsterinsights_sitenote_note":"","_monsterinsights_sitenote_category":0},"categories":[4],"tags":[],"aioseo_notices":[],"gutentor_comment":0,"rttpg_featured_image_url":{"full":["https:\/\/arantv.az\/wp-content\/uploads\/2018\/11\/aydin_quliyev_0582.jpg",800,600,false],"landscape":["https:\/\/arantv.az\/wp-content\/uploads\/2018\/11\/aydin_quliyev_0582.jpg",800,600,false],"portraits":["https:\/\/arantv.az\/wp-content\/uploads\/2018\/11\/aydin_quliyev_0582.jpg",800,600,false],"thumbnail":["https:\/\/arantv.az\/wp-content\/uploads\/2018\/11\/aydin_quliyev_0582-150x150.jpg",150,150,true],"medium":["https:\/\/arantv.az\/wp-content\/uploads\/2018\/11\/aydin_quliyev_0582-300x225.jpg",300,225,true],"large":["https:\/\/arantv.az\/wp-content\/uploads\/2018\/11\/aydin_quliyev_0582.jpg",640,480,false],"1536x1536":["https:\/\/arantv.az\/wp-content\/uploads\/2018\/11\/aydin_quliyev_0582.jpg",800,600,false],"2048x2048":["https:\/\/arantv.az\/wp-content\/uploads\/2018\/11\/aydin_quliyev_0582.jpg",800,600,false],"post-thumbnail":["https:\/\/arantv.az\/wp-content\/uploads\/2018\/11\/aydin_quliyev_0582-240x172.jpg",240,172,true],"advps-thumb-one":["https:\/\/arantv.az\/wp-content\/uploads\/2018\/11\/aydin_quliyev_0582.jpg",800,600,false]},"rttpg_author":{"display_name":"V\u00fcsal Rafiqo\u011flu","author_link":"https:\/\/arantv.az\/?author=2"},"rttpg_comment":0,"rttpg_category":"<a href=\"https:\/\/arantv.az\/?cat=4\" rel=\"category\">Siyas\u0259t<\/a>","rttpg_excerpt":"&#8220;Erm\u0259ni\u00e7ilik ideologiyas\u0131 tarix\u0259n genetik x\u0259yan\u0259t, yaltaql\u0131q, \u0259l\u0259bax\u0131ml\u0131l\u0131q, dil\u0259n\u00e7ilik, m\u0259qs\u0259d\u0259 y\u00fcr\u00fcy\u0259rk\u0259n h\u0259r c\u00fcr davran\u0131\u015fa psixoloji haz\u0131rl\u0131q, satq\u0131nl\u0131q kimi qeyri-b\u0259\u015f\u0259ri v\u0259 qeyri-insani \u0259m\u0259ll\u0259r \u00fcz\u0259rind\u0259 qurulub&#8221;. ARANTV.AZ\u00a0 x\u0259b\u0259r verir ki, bunu trend-\u0259 a\u00e7\u0131qlamas\u0131nda &#8220;Bak\u0131 x\u0259b\u0259r&#8221; q\u0259zetinin ba\u015f redaktoru, ekspert\u00a0Ayd\u0131n Quliyev\u00a0deyib. Onun s\u00f6zl\u0259rin\u0259 g\u00f6r\u0259, bunu t\u0259kc\u0259 orta \u0259sr Avropa v\u0259 Rusiya m\u00fct\u0259f\u0259kkirl\u0259rinin erm\u0259ni psixologiyas\u0131 v\u0259 erm\u0259ni\u00e7ilik ideologiyas\u0131 bar\u0259d\u0259 fikirl\u0259ri&hellip;","_links":{"self":[{"href":"https:\/\/arantv.az\/index.php?rest_route=\/wp\/v2\/posts\/24613"}],"collection":[{"href":"https:\/\/arantv.az\/index.php?rest_route=\/wp\/v2\/posts"}],"about":[{"href":"https:\/\/arantv.az\/index.php?rest_route=\/wp\/v2\/types\/post"}],"author":[{"embeddable":true,"href":"https:\/\/arantv.az\/index.php?rest_route=\/wp\/v2\/users\/2"}],"replies":[{"embeddable":true,"href":"https:\/\/arantv.az\/index.php?rest_route=%2Fwp%2Fv2%2Fcomments&post=24613"}],"version-history":[{"count":0,"href":"https:\/\/arantv.az\/index.php?rest_route=\/wp\/v2\/posts\/24613\/revisions"}],"wp:featuredmedia":[{"embeddable":true,"href":"https:\/\/arantv.az\/index.php?rest_route=\/wp\/v2\/media\/24614"}],"wp:attachment":[{"href":"https:\/\/arantv.az\/index.php?rest_route=%2Fwp%2Fv2%2Fmedia&parent=24613"}],"wp:term":[{"taxonomy":"category","embeddable":true,"href":"https:\/\/arantv.az\/index.php?rest_route=%2Fwp%2Fv2%2Fcategories&post=24613"},{"taxonomy":"post_tag","embeddable":true,"href":"https:\/\/arantv.az\/index.php?rest_route=%2Fwp%2Fv2%2Ftags&post=24613"}],"curies":[{"name":"wp","href":"https:\/\/api.w.org\/{rel}","templated":true}]}}