{"id":24622,"date":"2018-11-22T15:13:02","date_gmt":"2018-11-22T12:13:02","guid":{"rendered":"http:\/\/arantv.az\/?p=24622"},"modified":"2018-11-22T15:13:02","modified_gmt":"2018-11-22T12:13:02","slug":"mug%c9%99nni-f%c9%99day%c9%99-lacin-qati-cinay%c9%99tkar-qatil-deyil","status":"publish","type":"post","link":"https:\/\/arantv.az\/?p=24622","title":{"rendered":"M\u00fc\u011f\u0259nni F\u0259day\u0259 La\u00e7\u0131n qat\u0131 cinay\u0259tkar, qatil deyil!"},"content":{"rendered":"<p>Bak\u0131da m\u0259hbuslar\u0131n qa\u00e7mas\u0131na k\u00f6m\u0259k g\u00f6st\u0259rm\u0259kd\u0259 t\u0259qsirl\u0259ndiril\u0259n m\u00fc\u011f\u0259nni F\u0259day\u0259 La\u00e7\u0131n\u0131n v\u0259kili T\u00fcrk\u0259l S\u00fcleymanl\u0131 a\u00e7\u0131qlama verib.<\/p>\n<p><b>ARANTV.AZ\u00a0<\/b>bildirir ki, v\u0259kil Ax\u015fam.az-\u0131n \u0259m\u0259kda\u015f\u0131 il\u0259 s\u00f6hb\u0259tind\u0259 bildirib ki, prokurorun ifa\u00e7\u0131 \u00fc\u00e7\u00fcn ist\u0259diyi 6 il h\u0259bs c\u0259zas\u0131na etiraz edibl\u0259r:<\/p>\n<div id=\"AdributorNativeVideo0\" class=\"AdributorNativeVideo\"><\/div>\n<p>&#8220;F\u0259day\u0259 La\u00e7\u0131n qat\u0131 cinay\u0259tkar, qatil deyil ki, onu 6 il azadl\u0131qdan m\u0259hrum etsinl\u0259r. Xalq\u0131n s\u0259n\u0259tkar\u0131d\u0131r, t\u0259k anad\u0131r, v\u0259ziyy\u0259ti yax\u015f\u0131 deyil. Ail\u0259sinin maddi durumu da \u00e7ox pisdir. Prokurorun \u00e7\u0131x\u0131\u015f\u0131na etiraz etdik, \u00fcmid edirik ki, hakim bu c\u0259zan\u0131 verm\u0259y\u0259c\u0259k. Bizim ist\u0259yimiz F\u0259day\u0259 La\u00e7\u0131n\u0131n azadl\u0131\u011fa burax\u0131lmas\u0131d\u0131r. C\u0259zas\u0131n\u0131 \u015f\u0259rti \u00e7\u0259ksin&#8221;.<\/p>\n<p>V\u0259kil bildirib ki, ifa\u00e7\u0131n\u0131n s\u0259hh\u0259ti d\u0259 yax\u015f\u0131 deyil:<\/p>\n<p>&#8220;F\u0259day\u0259 La\u00e7\u0131n Hepatitd\u0259n \u0259ziyy\u0259t \u00e7\u0259kir. Bu x\u0259st\u0259lik daimi m\u00fcalic\u0259 t\u0259l\u0259b edir. H\u0259bsxanada is\u0259 bunu etm\u0259k m\u00fcmk\u00fcn deyil. Haz\u0131rda is\u0259 F\u0259day\u0259 xan\u0131m \u00e7ox h\u0259y\u0259can ke\u00e7irir. N\u00f6vb\u0259ti m\u0259hk\u0259m\u0259ni g\u00f6zl\u0259yirik. G\u0259l\u0259n h\u0259ft\u0259 olmal\u0131d\u0131r&#8221;.<\/p>\n<p>Qeyd ed\u0259k ki, \u00f6t\u0259n il oktyabr\u0131n 23-d\u0259 Bak\u0131da m\u0259hbuslar\u0131n qa\u00e7mas\u0131 fakt\u0131 il\u0259 ba\u011fl\u0131 Ba\u015f Prokurorlu\u011fun A\u011f\u0131r Cinay\u0259tl\u0259r\u0259 Dair \u0130\u015fl\u0259r \u00fczr\u0259 \u0130stintaq \u0130dar\u0259sind\u0259 ba\u015flanan cinay\u0259t i\u015fi \u00fczr\u0259 F\u0259day\u0259 M\u0259mm\u0259dova (F\u0259day\u0259 La\u00e7\u0131n) t\u0259qsirl\u0259ndiril\u0259n \u015f\u0259xs qismind\u0259 c\u0259lb olunaraq N\u0259simi Rayon M\u0259hk\u0259m\u0259sinin q\u0259rar\u0131 il\u0259 bar\u0259sind\u0259 h\u0259bs q\u0259timkan t\u0259dbiri se\u00e7ilib. \u0130ttiham akt\u0131na \u0259sas\u0259n, 7 n\u0259f\u0259r &#8211; M\u00fcz\u0259ff\u0259r M\u0259mm\u0259dov, Emil S\u0259f\u0259rov, Ramil S\u0259limov, H\u0259t\u0259m \u018fliyev, V\u00fcsal Abbasov, R\u00f6v\u015f\u0259n Camalov v\u0259 R\u0259\u015fad M\u0259mm\u0259dov z\u0259r\u0259r\u00e7\u0259kmi\u015f \u015f\u0259xs qismind\u0259 tan\u0131n\u0131r.<\/p>\n","protected":false},"excerpt":{"rendered":"<p>Bak\u0131da m\u0259hbuslar\u0131n qa\u00e7mas\u0131na k\u00f6m\u0259k g\u00f6st\u0259rm\u0259kd\u0259 t\u0259qsirl\u0259ndiril\u0259n m\u00fc\u011f\u0259nni F\u0259day\u0259 La\u00e7\u0131n\u0131n v\u0259kili T\u00fcrk\u0259l S\u00fcleymanl\u0131 a\u00e7\u0131qlama verib. ARANTV.AZ\u00a0bildirir ki, v\u0259kil Ax\u015fam.az-\u0131n \u0259m\u0259kda\u015f\u0131 il\u0259 s\u00f6hb\u0259tind\u0259 bildirib ki, prokurorun ifa\u00e7\u0131 \u00fc\u00e7\u00fcn ist\u0259diyi 6 il h\u0259bs c\u0259zas\u0131na etiraz edibl\u0259r: &#8220;F\u0259day\u0259 La\u00e7\u0131n qat\u0131 cinay\u0259tkar, qatil deyil ki, onu 6 il azadl\u0131qdan m\u0259hrum etsinl\u0259r. Xalq\u0131n s\u0259n\u0259tkar\u0131d\u0131r, t\u0259k anad\u0131r, v\u0259ziyy\u0259ti yax\u015f\u0131 deyil. Ail\u0259sinin maddi durumu da \u00e7ox pisdir. Prokurorun \u00e7\u0131x\u0131\u015f\u0131na etiraz etdik, \u00fcmid edirik ki, hakim bu c\u0259zan\u0131 verm\u0259y\u0259c\u0259k. Bizim ist\u0259yimiz F\u0259day\u0259 La\u00e7\u0131n\u0131n azadl\u0131\u011fa burax\u0131lmas\u0131d\u0131r. C\u0259zas\u0131n\u0131 \u015f\u0259rti \u00e7\u0259ksin&#8221;. V\u0259kil bildirib ki, ifa\u00e7\u0131n\u0131n s\u0259hh\u0259ti d\u0259 yax\u015f\u0131 deyil: &#8220;F\u0259day\u0259 La\u00e7\u0131n Hepatitd\u0259n&hellip;<\/p>\n","protected":false},"author":2,"featured_media":24623,"comment_status":"closed","ping_status":"closed","sticky":false,"template":"","format":"standard","meta":{"om_disable_all_campaigns":false,"_monsterinsights_skip_tracking":false,"_monsterinsights_sitenote_active":false,"_monsterinsights_sitenote_note":"","_monsterinsights_sitenote_category":0},"categories":[5],"tags":[],"aioseo_notices":[],"gutentor_comment":0,"rttpg_featured_image_url":{"full":["https:\/\/arantv.az\/wp-content\/uploads\/2018\/11\/4_71542887471.jpg",549,366,false],"landscape":["https:\/\/arantv.az\/wp-content\/uploads\/2018\/11\/4_71542887471.jpg",549,366,false],"portraits":["https:\/\/arantv.az\/wp-content\/uploads\/2018\/11\/4_71542887471.jpg",549,366,false],"thumbnail":["https:\/\/arantv.az\/wp-content\/uploads\/2018\/11\/4_71542887471-150x150.jpg",150,150,true],"medium":["https:\/\/arantv.az\/wp-content\/uploads\/2018\/11\/4_71542887471-300x200.jpg",300,200,true],"large":["https:\/\/arantv.az\/wp-content\/uploads\/2018\/11\/4_71542887471.jpg",549,366,false],"1536x1536":["https:\/\/arantv.az\/wp-content\/uploads\/2018\/11\/4_71542887471.jpg",549,366,false],"2048x2048":["https:\/\/arantv.az\/wp-content\/uploads\/2018\/11\/4_71542887471.jpg",549,366,false],"post-thumbnail":["https:\/\/arantv.az\/wp-content\/uploads\/2018\/11\/4_71542887471-240x172.jpg",240,172,true],"advps-thumb-one":["https:\/\/arantv.az\/wp-content\/uploads\/2018\/11\/4_71542887471.jpg",549,366,false]},"rttpg_author":{"display_name":"V\u00fcsal Rafiqo\u011flu","author_link":"https:\/\/arantv.az\/?author=2"},"rttpg_comment":0,"rttpg_category":"<a href=\"https:\/\/arantv.az\/?cat=5\" rel=\"category\">Hadis\u0259<\/a>","rttpg_excerpt":"Bak\u0131da m\u0259hbuslar\u0131n qa\u00e7mas\u0131na k\u00f6m\u0259k g\u00f6st\u0259rm\u0259kd\u0259 t\u0259qsirl\u0259ndiril\u0259n m\u00fc\u011f\u0259nni F\u0259day\u0259 La\u00e7\u0131n\u0131n v\u0259kili T\u00fcrk\u0259l S\u00fcleymanl\u0131 a\u00e7\u0131qlama verib. ARANTV.AZ\u00a0bildirir ki, v\u0259kil Ax\u015fam.az-\u0131n \u0259m\u0259kda\u015f\u0131 il\u0259 s\u00f6hb\u0259tind\u0259 bildirib ki, prokurorun ifa\u00e7\u0131 \u00fc\u00e7\u00fcn ist\u0259diyi 6 il h\u0259bs c\u0259zas\u0131na etiraz edibl\u0259r: &#8220;F\u0259day\u0259 La\u00e7\u0131n qat\u0131 cinay\u0259tkar, qatil deyil ki, onu 6 il azadl\u0131qdan m\u0259hrum etsinl\u0259r. Xalq\u0131n s\u0259n\u0259tkar\u0131d\u0131r, t\u0259k anad\u0131r, v\u0259ziyy\u0259ti yax\u015f\u0131 deyil. Ail\u0259sinin maddi&hellip;","_links":{"self":[{"href":"https:\/\/arantv.az\/index.php?rest_route=\/wp\/v2\/posts\/24622"}],"collection":[{"href":"https:\/\/arantv.az\/index.php?rest_route=\/wp\/v2\/posts"}],"about":[{"href":"https:\/\/arantv.az\/index.php?rest_route=\/wp\/v2\/types\/post"}],"author":[{"embeddable":true,"href":"https:\/\/arantv.az\/index.php?rest_route=\/wp\/v2\/users\/2"}],"replies":[{"embeddable":true,"href":"https:\/\/arantv.az\/index.php?rest_route=%2Fwp%2Fv2%2Fcomments&post=24622"}],"version-history":[{"count":0,"href":"https:\/\/arantv.az\/index.php?rest_route=\/wp\/v2\/posts\/24622\/revisions"}],"wp:featuredmedia":[{"embeddable":true,"href":"https:\/\/arantv.az\/index.php?rest_route=\/wp\/v2\/media\/24623"}],"wp:attachment":[{"href":"https:\/\/arantv.az\/index.php?rest_route=%2Fwp%2Fv2%2Fmedia&parent=24622"}],"wp:term":[{"taxonomy":"category","embeddable":true,"href":"https:\/\/arantv.az\/index.php?rest_route=%2Fwp%2Fv2%2Fcategories&post=24622"},{"taxonomy":"post_tag","embeddable":true,"href":"https:\/\/arantv.az\/index.php?rest_route=%2Fwp%2Fv2%2Ftags&post=24622"}],"curies":[{"name":"wp","href":"https:\/\/api.w.org\/{rel}","templated":true}]}}