{"id":24631,"date":"2018-11-22T15:48:31","date_gmt":"2018-11-22T12:48:31","guid":{"rendered":"http:\/\/arantv.az\/?p=24631"},"modified":"2018-11-22T15:48:31","modified_gmt":"2018-11-22T12:48:31","slug":"berdim%c9%99h%c9%99mm%c9%99dov-turkm%c9%99nistan-v%c9%99-az%c9%99rbaycan-regional-v%c9%99-beyn%c9%99lxalq-s%c9%99viyy%c9%99d%c9%99-iqtisadi-sah%c9%99d%c9%99-%c9%99m%c9%99kdasliq-potensialindan-isti","status":"publish","type":"post","link":"https:\/\/arantv.az\/?p=24631","title":{"rendered":"Berdim\u0259h\u0259mm\u0259dov: &#8220;T\u00fcrkm\u0259nistan v\u0259 Az\u0259rbaycan regional v\u0259 beyn\u0259lxalq s\u0259viyy\u0259d\u0259 iqtisadi sah\u0259d\u0259 \u0259m\u0259kda\u015fl\u0131q potensial\u0131ndan istifad\u0259 ed\u0259 bil\u0259r&#8221;"},"content":{"rendered":"<p><strong>&#8220;T\u00fcrkm\u0259nistan v\u0259 Az\u0259rbaycan regional v\u0259 beyn\u0259lxalq s\u0259viyy\u0259d\u0259 iqtisadi sah\u0259d\u0259 \u0259m\u0259kda\u015fl\u0131q potensial\u0131ndan istifad\u0259 ed\u0259 bil\u0259r&#8221;.<\/strong><\/p>\n<p><strong>ARANTV.AZ<\/strong> az\u0259rtac-a\u00a0istinad\u0259n x\u0259b\u0259r verir ki, bunu T\u00fcrkm\u0259nistan Prezidenti Qurbanqulu Berdim\u0259h\u0259mm\u0259dov A\u015fqabadda Az\u0259rbaycan Prezidenti \u0130lham \u018fliyevl\u0259 t\u0259kb\u0259t\u0259k g\u00f6r\u00fc\u015f\u00fcnd\u0259 deyib.<\/p>\n<p>Q.Berdim\u0259h\u0259mm\u0259dov qeyd edib: &#8220;H\u00f6rm\u0259tli \u0130lham Heyd\u0259r o\u011flu. \u0130caz\u0259 verin, bizim d\u0259v\u0259timizi q\u0259bul etdiyiniz\u0259 v\u0259 qarda\u015f qon\u015fu \u00f6lk\u0259y\u0259 &#8211; qonaqp\u0259rv\u0259r T\u00fcrkm\u0259nistana r\u0259smi s\u0259f\u0259r\u0259 g\u0259ldiyiniz\u0259 g\u00f6r\u0259 Siz\u0259 d\u0259rin minn\u0259tdarl\u0131\u011f\u0131m\u0131 bildirim. Sizin n\u00fcmay\u0259nd\u0259 hey\u0259tinin \u00fczvl\u0259rin\u0259 t\u0259\u015f\u0259kk\u00fcr edirik.<\/p>\n<p>Bildiyiniz kimi, T\u00fcrkm\u0259nistan v\u0259 Az\u0259rbaycan xalqlar\u0131n\u0131n q\u0259dim, z\u0259ngin m\u0259n\u0259vi \u0259n\u0259n\u0259l\u0259ri olub. Y\u0259ni, biz h\u0259mi\u015f\u0259, b\u00fct\u00fcn d\u00f6vrl\u0259rd\u0259 \u00e7ox b\u00f6y\u00fck potensiala v\u0259 imkanlara malik olmu\u015fuq. Sevindirici hald\u0131r ki, h\u0259m T\u00fcrkm\u0259nistan, h\u0259m d\u0259 Az\u0259rbaycan m\u00fcasir m\u0259rh\u0259l\u0259d\u0259 h\u0259min potensialdan istifad\u0259 edir. Biz bunu siyasi arenada, iqtisadi m\u0259s\u0259l\u0259l\u0259rimizd\u0259, bir s\u0131ra ba\u015fqa sah\u0259l\u0259rd\u0259 g\u00f6r\u00fcr\u00fck. Bu bax\u0131mdan bizim g\u00fccl\u00fc ehtiyat\u0131m\u0131z var. Biz bu ehtiyatdan h\u0259m xalqlar\u0131m\u0131z\u0131n rifah\u0131 namin\u0259, h\u0259m d\u0259 regional v\u0259 beyn\u0259lxalq s\u0259viyy\u0259d\u0259 istifad\u0259 ed\u0259 bil\u0259rik. \u018fn ba\u015fl\u0131cas\u0131 odur ki, biz b\u00fct\u00fcn bunlardan istifad\u0259 edirik. Biz Birl\u0259\u015fmi\u015f Mill\u0259tl\u0259r T\u0259\u015fkilat\u0131 kimi \u00e7ox n\u00fcfuzlu beyn\u0259lxalq qurumlar\u0131n \u00fczvl\u0259riyik&#8221;.<\/p>\n<p>Prezident vur\u011fulay\u0131b ki, bu g\u00fcn T\u00fcrkm\u0259nistan v\u0259 Az\u0259rbaycan BMT-nin Davaml\u0131 \u0130nki\u015faf M\u0259qs\u0259dl\u0259rini h\u0259yata ke\u00e7irir: &#8220;Bizd\u0259 t\u0259kc\u0259 regionda deyil, b\u00fct\u00fcn d\u00fcnyada sabitlik v\u0259 t\u0259hl\u00fck\u0259sizlik kimi m\u0259s\u0259l\u0259l\u0259r\u0259 ortaq m\u00fcnasib\u0259t var. Onu dem\u0259k ist\u0259rdim ki, biz \u00f6z imkanlar\u0131m\u0131z\u0131 n\u0259z\u0259r\u0259 alaraq regional v\u0259 beyn\u0259lxalq s\u0259viyy\u0259d\u0259 iqtisadiyyat v\u0259 iqtisadi inteqrasiya sah\u0259l\u0259rind\u0259 \u0259m\u0259kda\u015fl\u0131q potensial\u0131ndan istifad\u0259 ed\u0259 bil\u0259rik. Buna g\u00f6r\u0259 biz \u0259lb\u0259tt\u0259 ki, Sizin s\u0259f\u0259riniz\u0259 \u00e7ox b\u00f6y\u00fck \u0259h\u0259miyy\u0259t veririk. Art\u0131q qeyd etdiyim kimi, bizim \u00e7ox yax\u015f\u0131 imkanlar\u0131m\u0131z var. Bizim k\u00f6kl\u0259rimiz, tariximiz, mentalitetimiz, milli x\u00fcsusiyy\u0259tl\u0259rimiz ortaqd\u0131r. Biz \u00e7ox haql\u0131 olaraq v\u0259t\u0259np\u0259rv\u0259rlik g\u00f6st\u0259rir, bu d\u0259y\u0259rl\u0259rin b\u00f6y\u00fcm\u0259kd\u0259 olan n\u0259sl\u0259 \u00f6t\u00fcr\u00fclm\u0259si i\u015fin\u0259 inc\u0259s\u0259n\u0259t xadiml\u0259rini, yarad\u0131c\u0131 ziyal\u0131lar\u0131 c\u0259lb edirik.<\/p>\n<p>G\u00f6rd\u00fcy\u00fcn\u00fcz kimi, bu g\u00fcn t\u0259kc\u0259 Sizinl\u0259 bizim aram\u0131zda, iki d\u00f6vl\u0259t aras\u0131nda deyil, h\u0259m d\u0259 region v\u0259 d\u00fcnya miqyas\u0131nda \u00e7ox i\u015f g\u00f6r\u00fcl\u00fcr. Buna g\u00f6r\u0259 f\u00fcrs\u0259td\u0259n istifad\u0259 edib Siz\u0259 t\u0259\u015f\u0259kk\u00fcr\u00fcm\u00fc bildirm\u0259k ist\u0259rdim, ilk n\u00f6vb\u0259d\u0259 ona g\u00f6r\u0259 ki, Siz T\u00fcrkm\u0259nistan il\u0259 Az\u0259rbaycan aras\u0131nda dostluq tell\u0259rinin m\u00f6hk\u0259ml\u0259nm\u0259sin\u0259 b\u00f6y\u00fck \u015f\u0259xsi t\u00f6hf\u0259 verirsiniz. Siz\u0259 ali d\u00f6vl\u0259ti f\u0259aliyy\u0259tinizd\u0259 b\u00f6y\u00fck u\u011furlar dil\u0259yir, qarda\u015f Az\u0259rbaycan xalq\u0131na \u0259n xo\u015f arzular\u0131m\u0131 bildirir\u0259m. Bu g\u00fcn Sizi burada g\u00f6rm\u0259y\u0259 bir daha \u015fad\u0131q. Xo\u015f g\u0259lmisiniz&#8221;.<\/p>\n","protected":false},"excerpt":{"rendered":"<p>&#8220;T\u00fcrkm\u0259nistan v\u0259 Az\u0259rbaycan regional v\u0259 beyn\u0259lxalq s\u0259viyy\u0259d\u0259 iqtisadi sah\u0259d\u0259 \u0259m\u0259kda\u015fl\u0131q potensial\u0131ndan istifad\u0259 ed\u0259 bil\u0259r&#8221;. ARANTV.AZ az\u0259rtac-a\u00a0istinad\u0259n x\u0259b\u0259r verir ki, bunu T\u00fcrkm\u0259nistan Prezidenti Qurbanqulu Berdim\u0259h\u0259mm\u0259dov A\u015fqabadda Az\u0259rbaycan Prezidenti \u0130lham \u018fliyevl\u0259 t\u0259kb\u0259t\u0259k g\u00f6r\u00fc\u015f\u00fcnd\u0259 deyib. Q.Berdim\u0259h\u0259mm\u0259dov qeyd edib: &#8220;H\u00f6rm\u0259tli \u0130lham Heyd\u0259r o\u011flu. \u0130caz\u0259 verin, bizim d\u0259v\u0259timizi q\u0259bul etdiyiniz\u0259 v\u0259 qarda\u015f qon\u015fu \u00f6lk\u0259y\u0259 &#8211; qonaqp\u0259rv\u0259r T\u00fcrkm\u0259nistana r\u0259smi s\u0259f\u0259r\u0259 g\u0259ldiyiniz\u0259 g\u00f6r\u0259 Siz\u0259 d\u0259rin minn\u0259tdarl\u0131\u011f\u0131m\u0131 bildirim. Sizin n\u00fcmay\u0259nd\u0259 hey\u0259tinin \u00fczvl\u0259rin\u0259 t\u0259\u015f\u0259kk\u00fcr edirik. Bildiyiniz kimi, T\u00fcrkm\u0259nistan v\u0259 Az\u0259rbaycan xalqlar\u0131n\u0131n q\u0259dim, z\u0259ngin m\u0259n\u0259vi \u0259n\u0259n\u0259l\u0259ri olub. Y\u0259ni, biz h\u0259mi\u015f\u0259, b\u00fct\u00fcn d\u00f6vrl\u0259rd\u0259 \u00e7ox b\u00f6y\u00fck potensiala v\u0259 imkanlara malik olmu\u015fuq. Sevindirici&hellip;<\/p>\n","protected":false},"author":2,"featured_media":24632,"comment_status":"closed","ping_status":"closed","sticky":false,"template":"","format":"standard","meta":{"om_disable_all_campaigns":false,"_monsterinsights_skip_tracking":false,"_monsterinsights_sitenote_active":false,"_monsterinsights_sitenote_note":"","_monsterinsights_sitenote_category":0},"categories":[4],"tags":[],"aioseo_notices":[],"gutentor_comment":0,"rttpg_featured_image_url":{"full":["https:\/\/arantv.az\/wp-content\/uploads\/2018\/11\/706141.jpg",800,600,false],"landscape":["https:\/\/arantv.az\/wp-content\/uploads\/2018\/11\/706141.jpg",800,600,false],"portraits":["https:\/\/arantv.az\/wp-content\/uploads\/2018\/11\/706141.jpg",800,600,false],"thumbnail":["https:\/\/arantv.az\/wp-content\/uploads\/2018\/11\/706141-150x150.jpg",150,150,true],"medium":["https:\/\/arantv.az\/wp-content\/uploads\/2018\/11\/706141-300x225.jpg",300,225,true],"large":["https:\/\/arantv.az\/wp-content\/uploads\/2018\/11\/706141.jpg",640,480,false],"1536x1536":["https:\/\/arantv.az\/wp-content\/uploads\/2018\/11\/706141.jpg",800,600,false],"2048x2048":["https:\/\/arantv.az\/wp-content\/uploads\/2018\/11\/706141.jpg",800,600,false],"post-thumbnail":["https:\/\/arantv.az\/wp-content\/uploads\/2018\/11\/706141-240x172.jpg",240,172,true],"advps-thumb-one":["https:\/\/arantv.az\/wp-content\/uploads\/2018\/11\/706141.jpg",800,600,false]},"rttpg_author":{"display_name":"V\u00fcsal Rafiqo\u011flu","author_link":"https:\/\/arantv.az\/?author=2"},"rttpg_comment":0,"rttpg_category":"<a href=\"https:\/\/arantv.az\/?cat=4\" rel=\"category\">Siyas\u0259t<\/a>","rttpg_excerpt":"&#8220;T\u00fcrkm\u0259nistan v\u0259 Az\u0259rbaycan regional v\u0259 beyn\u0259lxalq s\u0259viyy\u0259d\u0259 iqtisadi sah\u0259d\u0259 \u0259m\u0259kda\u015fl\u0131q potensial\u0131ndan istifad\u0259 ed\u0259 bil\u0259r&#8221;. ARANTV.AZ az\u0259rtac-a\u00a0istinad\u0259n x\u0259b\u0259r verir ki, bunu T\u00fcrkm\u0259nistan Prezidenti Qurbanqulu Berdim\u0259h\u0259mm\u0259dov A\u015fqabadda Az\u0259rbaycan Prezidenti \u0130lham \u018fliyevl\u0259 t\u0259kb\u0259t\u0259k g\u00f6r\u00fc\u015f\u00fcnd\u0259 deyib. Q.Berdim\u0259h\u0259mm\u0259dov qeyd edib: &#8220;H\u00f6rm\u0259tli \u0130lham Heyd\u0259r o\u011flu. \u0130caz\u0259 verin, bizim d\u0259v\u0259timizi q\u0259bul etdiyiniz\u0259 v\u0259 qarda\u015f qon\u015fu \u00f6lk\u0259y\u0259 &#8211; qonaqp\u0259rv\u0259r T\u00fcrkm\u0259nistana r\u0259smi s\u0259f\u0259r\u0259 g\u0259ldiyiniz\u0259&hellip;","_links":{"self":[{"href":"https:\/\/arantv.az\/index.php?rest_route=\/wp\/v2\/posts\/24631"}],"collection":[{"href":"https:\/\/arantv.az\/index.php?rest_route=\/wp\/v2\/posts"}],"about":[{"href":"https:\/\/arantv.az\/index.php?rest_route=\/wp\/v2\/types\/post"}],"author":[{"embeddable":true,"href":"https:\/\/arantv.az\/index.php?rest_route=\/wp\/v2\/users\/2"}],"replies":[{"embeddable":true,"href":"https:\/\/arantv.az\/index.php?rest_route=%2Fwp%2Fv2%2Fcomments&post=24631"}],"version-history":[{"count":0,"href":"https:\/\/arantv.az\/index.php?rest_route=\/wp\/v2\/posts\/24631\/revisions"}],"wp:featuredmedia":[{"embeddable":true,"href":"https:\/\/arantv.az\/index.php?rest_route=\/wp\/v2\/media\/24632"}],"wp:attachment":[{"href":"https:\/\/arantv.az\/index.php?rest_route=%2Fwp%2Fv2%2Fmedia&parent=24631"}],"wp:term":[{"taxonomy":"category","embeddable":true,"href":"https:\/\/arantv.az\/index.php?rest_route=%2Fwp%2Fv2%2Fcategories&post=24631"},{"taxonomy":"post_tag","embeddable":true,"href":"https:\/\/arantv.az\/index.php?rest_route=%2Fwp%2Fv2%2Ftags&post=24631"}],"curies":[{"name":"wp","href":"https:\/\/api.w.org\/{rel}","templated":true}]}}