{"id":24634,"date":"2018-11-22T15:50:16","date_gmt":"2018-11-22T12:50:16","guid":{"rendered":"http:\/\/arantv.az\/?p=24634"},"modified":"2018-11-22T15:50:16","modified_gmt":"2018-11-22T12:50:16","slug":"prezident-ilham-%c9%99liyev-az%c9%99rbaycan-v%c9%99-turkm%c9%99nistan-regional-%c9%99m%c9%99kdasliq-regionda-t%c9%99hluk%c9%99sizliyin-mohk%c9%99ml%c9%99nm%c9%99si-m%c9%99s%c9%99l%c9%99l%c9%99rind","status":"publish","type":"post","link":"https:\/\/arantv.az\/?p=24634","title":{"rendered":"Prezident \u0130lham \u018fliyev: &#8220;Az\u0259rbaycan v\u0259 T\u00fcrkm\u0259nistan regional \u0259m\u0259kda\u015fl\u0131q, regionda t\u0259hl\u00fck\u0259sizliyin m\u00f6hk\u0259ml\u0259nm\u0259si m\u0259s\u0259l\u0259l\u0259rind\u0259 m\u00fch\u00fcm rol oynay\u0131r&#8221;"},"content":{"rendered":"<p>&#8220;Az\u0259rbaycan v\u0259 T\u00fcrkm\u0259nistan regional \u0259m\u0259kda\u015fl\u0131q, regionda t\u0259hl\u00fck\u0259sizliyin m\u00f6hk\u0259ml\u0259nm\u0259si m\u0259s\u0259l\u0259l\u0259rind\u0259 m\u00fch\u00fcm rol oynay\u0131r&#8221;.<\/p>\n<p><strong>ARANTV.AZ<\/strong> az\u0259rtac-a\u00a0istinad\u0259n x\u0259b\u0259r verir ki, bunu Az\u0259rbaycan Prezidenti \u0130lham \u018fliyev A\u015fqabadda T\u00fcrkm\u0259nistan Prezidenti Qurbanqulu Berdim\u0259h\u0259mm\u0259dovla t\u0259kb\u0259t\u0259k g\u00f6r\u00fc\u015f\u00fcnd\u0259 deyib.<\/p>\n<p>D\u00f6vl\u0259timizin ba\u015f\u00e7\u0131s\u0131 qeyd edib: &#8220;Sa\u011f olun, h\u00f6rm\u0259tli c\u0259nab Prezident. M\u0259n, ilk n\u00f6vb\u0259d\u0259, qarda\u015f T\u00fcrkm\u0259nistana s\u0259f\u0259r\u0259 d\u0259v\u0259t\u0259 g\u00f6r\u0259 Siz\u0259 t\u0259\u015f\u0259kk\u00fcr etm\u0259k ist\u0259rdim. D\u00fcn\u0259n Sizin torpa\u011fa q\u0259d\u0259m qoydu\u011fum andan \u00f6z\u00fcm\u00fc \u00f6z evimizd\u0259ki kimi hiss edir\u0259m. Bu, qarda\u015f t\u00fcrkm\u0259n xalq\u0131n\u0131n qonaqp\u0259rv\u0259rliyi, \u015f\u0259xs\u0259n Sizin qonaqp\u0259rv\u0259rliyiniz say\u0259sind\u0259dir. Az\u0259rbaycanda Sizi \u00f6lk\u0259mizin b\u00f6y\u00fck dostu kimi tan\u0131y\u0131rlar. Siz \u00f6lk\u0259l\u0259rimiz aras\u0131nda qarda\u015fl\u0131q m\u00fcnasib\u0259tl\u0259rinin m\u00f6hk\u0259ml\u0259nm\u0259si \u00fc\u00e7\u00fcn \u00e7ox i\u015f g\u00f6r\u00fcrs\u00fcn\u00fcz. F\u00fcrs\u0259td\u0259n istifad\u0259 edib Sizi v\u0259 T\u00fcrkm\u0259nistan\u0131n b\u00fct\u00fcn qarda\u015f xalq\u0131n\u0131 inki\u015fafda qazand\u0131\u011f\u0131n\u0131z b\u00f6y\u00fck nailiyy\u0259tl\u0259r\u0259, T\u00fcrkm\u0259nistan\u0131n beyn\u0259lxalq al\u0259md\u0259 rolunun m\u00f6hk\u0259ml\u0259nm\u0259sin\u0259, milli-m\u0259n\u0259vi d\u0259y\u0259rl\u0259r\u0259 \u00e7ox diqq\u0259t yetirm\u0259yiniz\u0259 v\u0259 xalq\u0131n\u0131z\u0131n \u0259n\u0259n\u0259l\u0259rini qoruyub saxlama\u011f\u0131n\u0131za v\u0259 bunlar\u0131 yeni n\u0259sill\u0259r\u0259 \u00f6t\u00fcrm\u0259yiniz\u0259 g\u00f6r\u0259 t\u0259brik etm\u0259k ist\u0259rdim.<\/p>\n<p>Siz qeyd etdiyiniz kimi, bizim ortaq k\u00f6kl\u0259rimiz var v\u0259 bu, bizi birl\u0259\u015fdirir. Biz \u0259n\u0259n\u0259l\u0259rimiz, tariximiz, ortaq m\u0259d\u0259niyy\u0259timiz, d\u00fcnyag\u00f6r\u00fc\u015f\u00fcm\u00fcz \u0259sas\u0131nda daha da yax\u0131nla\u015fmaq ist\u0259yirik. Buna g\u00f6r\u0259 d\u00fc\u015f\u00fcn\u00fcr\u0259m ki, m\u0259nim s\u0259f\u0259rim bizim qarda\u015fl\u0131q m\u00fcnasib\u0259tl\u0259rimizin m\u00f6hk\u0259ml\u0259nm\u0259si i\u015fin\u0259 xidm\u0259t ed\u0259c\u0259k. M\u0259n Sizinl\u0259 raz\u0131yam ki, \u00f6lk\u0259l\u0259rimiz regional \u0259m\u0259kda\u015fl\u0131q, regionda t\u0259hl\u00fck\u0259sizliyin m\u00f6hk\u0259ml\u0259nm\u0259si m\u0259s\u0259l\u0259l\u0259rind\u0259 d\u0259 m\u00fch\u00fcm rol oynay\u0131r&#8221;.<\/p>\n<p>\u0130lham \u018fliyev bildirib ki, sabitliyin, inki\u015faf\u0131n y\u00fcks\u0259k s\u0259viyy\u0259si \u00f6lk\u0259l\u0259rimizi f\u0259rql\u0259ndirir: &#8220;Siz \u00e7ox d\u00fczg\u00fcn qeyd etdiniz ki, \u00f6lk\u0259l\u0259rimiz BMT-nin Davaml\u0131 \u0130nki\u015faf M\u0259qs\u0259dl\u0259ri \u00e7\u0259r\u00e7iv\u0259sind\u0259 d\u0259yi\u015fiklikl\u0259ri f\u0259al h\u0259yata ke\u00e7irirl\u0259r. Biz \u0259ks\u0259r g\u00f6st\u0259ricil\u0259r \u00fczr\u0259 n\u0259z\u0259rd\u0259 tutulanlar\u0131 n\u0259inki yerin\u0259 yetirmi\u015fik, h\u0259tta art\u0131qlamas\u0131 il\u0259 yerin\u0259 yetirmi\u015fik. T\u00fcrkm\u0259nistana g\u0259l\u0259n, Sizin \u00f6lk\u0259nizin nec\u0259 inki\u015faf etdiyini, v\u0259t\u0259nda\u015flar \u00fc\u00e7\u00fcn nec\u0259 \u015f\u0259rait yarad\u0131ld\u0131\u011f\u0131n\u0131, iqtisadiyyat\u0131n, s\u0259naye potensial\u0131n\u0131n nec\u0259 artd\u0131\u011f\u0131n\u0131 g\u00f6r\u0259n h\u0259r k\u0259s bunu y\u0259qin edir.<\/p>\n<p>Az\u0259rbaycanda biz Sizin u\u011furlar\u0131n\u0131za sevinirik. Biz \u0259minik ki, qarda\u015f T\u00fcrkm\u0259nistan xalq\u0131 Sizin m\u00fcdrik r\u0259hb\u0259rliyinizl\u0259 bundan sonra da t\u0259r\u0259qqi yolu il\u0259 ir\u0259lil\u0259y\u0259c\u0259k. \u018flb\u0259tt\u0259, bel\u0259 yax\u015f\u0131 imkanlardan istifad\u0259 etm\u0259kl\u0259 \u0259m\u0259kda\u015fl\u0131\u011f\u0131 m\u00f6hk\u0259ml\u0259tm\u0259k laz\u0131md\u0131r. Biz m\u0259hz bununla m\u0259\u015f\u011fuluq v\u0259 \u0259min\u0259m ki, s\u0259f\u0259r bu istiqam\u0259td\u0259 \u00e7ox s\u0259m\u0259r\u0259li olacaq. \u0130qtisadi sah\u0259d\u0259 qar\u015f\u0131l\u0131ql\u0131 f\u0259aliyy\u0259t, n\u0259qliyyat sah\u0259sind\u0259 \u0259m\u0259kda\u015fl\u0131q, s\u0259naye kooperasiyas\u0131 &#8211; m\u00fczakir\u0259 \u00fc\u00e7\u00fcn m\u00f6vzu \u00e7oxdur. \u018fmin\u0259m ki, biz qar\u015f\u0131ya qoyulmu\u015f h\u0259d\u0259fl\u0259r\u0259 nail olaca\u011f\u0131q. S\u0259mimi q\u0259bula v\u0259 qonaqp\u0259rv\u0259rliy\u0259 g\u00f6r\u0259 Siz\u0259 bir daha t\u0259\u015f\u0259kk\u00fcr edir\u0259m&#8221;.<\/p>\n","protected":false},"excerpt":{"rendered":"<p>&#8220;Az\u0259rbaycan v\u0259 T\u00fcrkm\u0259nistan regional \u0259m\u0259kda\u015fl\u0131q, regionda t\u0259hl\u00fck\u0259sizliyin m\u00f6hk\u0259ml\u0259nm\u0259si m\u0259s\u0259l\u0259l\u0259rind\u0259 m\u00fch\u00fcm rol oynay\u0131r&#8221;. ARANTV.AZ az\u0259rtac-a\u00a0istinad\u0259n x\u0259b\u0259r verir ki, bunu Az\u0259rbaycan Prezidenti \u0130lham \u018fliyev A\u015fqabadda T\u00fcrkm\u0259nistan Prezidenti Qurbanqulu Berdim\u0259h\u0259mm\u0259dovla t\u0259kb\u0259t\u0259k g\u00f6r\u00fc\u015f\u00fcnd\u0259 deyib. D\u00f6vl\u0259timizin ba\u015f\u00e7\u0131s\u0131 qeyd edib: &#8220;Sa\u011f olun, h\u00f6rm\u0259tli c\u0259nab Prezident. M\u0259n, ilk n\u00f6vb\u0259d\u0259, qarda\u015f T\u00fcrkm\u0259nistana s\u0259f\u0259r\u0259 d\u0259v\u0259t\u0259 g\u00f6r\u0259 Siz\u0259 t\u0259\u015f\u0259kk\u00fcr etm\u0259k ist\u0259rdim. D\u00fcn\u0259n Sizin torpa\u011fa q\u0259d\u0259m qoydu\u011fum andan \u00f6z\u00fcm\u00fc \u00f6z evimizd\u0259ki kimi hiss edir\u0259m. Bu, qarda\u015f t\u00fcrkm\u0259n xalq\u0131n\u0131n qonaqp\u0259rv\u0259rliyi, \u015f\u0259xs\u0259n Sizin qonaqp\u0259rv\u0259rliyiniz say\u0259sind\u0259dir. Az\u0259rbaycanda Sizi \u00f6lk\u0259mizin b\u00f6y\u00fck dostu kimi tan\u0131y\u0131rlar. Siz \u00f6lk\u0259l\u0259rimiz aras\u0131nda qarda\u015fl\u0131q m\u00fcnasib\u0259tl\u0259rinin m\u00f6hk\u0259ml\u0259nm\u0259si \u00fc\u00e7\u00fcn \u00e7ox i\u015f g\u00f6r\u00fcrs\u00fcn\u00fcz. F\u00fcrs\u0259td\u0259n&hellip;<\/p>\n","protected":false},"author":2,"featured_media":24635,"comment_status":"closed","ping_status":"closed","sticky":false,"template":"","format":"standard","meta":{"om_disable_all_campaigns":false,"_monsterinsights_skip_tracking":false,"_monsterinsights_sitenote_active":false,"_monsterinsights_sitenote_note":"","_monsterinsights_sitenote_category":0},"categories":[4],"tags":[],"aioseo_notices":[],"gutentor_comment":0,"rttpg_featured_image_url":{"full":["https:\/\/arantv.az\/wp-content\/uploads\/2018\/11\/706138.jpg",800,600,false],"landscape":["https:\/\/arantv.az\/wp-content\/uploads\/2018\/11\/706138.jpg",800,600,false],"portraits":["https:\/\/arantv.az\/wp-content\/uploads\/2018\/11\/706138.jpg",800,600,false],"thumbnail":["https:\/\/arantv.az\/wp-content\/uploads\/2018\/11\/706138-150x150.jpg",150,150,true],"medium":["https:\/\/arantv.az\/wp-content\/uploads\/2018\/11\/706138-300x225.jpg",300,225,true],"large":["https:\/\/arantv.az\/wp-content\/uploads\/2018\/11\/706138.jpg",640,480,false],"1536x1536":["https:\/\/arantv.az\/wp-content\/uploads\/2018\/11\/706138.jpg",800,600,false],"2048x2048":["https:\/\/arantv.az\/wp-content\/uploads\/2018\/11\/706138.jpg",800,600,false],"post-thumbnail":["https:\/\/arantv.az\/wp-content\/uploads\/2018\/11\/706138-240x172.jpg",240,172,true],"advps-thumb-one":["https:\/\/arantv.az\/wp-content\/uploads\/2018\/11\/706138.jpg",800,600,false]},"rttpg_author":{"display_name":"V\u00fcsal Rafiqo\u011flu","author_link":"https:\/\/arantv.az\/?author=2"},"rttpg_comment":0,"rttpg_category":"<a href=\"https:\/\/arantv.az\/?cat=4\" rel=\"category\">Siyas\u0259t<\/a>","rttpg_excerpt":"&#8220;Az\u0259rbaycan v\u0259 T\u00fcrkm\u0259nistan regional \u0259m\u0259kda\u015fl\u0131q, regionda t\u0259hl\u00fck\u0259sizliyin m\u00f6hk\u0259ml\u0259nm\u0259si m\u0259s\u0259l\u0259l\u0259rind\u0259 m\u00fch\u00fcm rol oynay\u0131r&#8221;. ARANTV.AZ az\u0259rtac-a\u00a0istinad\u0259n x\u0259b\u0259r verir ki, bunu Az\u0259rbaycan Prezidenti \u0130lham \u018fliyev A\u015fqabadda T\u00fcrkm\u0259nistan Prezidenti Qurbanqulu Berdim\u0259h\u0259mm\u0259dovla t\u0259kb\u0259t\u0259k g\u00f6r\u00fc\u015f\u00fcnd\u0259 deyib. D\u00f6vl\u0259timizin ba\u015f\u00e7\u0131s\u0131 qeyd edib: &#8220;Sa\u011f olun, h\u00f6rm\u0259tli c\u0259nab Prezident. M\u0259n, ilk n\u00f6vb\u0259d\u0259, qarda\u015f T\u00fcrkm\u0259nistana s\u0259f\u0259r\u0259 d\u0259v\u0259t\u0259 g\u00f6r\u0259 Siz\u0259 t\u0259\u015f\u0259kk\u00fcr etm\u0259k ist\u0259rdim. D\u00fcn\u0259n Sizin torpa\u011fa q\u0259d\u0259m&hellip;","_links":{"self":[{"href":"https:\/\/arantv.az\/index.php?rest_route=\/wp\/v2\/posts\/24634"}],"collection":[{"href":"https:\/\/arantv.az\/index.php?rest_route=\/wp\/v2\/posts"}],"about":[{"href":"https:\/\/arantv.az\/index.php?rest_route=\/wp\/v2\/types\/post"}],"author":[{"embeddable":true,"href":"https:\/\/arantv.az\/index.php?rest_route=\/wp\/v2\/users\/2"}],"replies":[{"embeddable":true,"href":"https:\/\/arantv.az\/index.php?rest_route=%2Fwp%2Fv2%2Fcomments&post=24634"}],"version-history":[{"count":0,"href":"https:\/\/arantv.az\/index.php?rest_route=\/wp\/v2\/posts\/24634\/revisions"}],"wp:featuredmedia":[{"embeddable":true,"href":"https:\/\/arantv.az\/index.php?rest_route=\/wp\/v2\/media\/24635"}],"wp:attachment":[{"href":"https:\/\/arantv.az\/index.php?rest_route=%2Fwp%2Fv2%2Fmedia&parent=24634"}],"wp:term":[{"taxonomy":"category","embeddable":true,"href":"https:\/\/arantv.az\/index.php?rest_route=%2Fwp%2Fv2%2Fcategories&post=24634"},{"taxonomy":"post_tag","embeddable":true,"href":"https:\/\/arantv.az\/index.php?rest_route=%2Fwp%2Fv2%2Ftags&post=24634"}],"curies":[{"name":"wp","href":"https:\/\/api.w.org\/{rel}","templated":true}]}}