{"id":24643,"date":"2018-11-22T16:07:04","date_gmt":"2018-11-22T13:07:04","guid":{"rendered":"http:\/\/arantv.az\/?p=24643"},"modified":"2018-11-22T16:07:04","modified_gmt":"2018-11-22T13:07:04","slug":"az%c9%99rbaycandaki-pistaxtalarda-suni-%c9%99t-gorun%c9%99-bil%c9%99r","status":"publish","type":"post","link":"https:\/\/arantv.az\/?p=24643","title":{"rendered":"Az\u0259rbaycandak\u0131 pi\u015ftaxtalarda s\u00fcni \u0259t g\u00f6r\u00fcn\u0259 bil\u0259r"},"content":{"rendered":"<p>K\u0259nd T\u0259s\u0259rr\u00fcfat\u0131 Nazirliyi v\u0259 \u018frzaq v\u0259 D\u0259rmanlara N\u0259zar\u0259t Administrasiyas\u0131 kultivasiya edilmi\u015f h\u00fcceyr\u0259l\u0259rd\u0259n qida m\u0259hsullar\u0131n\u0131n haz\u0131rlanmas\u0131n\u0131n birg\u0259 t\u0259nziml\u0259nm\u0259si il\u0259 ba\u011fl\u0131 raz\u0131l\u0131\u011fa g\u0259libl\u0259r.<\/p>\n<p><strong>ARANTV.AZ<\/strong>\u00a0Media.Az-a istinad\u0259n x\u0259b\u0259r verir ki, nazirlikd\u0259n Az\u0259rbaycan bazar\u0131nda s\u00fcni \u0259tin g\u00f6r\u00fcnm\u0259si ehtimal\u0131na m\u00fcnasib\u0259t\u00a0bildirilib.<\/p>\n<p>Eyni zamanda, Az\u0259rbaycan K\u0259nd T\u0259s\u0259rr\u00fcfat\u0131 Nazirliyinin iqtisad\u00e7\u0131s\u0131, \u0259t m\u0259hsullar\u0131 \u00fczr\u0259 m\u00fct\u0259x\u0259ssis\u00a0<strong>M\u00fcz\u0259ff\u0259r Abbasov<\/strong>un s\u00f6zl\u0259rin\u0259 g\u00f6r\u0259, b\u00fct\u00fcn haz\u0131rlanma normalar\u0131na riay\u0259t edilm\u0259kl\u0259 ortaya \u00e7\u0131xan s\u00fcni \u0259tin Az\u0259rbaycana g\u0259tirilm\u0259si qada\u011fan edilmi\u015f, geni d\u0259yi\u015fdirilmi\u015f m\u0259hsullara aidiyy\u0259ti yoxdur.<\/p>\n<p>Laboratoriya \u015f\u0259raitind\u0259 haz\u0131rlanm\u0131\u015f \u0259tin GMO il\u0259 he\u00e7 bir \u00fcmumi c\u0259h\u0259ti yoxdur. Do\u011frudur, s\u00fcni \u0259tin haz\u0131rlanmas\u0131nda b\u00fct\u00fcn standartlara riay\u0259t edilm\u0259lidir. \u018fg\u0259r haz\u0131rlanma prosesind\u0259 gen d\u0259yi\u015fdirilm\u0259si olubsa v\u0259 ya kanserogen preparatlar istifad\u0259 edilibs\u0259, \u0259lb\u0259tt\u0259 ki, biz bu m\u0259hsullar\u0131 q\u0259bul ed\u0259 bilm\u0259rik\u201d, &#8211; M.Abbasov qeyd edib.<\/p>\n<p>Onun s\u00f6zl\u0259rin\u0259 g\u00f6r\u0259, \u0259slind\u0259, s\u00fcni \u0259td\u0259 pis he\u00e7 n\u0259 yoxdur. Ba\u015fl\u0131cas\u0131, istehlak\u00e7\u0131lar\u0131n aldad\u0131lmamas\u0131d\u0131r. Misal \u00fc\u00e7\u00fcn, T\u00fcrkiy\u0259d\u0259 q\u0131rm\u0131z\u0131 \u0259t \u0259v\u0259zin\u0259 s\u00fcni r\u0259ngl\u0259nmi\u015f toyuq \u0259ti sat\u0131l\u0131r. Y\u0259ni\u00a0sat\u0131lan m\u0259hsulla ba\u011fl\u0131 kifay\u0259t q\u0259d\u0259r m\u0259lumat g\u00f6st\u0259rilm\u0259lidir.<\/p>\n<p>\u201c\u018fg\u0259r Az\u0259rbaycana s\u00fcni \u0259t idxal edils\u0259, ilk n\u00f6vb\u0259d\u0259, onun insan sa\u011flaml\u0131\u011f\u0131 \u00fc\u00e7\u00fcn z\u0259r\u0259rli olub-olmad\u0131\u011f\u0131 yoxlan\u0131lacaq. \u018fg\u0259r s\u00fcni \u0259t b\u00fct\u00fcn laz\u0131mi\u00a0normalara cavab vers\u0259, biz onun ma\u011fazalara \u00e7atd\u0131r\u0131lmas\u0131nda he\u00e7 bir problem g\u00f6rm\u00fcr\u00fck\u201d, &#8211; M.Abbasov bildirib.<\/p>\n<p>Azad \u0130stehlak\u00e7\u0131lar \u0130ctimai Birliyinin s\u0259dri\u00a0<strong>Eyyub H\u00fcseynov\u00a0<\/strong>\u00f6lk\u0259d\u0259 s\u00fcni \u0259t sat\u0131\u015f\u0131na qar\u015f\u0131 \u00e7\u0131x\u0131b:<\/p>\n<p>\u201cBiz, istehlak\u00e7\u0131lar \u00f6z\u00fcm\u00fcz \u00f6z\u00fcm\u00fcz\u00fc aldad\u0131r\u0131q, d\u00fc\u015f\u00fcn\u00fcr\u00fck ki, bizim qeydimiz\u0259 qalacaqlar. Biznesin \u0259sas m\u0259qs\u0259di istehlak\u00e7\u0131dan m\u00fcmk\u00fcn q\u0259d\u0259r \u00e7ox pul qoparmaqd\u0131r\u201d, &#8211; E.H\u00fcseynov qeyd edib.<\/p>\n<p>Maraql\u0131d\u0131r ki, s\u00fcni \u0259t t\u0259bii m\u0259n\u015f\u0259li olan m\u0259hsullardan xeyli faydal\u0131 ola bil\u0259r. EWG t\u0259\u015fkilat\u0131n\u0131n m\u0259lumat\u0131na \u0259sas\u0259n, t\u0259kc\u0259 AB\u015e-da istehsal olunan antibiotikl\u0259rin 70 faizi heyvanlar\u0131n saxlan\u0131lmas\u0131 \u00fc\u00e7\u00fcn istifad\u0259 edilir. Bu antibiotikin b\u00f6y\u00fck hiss\u0259si qidalanma il\u0259 bizim b\u0259d\u0259nimiz\u0259 daxil olur. S\u00fcni \u0259t is\u0259 bu c\u00fcr qatq\u0131lardan k\u0259narda qal\u0131r.<\/p>\n","protected":false},"excerpt":{"rendered":"<p>K\u0259nd T\u0259s\u0259rr\u00fcfat\u0131 Nazirliyi v\u0259 \u018frzaq v\u0259 D\u0259rmanlara N\u0259zar\u0259t Administrasiyas\u0131 kultivasiya edilmi\u015f h\u00fcceyr\u0259l\u0259rd\u0259n qida m\u0259hsullar\u0131n\u0131n haz\u0131rlanmas\u0131n\u0131n birg\u0259 t\u0259nziml\u0259nm\u0259si il\u0259 ba\u011fl\u0131 raz\u0131l\u0131\u011fa g\u0259libl\u0259r. ARANTV.AZ\u00a0Media.Az-a istinad\u0259n x\u0259b\u0259r verir ki, nazirlikd\u0259n Az\u0259rbaycan bazar\u0131nda s\u00fcni \u0259tin g\u00f6r\u00fcnm\u0259si ehtimal\u0131na m\u00fcnasib\u0259t\u00a0bildirilib. Eyni zamanda, Az\u0259rbaycan K\u0259nd T\u0259s\u0259rr\u00fcfat\u0131 Nazirliyinin iqtisad\u00e7\u0131s\u0131, \u0259t m\u0259hsullar\u0131 \u00fczr\u0259 m\u00fct\u0259x\u0259ssis\u00a0M\u00fcz\u0259ff\u0259r Abbasovun s\u00f6zl\u0259rin\u0259 g\u00f6r\u0259, b\u00fct\u00fcn haz\u0131rlanma normalar\u0131na riay\u0259t edilm\u0259kl\u0259 ortaya \u00e7\u0131xan s\u00fcni \u0259tin Az\u0259rbaycana g\u0259tirilm\u0259si qada\u011fan edilmi\u015f, geni d\u0259yi\u015fdirilmi\u015f m\u0259hsullara aidiyy\u0259ti yoxdur. Laboratoriya \u015f\u0259raitind\u0259 haz\u0131rlanm\u0131\u015f \u0259tin GMO il\u0259 he\u00e7 bir \u00fcmumi c\u0259h\u0259ti yoxdur. Do\u011frudur, s\u00fcni \u0259tin haz\u0131rlanmas\u0131nda b\u00fct\u00fcn standartlara riay\u0259t edilm\u0259lidir. \u018fg\u0259r haz\u0131rlanma prosesind\u0259 gen d\u0259yi\u015fdirilm\u0259si&hellip;<\/p>\n","protected":false},"author":2,"featured_media":24644,"comment_status":"closed","ping_status":"closed","sticky":false,"template":"","format":"standard","meta":{"om_disable_all_campaigns":false,"_monsterinsights_skip_tracking":false,"_monsterinsights_sitenote_active":false,"_monsterinsights_sitenote_note":"","_monsterinsights_sitenote_category":0},"categories":[1],"tags":[],"aioseo_notices":[],"gutentor_comment":0,"rttpg_featured_image_url":{"full":["https:\/\/arantv.az\/wp-content\/uploads\/2018\/11\/suni.jpg",620,413,false],"landscape":["https:\/\/arantv.az\/wp-content\/uploads\/2018\/11\/suni.jpg",620,413,false],"portraits":["https:\/\/arantv.az\/wp-content\/uploads\/2018\/11\/suni.jpg",620,413,false],"thumbnail":["https:\/\/arantv.az\/wp-content\/uploads\/2018\/11\/suni-150x150.jpg",150,150,true],"medium":["https:\/\/arantv.az\/wp-content\/uploads\/2018\/11\/suni-300x200.jpg",300,200,true],"large":["https:\/\/arantv.az\/wp-content\/uploads\/2018\/11\/suni.jpg",620,413,false],"1536x1536":["https:\/\/arantv.az\/wp-content\/uploads\/2018\/11\/suni.jpg",620,413,false],"2048x2048":["https:\/\/arantv.az\/wp-content\/uploads\/2018\/11\/suni.jpg",620,413,false],"post-thumbnail":["https:\/\/arantv.az\/wp-content\/uploads\/2018\/11\/suni-240x172.jpg",240,172,true],"advps-thumb-one":["https:\/\/arantv.az\/wp-content\/uploads\/2018\/11\/suni.jpg",620,413,false]},"rttpg_author":{"display_name":"V\u00fcsal Rafiqo\u011flu","author_link":"https:\/\/arantv.az\/?author=2"},"rttpg_comment":0,"rttpg_category":"<a href=\"https:\/\/arantv.az\/?cat=1\" rel=\"category\">C\u0259miyy\u0259t<\/a>","rttpg_excerpt":"K\u0259nd T\u0259s\u0259rr\u00fcfat\u0131 Nazirliyi v\u0259 \u018frzaq v\u0259 D\u0259rmanlara N\u0259zar\u0259t Administrasiyas\u0131 kultivasiya edilmi\u015f h\u00fcceyr\u0259l\u0259rd\u0259n qida m\u0259hsullar\u0131n\u0131n haz\u0131rlanmas\u0131n\u0131n birg\u0259 t\u0259nziml\u0259nm\u0259si il\u0259 ba\u011fl\u0131 raz\u0131l\u0131\u011fa g\u0259libl\u0259r. ARANTV.AZ\u00a0Media.Az-a istinad\u0259n x\u0259b\u0259r verir ki, nazirlikd\u0259n Az\u0259rbaycan bazar\u0131nda s\u00fcni \u0259tin g\u00f6r\u00fcnm\u0259si ehtimal\u0131na m\u00fcnasib\u0259t\u00a0bildirilib. Eyni zamanda, Az\u0259rbaycan K\u0259nd T\u0259s\u0259rr\u00fcfat\u0131 Nazirliyinin iqtisad\u00e7\u0131s\u0131, \u0259t m\u0259hsullar\u0131 \u00fczr\u0259 m\u00fct\u0259x\u0259ssis\u00a0M\u00fcz\u0259ff\u0259r Abbasovun s\u00f6zl\u0259rin\u0259 g\u00f6r\u0259, b\u00fct\u00fcn haz\u0131rlanma normalar\u0131na riay\u0259t edilm\u0259kl\u0259 ortaya \u00e7\u0131xan&hellip;","_links":{"self":[{"href":"https:\/\/arantv.az\/index.php?rest_route=\/wp\/v2\/posts\/24643"}],"collection":[{"href":"https:\/\/arantv.az\/index.php?rest_route=\/wp\/v2\/posts"}],"about":[{"href":"https:\/\/arantv.az\/index.php?rest_route=\/wp\/v2\/types\/post"}],"author":[{"embeddable":true,"href":"https:\/\/arantv.az\/index.php?rest_route=\/wp\/v2\/users\/2"}],"replies":[{"embeddable":true,"href":"https:\/\/arantv.az\/index.php?rest_route=%2Fwp%2Fv2%2Fcomments&post=24643"}],"version-history":[{"count":0,"href":"https:\/\/arantv.az\/index.php?rest_route=\/wp\/v2\/posts\/24643\/revisions"}],"wp:featuredmedia":[{"embeddable":true,"href":"https:\/\/arantv.az\/index.php?rest_route=\/wp\/v2\/media\/24644"}],"wp:attachment":[{"href":"https:\/\/arantv.az\/index.php?rest_route=%2Fwp%2Fv2%2Fmedia&parent=24643"}],"wp:term":[{"taxonomy":"category","embeddable":true,"href":"https:\/\/arantv.az\/index.php?rest_route=%2Fwp%2Fv2%2Fcategories&post=24643"},{"taxonomy":"post_tag","embeddable":true,"href":"https:\/\/arantv.az\/index.php?rest_route=%2Fwp%2Fv2%2Ftags&post=24643"}],"curies":[{"name":"wp","href":"https:\/\/api.w.org\/{rel}","templated":true}]}}