{"id":24653,"date":"2018-11-22T16:14:20","date_gmt":"2018-11-22T13:14:20","guid":{"rendered":"http:\/\/arantv.az\/?p=24653"},"modified":"2018-11-22T16:14:20","modified_gmt":"2018-11-22T13:14:20","slug":"az%c9%99rbaycan-prezidenti-ilham-%c9%99liyevin-turkm%c9%99nistana-r%c9%99smi-s%c9%99f%c9%99ri-basa-catib-foto","status":"publish","type":"post","link":"https:\/\/arantv.az\/?p=24653","title":{"rendered":"Az\u0259rbaycan Prezidenti \u0130lham \u018fliyevin T\u00fcrkm\u0259nistana r\u0259smi s\u0259f\u0259ri ba\u015fa \u00e7at\u0131b &#8211; FOTO"},"content":{"rendered":"<p><strong>ARANTV.AZ<\/strong> az\u0259rtac-a istinad\u0259n bildirir ki,\u00a0Az\u0259rbaycan Respublikas\u0131n\u0131n Prezidenti \u0130lham \u018fliyevin T\u00fcrkm\u0259nistana r\u0259smi s\u0259f\u0259ri noyabr\u0131n 22-d\u0259 ba\u015fa \u00e7at\u0131b.<\/p>\n<p><img loading=\"lazy\" class=\"alignnone size-full wp-image-24655\" src=\"https:\/\/arantv.az\/wp-content\/uploads\/2018\/11\/706156_01.jpg\" alt=\"\" width=\"246\" height=\"250\" \/><\/p>\n","protected":false},"excerpt":{"rendered":"<p>ARANTV.AZ az\u0259rtac-a istinad\u0259n bildirir ki,\u00a0Az\u0259rbaycan Respublikas\u0131n\u0131n Prezidenti \u0130lham \u018fliyevin T\u00fcrkm\u0259nistana r\u0259smi s\u0259f\u0259ri noyabr\u0131n 22-d\u0259 ba\u015fa \u00e7at\u0131b.<\/p>\n","protected":false},"author":2,"featured_media":24654,"comment_status":"closed","ping_status":"closed","sticky":false,"template":"","format":"standard","meta":{"om_disable_all_campaigns":false,"_monsterinsights_skip_tracking":false,"_monsterinsights_sitenote_active":false,"_monsterinsights_sitenote_note":"","_monsterinsights_sitenote_category":0},"categories":[8],"tags":[],"aioseo_notices":[],"gutentor_comment":0,"rttpg_featured_image_url":{"full":["https:\/\/arantv.az\/wp-content\/uploads\/2018\/11\/706156.jpg",800,600,false],"landscape":["https:\/\/arantv.az\/wp-content\/uploads\/2018\/11\/706156.jpg",800,600,false],"portraits":["https:\/\/arantv.az\/wp-content\/uploads\/2018\/11\/706156.jpg",800,600,false],"thumbnail":["https:\/\/arantv.az\/wp-content\/uploads\/2018\/11\/706156-150x150.jpg",150,150,true],"medium":["https:\/\/arantv.az\/wp-content\/uploads\/2018\/11\/706156-300x225.jpg",300,225,true],"large":["https:\/\/arantv.az\/wp-content\/uploads\/2018\/11\/706156.jpg",640,480,false],"1536x1536":["https:\/\/arantv.az\/wp-content\/uploads\/2018\/11\/706156.jpg",800,600,false],"2048x2048":["https:\/\/arantv.az\/wp-content\/uploads\/2018\/11\/706156.jpg",800,600,false],"post-thumbnail":["https:\/\/arantv.az\/wp-content\/uploads\/2018\/11\/706156-240x172.jpg",240,172,true],"advps-thumb-one":["https:\/\/arantv.az\/wp-content\/uploads\/2018\/11\/706156.jpg",800,600,false]},"rttpg_author":{"display_name":"V\u00fcsal Rafiqo\u011flu","author_link":"https:\/\/arantv.az\/?author=2"},"rttpg_comment":0,"rttpg_category":"<a href=\"https:\/\/arantv.az\/?cat=8\" rel=\"category\">\u018fsas s\u0259hif\u0259<\/a>","rttpg_excerpt":"ARANTV.AZ az\u0259rtac-a istinad\u0259n bildirir ki,\u00a0Az\u0259rbaycan Respublikas\u0131n\u0131n Prezidenti \u0130lham \u018fliyevin T\u00fcrkm\u0259nistana r\u0259smi s\u0259f\u0259ri noyabr\u0131n 22-d\u0259 ba\u015fa \u00e7at\u0131b.","_links":{"self":[{"href":"https:\/\/arantv.az\/index.php?rest_route=\/wp\/v2\/posts\/24653"}],"collection":[{"href":"https:\/\/arantv.az\/index.php?rest_route=\/wp\/v2\/posts"}],"about":[{"href":"https:\/\/arantv.az\/index.php?rest_route=\/wp\/v2\/types\/post"}],"author":[{"embeddable":true,"href":"https:\/\/arantv.az\/index.php?rest_route=\/wp\/v2\/users\/2"}],"replies":[{"embeddable":true,"href":"https:\/\/arantv.az\/index.php?rest_route=%2Fwp%2Fv2%2Fcomments&post=24653"}],"version-history":[{"count":0,"href":"https:\/\/arantv.az\/index.php?rest_route=\/wp\/v2\/posts\/24653\/revisions"}],"wp:featuredmedia":[{"embeddable":true,"href":"https:\/\/arantv.az\/index.php?rest_route=\/wp\/v2\/media\/24654"}],"wp:attachment":[{"href":"https:\/\/arantv.az\/index.php?rest_route=%2Fwp%2Fv2%2Fmedia&parent=24653"}],"wp:term":[{"taxonomy":"category","embeddable":true,"href":"https:\/\/arantv.az\/index.php?rest_route=%2Fwp%2Fv2%2Fcategories&post=24653"},{"taxonomy":"post_tag","embeddable":true,"href":"https:\/\/arantv.az\/index.php?rest_route=%2Fwp%2Fv2%2Ftags&post=24653"}],"curies":[{"name":"wp","href":"https:\/\/api.w.org\/{rel}","templated":true}]}}