{"id":24658,"date":"2018-11-22T16:15:21","date_gmt":"2018-11-22T13:15:21","guid":{"rendered":"http:\/\/arantv.az\/?p=24658"},"modified":"2018-11-22T16:15:21","modified_gmt":"2018-11-22T13:15:21","slug":"turkm%c9%99nistan-prezidenti-qurbanqulu-berdim%c9%99h%c9%99mm%c9%99dov-t%c9%99r%c9%99find%c9%99n-az%c9%99rbaycan-prezidenti-ilham-%c9%99liyevin-s%c9%99r%c9%99fin%c9%99-r%c9%99smi-ziyaf%c9%99t-verilib","status":"publish","type":"post","link":"https:\/\/arantv.az\/?p=24658","title":{"rendered":"T\u00fcrkm\u0259nistan Prezidenti Qurbanqulu Berdim\u0259h\u0259mm\u0259dov t\u0259r\u0259find\u0259n Az\u0259rbaycan Prezidenti \u0130lham \u018fliyevin \u015f\u0259r\u0259fin\u0259 r\u0259smi ziyaf\u0259t verilib &#8211; FOTO"},"content":{"rendered":"<p><strong>ARANTV.AZ<\/strong> az\u0259rtac-a istinad\u0259n bildirir ki,\u00a0Noyabr\u0131n 22-d\u0259 T\u00fcrkm\u0259nistan Prezidenti Qurbanqulu Berdim\u0259h\u0259mm\u0259dov t\u0259r\u0259find\u0259n Az\u0259rbaycan Respublikas\u0131n\u0131n Prezidenti \u0130lham \u018fliyevin \u015f\u0259r\u0259fin\u0259 r\u0259smi ziyaf\u0259t verilib.<\/p>\n<p><img loading=\"lazy\" class=\"alignnone size-full wp-image-24659\" src=\"https:\/\/arantv.az\/wp-content\/uploads\/2018\/11\/706155_01.jpg\" alt=\"\" width=\"250\" height=\"235\" \/><\/p>\n","protected":false},"excerpt":{"rendered":"<p>ARANTV.AZ az\u0259rtac-a istinad\u0259n bildirir ki,\u00a0Noyabr\u0131n 22-d\u0259 T\u00fcrkm\u0259nistan Prezidenti Qurbanqulu Berdim\u0259h\u0259mm\u0259dov t\u0259r\u0259find\u0259n Az\u0259rbaycan Respublikas\u0131n\u0131n Prezidenti \u0130lham \u018fliyevin \u015f\u0259r\u0259fin\u0259 r\u0259smi ziyaf\u0259t verilib.<\/p>\n","protected":false},"author":2,"featured_media":24660,"comment_status":"closed","ping_status":"closed","sticky":false,"template":"","format":"standard","meta":{"om_disable_all_campaigns":false,"_monsterinsights_skip_tracking":false,"_monsterinsights_sitenote_active":false,"_monsterinsights_sitenote_note":"","_monsterinsights_sitenote_category":0},"categories":[4],"tags":[],"aioseo_notices":[],"gutentor_comment":0,"rttpg_featured_image_url":{"full":["https:\/\/arantv.az\/wp-content\/uploads\/2018\/11\/706155.jpg",800,600,false],"landscape":["https:\/\/arantv.az\/wp-content\/uploads\/2018\/11\/706155.jpg",800,600,false],"portraits":["https:\/\/arantv.az\/wp-content\/uploads\/2018\/11\/706155.jpg",800,600,false],"thumbnail":["https:\/\/arantv.az\/wp-content\/uploads\/2018\/11\/706155-150x150.jpg",150,150,true],"medium":["https:\/\/arantv.az\/wp-content\/uploads\/2018\/11\/706155-300x225.jpg",300,225,true],"large":["https:\/\/arantv.az\/wp-content\/uploads\/2018\/11\/706155.jpg",640,480,false],"1536x1536":["https:\/\/arantv.az\/wp-content\/uploads\/2018\/11\/706155.jpg",800,600,false],"2048x2048":["https:\/\/arantv.az\/wp-content\/uploads\/2018\/11\/706155.jpg",800,600,false],"post-thumbnail":["https:\/\/arantv.az\/wp-content\/uploads\/2018\/11\/706155-240x172.jpg",240,172,true],"advps-thumb-one":["https:\/\/arantv.az\/wp-content\/uploads\/2018\/11\/706155.jpg",800,600,false]},"rttpg_author":{"display_name":"V\u00fcsal Rafiqo\u011flu","author_link":"https:\/\/arantv.az\/?author=2"},"rttpg_comment":0,"rttpg_category":"<a href=\"https:\/\/arantv.az\/?cat=4\" rel=\"category\">Siyas\u0259t<\/a>","rttpg_excerpt":"ARANTV.AZ az\u0259rtac-a istinad\u0259n bildirir ki,\u00a0Noyabr\u0131n 22-d\u0259 T\u00fcrkm\u0259nistan Prezidenti Qurbanqulu Berdim\u0259h\u0259mm\u0259dov t\u0259r\u0259find\u0259n Az\u0259rbaycan Respublikas\u0131n\u0131n Prezidenti \u0130lham \u018fliyevin \u015f\u0259r\u0259fin\u0259 r\u0259smi ziyaf\u0259t verilib.","_links":{"self":[{"href":"https:\/\/arantv.az\/index.php?rest_route=\/wp\/v2\/posts\/24658"}],"collection":[{"href":"https:\/\/arantv.az\/index.php?rest_route=\/wp\/v2\/posts"}],"about":[{"href":"https:\/\/arantv.az\/index.php?rest_route=\/wp\/v2\/types\/post"}],"author":[{"embeddable":true,"href":"https:\/\/arantv.az\/index.php?rest_route=\/wp\/v2\/users\/2"}],"replies":[{"embeddable":true,"href":"https:\/\/arantv.az\/index.php?rest_route=%2Fwp%2Fv2%2Fcomments&post=24658"}],"version-history":[{"count":0,"href":"https:\/\/arantv.az\/index.php?rest_route=\/wp\/v2\/posts\/24658\/revisions"}],"wp:featuredmedia":[{"embeddable":true,"href":"https:\/\/arantv.az\/index.php?rest_route=\/wp\/v2\/media\/24660"}],"wp:attachment":[{"href":"https:\/\/arantv.az\/index.php?rest_route=%2Fwp%2Fv2%2Fmedia&parent=24658"}],"wp:term":[{"taxonomy":"category","embeddable":true,"href":"https:\/\/arantv.az\/index.php?rest_route=%2Fwp%2Fv2%2Fcategories&post=24658"},{"taxonomy":"post_tag","embeddable":true,"href":"https:\/\/arantv.az\/index.php?rest_route=%2Fwp%2Fv2%2Ftags&post=24658"}],"curies":[{"name":"wp","href":"https:\/\/api.w.org\/{rel}","templated":true}]}}