{"id":247464,"date":"2020-12-04T09:54:56","date_gmt":"2020-12-04T06:54:56","guid":{"rendered":"http:\/\/arantv.az\/?p=247464"},"modified":"2020-12-04T09:54:56","modified_gmt":"2020-12-04T06:54:56","slug":"az%c9%99rbaycan-prezidenti-az%c9%99rbaycan-virusun-yayilmasinin-qarsisini-almaq-m%c9%99qs%c9%99dil%c9%99-vaxtinda-z%c9%99ruri-t%c9%99dbirl%c9%99r-h%c9%99yata-kecirib","status":"publish","type":"post","link":"https:\/\/arantv.az\/?p=247464","title":{"rendered":"Az\u0259rbaycan Prezidenti: &#8220;Az\u0259rbaycan virusun yay\u0131lmas\u0131n\u0131n qar\u015f\u0131s\u0131n\u0131 almaq m\u0259qs\u0259dil\u0259 vaxt\u0131nda z\u0259ruri t\u0259dbirl\u0259r h\u0259yata ke\u00e7irib&#8221;"},"content":{"rendered":"<blockquote><p><strong>Az\u0259rbaycan virusun yay\u0131lmas\u0131n\u0131n qar\u015f\u0131s\u0131n\u0131 almaq m\u0259qs\u0259dil\u0259 vaxt\u0131nda z\u0259ruri t\u0259dbirl\u0259r h\u0259yata ke\u00e7irmi\u015fdir. COVID-19 il\u0259 ba\u011fl\u0131 yaranm\u0131\u015f v\u0259ziyy\u0259t\u0259 m\u00fcvafiq olaraq t\u0259r\u0259fimizd\u0259n adekvat add\u0131mlar at\u0131lm\u0131\u015fd\u0131r.<\/strong><\/p><\/blockquote>\n<p><strong>ARANTV.AZ\u00a0<\/strong>\u00a0<a href=\"http:\/\/azertag.az\/\" target=\"_blank\" rel=\"noopener\">AZ\u018fRTAC<\/a>-a istinad\u0259n bildirir ki, bu s\u00f6zl\u0259ri Prezident \u0130lham \u018fliyev BMT Ba\u015f Assambleyas\u0131n\u0131n COVID-19 pandemiyas\u0131 il\u0259 m\u00fcbariz\u0259y\u0259 h\u0259sr edilmi\u015f d\u00f6vl\u0259t v\u0259 h\u00f6kum\u0259t ba\u015f\u00e7\u0131lar\u0131 s\u0259viyy\u0259sind\u0259 x\u00fcsusi sessiyas\u0131nda \u00e7\u0131x\u0131\u015f\u0131 zaman\u0131 deyib.<\/p>\n<p>&#8220;Bu g\u00fcn \u00f6lk\u0259 \u00fczr\u0259 koronaviruslu x\u0259st\u0259l\u0259r 46 d\u00f6vl\u0259t x\u0259st\u0259xanas\u0131nda m\u00fcalic\u0259 olunur. Pandemiya ba\u015flad\u0131\u011f\u0131 zaman bizim 6 funksional laboratoriyam\u0131z var idi. Haz\u0131rda f\u0259aliyy\u0259td\u0259 olan laboratoriyalar\u0131m\u0131z\u0131n say\u0131 40-dan art\u0131qd\u0131r&#8221;, &#8211; d\u00f6vl\u0259timizin ba\u015f\u00e7\u0131s\u0131 qeyd edib.<\/p>\n<p>Prezident bildirib ki, pandemiyan\u0131n m\u0259nfi t\u0259sirinin qar\u015f\u0131s\u0131n\u0131n al\u0131nmas\u0131 m\u0259qs\u0259dil\u0259 h\u00f6kum\u0259t t\u0259r\u0259find\u0259n 2.5 milyard AB\u015e dollar\u0131 h\u0259cmind\u0259 iqtisadi-sosial yard\u0131m v\u0259 maliyy\u0259 d\u0259st\u0259yi paketi t\u0259qdim edilmi\u015fdir. Sosial yard\u0131m t\u0259dbirl\u0259ri 5 milyon insan\u0131 \u0259hat\u0259 edir ki, bu da \u00f6lk\u0259 \u0259halisinin yar\u0131s\u0131 dem\u0259kdir. Koronavirusla m\u00fcbariz\u0259 he\u00e7 bir xarici maliyy\u0259 d\u0259st\u0259yi olmadan, yaln\u0131z daxili m\u0259nb\u0259l\u0259r hesab\u0131na maliyy\u0259l\u0259\u015fdirilmi\u015fdir.<\/p>\n","protected":false},"excerpt":{"rendered":"<p>Az\u0259rbaycan virusun yay\u0131lmas\u0131n\u0131n qar\u015f\u0131s\u0131n\u0131 almaq m\u0259qs\u0259dil\u0259 vaxt\u0131nda z\u0259ruri t\u0259dbirl\u0259r h\u0259yata ke\u00e7irmi\u015fdir. COVID-19 il\u0259 ba\u011fl\u0131 yaranm\u0131\u015f v\u0259ziyy\u0259t\u0259 m\u00fcvafiq olaraq t\u0259r\u0259fimizd\u0259n adekvat add\u0131mlar at\u0131lm\u0131\u015fd\u0131r. ARANTV.AZ\u00a0\u00a0AZ\u018fRTAC-a istinad\u0259n bildirir ki, bu s\u00f6zl\u0259ri Prezident \u0130lham \u018fliyev BMT Ba\u015f Assambleyas\u0131n\u0131n COVID-19 pandemiyas\u0131 il\u0259 m\u00fcbariz\u0259y\u0259 h\u0259sr edilmi\u015f d\u00f6vl\u0259t v\u0259 h\u00f6kum\u0259t ba\u015f\u00e7\u0131lar\u0131 s\u0259viyy\u0259sind\u0259 x\u00fcsusi sessiyas\u0131nda \u00e7\u0131x\u0131\u015f\u0131 zaman\u0131 deyib. &#8220;Bu g\u00fcn \u00f6lk\u0259 \u00fczr\u0259 koronaviruslu x\u0259st\u0259l\u0259r 46 d\u00f6vl\u0259t x\u0259st\u0259xanas\u0131nda m\u00fcalic\u0259 olunur. Pandemiya ba\u015flad\u0131\u011f\u0131 zaman bizim 6 funksional laboratoriyam\u0131z var idi. Haz\u0131rda f\u0259aliyy\u0259td\u0259 olan laboratoriyalar\u0131m\u0131z\u0131n say\u0131 40-dan art\u0131qd\u0131r&#8221;, &#8211; d\u00f6vl\u0259timizin ba\u015f\u00e7\u0131s\u0131 qeyd edib. Prezident bildirib ki, pandemiyan\u0131n m\u0259nfi t\u0259sirinin qar\u015f\u0131s\u0131n\u0131n al\u0131nmas\u0131&hellip;<\/p>\n","protected":false},"author":2,"featured_media":247465,"comment_status":"closed","ping_status":"closed","sticky":false,"template":"","format":"standard","meta":{"om_disable_all_campaigns":false,"_monsterinsights_skip_tracking":false,"_monsterinsights_sitenote_active":false,"_monsterinsights_sitenote_note":"","_monsterinsights_sitenote_category":0},"categories":[4],"tags":[],"aioseo_notices":[],"gutentor_comment":0,"rttpg_featured_image_url":{"full":["https:\/\/arantv.az\/wp-content\/uploads\/2020\/12\/902300-3.jpg",800,600,false],"landscape":["https:\/\/arantv.az\/wp-content\/uploads\/2020\/12\/902300-3.jpg",800,600,false],"portraits":["https:\/\/arantv.az\/wp-content\/uploads\/2020\/12\/902300-3.jpg",800,600,false],"thumbnail":["https:\/\/arantv.az\/wp-content\/uploads\/2020\/12\/902300-3-150x150.jpg",150,150,true],"medium":["https:\/\/arantv.az\/wp-content\/uploads\/2020\/12\/902300-3-300x225.jpg",300,225,true],"large":["https:\/\/arantv.az\/wp-content\/uploads\/2020\/12\/902300-3.jpg",640,480,false],"1536x1536":["https:\/\/arantv.az\/wp-content\/uploads\/2020\/12\/902300-3.jpg",800,600,false],"2048x2048":["https:\/\/arantv.az\/wp-content\/uploads\/2020\/12\/902300-3.jpg",800,600,false],"post-thumbnail":["https:\/\/arantv.az\/wp-content\/uploads\/2020\/12\/902300-3-240x172.jpg",240,172,true],"advps-thumb-one":["https:\/\/arantv.az\/wp-content\/uploads\/2020\/12\/902300-3.jpg",800,600,false]},"rttpg_author":{"display_name":"V\u00fcsal Rafiqo\u011flu","author_link":"https:\/\/arantv.az\/?author=2"},"rttpg_comment":0,"rttpg_category":"<a href=\"https:\/\/arantv.az\/?cat=4\" rel=\"category\">Siyas\u0259t<\/a>","rttpg_excerpt":"Az\u0259rbaycan virusun yay\u0131lmas\u0131n\u0131n qar\u015f\u0131s\u0131n\u0131 almaq m\u0259qs\u0259dil\u0259 vaxt\u0131nda z\u0259ruri t\u0259dbirl\u0259r h\u0259yata ke\u00e7irmi\u015fdir. COVID-19 il\u0259 ba\u011fl\u0131 yaranm\u0131\u015f v\u0259ziyy\u0259t\u0259 m\u00fcvafiq olaraq t\u0259r\u0259fimizd\u0259n adekvat add\u0131mlar at\u0131lm\u0131\u015fd\u0131r. ARANTV.AZ\u00a0\u00a0AZ\u018fRTAC-a istinad\u0259n bildirir ki, bu s\u00f6zl\u0259ri Prezident \u0130lham \u018fliyev BMT Ba\u015f Assambleyas\u0131n\u0131n COVID-19 pandemiyas\u0131 il\u0259 m\u00fcbariz\u0259y\u0259 h\u0259sr edilmi\u015f d\u00f6vl\u0259t v\u0259 h\u00f6kum\u0259t ba\u015f\u00e7\u0131lar\u0131 s\u0259viyy\u0259sind\u0259 x\u00fcsusi sessiyas\u0131nda \u00e7\u0131x\u0131\u015f\u0131 zaman\u0131 deyib. &#8220;Bu g\u00fcn \u00f6lk\u0259 \u00fczr\u0259 koronaviruslu&hellip;","_links":{"self":[{"href":"https:\/\/arantv.az\/index.php?rest_route=\/wp\/v2\/posts\/247464"}],"collection":[{"href":"https:\/\/arantv.az\/index.php?rest_route=\/wp\/v2\/posts"}],"about":[{"href":"https:\/\/arantv.az\/index.php?rest_route=\/wp\/v2\/types\/post"}],"author":[{"embeddable":true,"href":"https:\/\/arantv.az\/index.php?rest_route=\/wp\/v2\/users\/2"}],"replies":[{"embeddable":true,"href":"https:\/\/arantv.az\/index.php?rest_route=%2Fwp%2Fv2%2Fcomments&post=247464"}],"version-history":[{"count":0,"href":"https:\/\/arantv.az\/index.php?rest_route=\/wp\/v2\/posts\/247464\/revisions"}],"wp:featuredmedia":[{"embeddable":true,"href":"https:\/\/arantv.az\/index.php?rest_route=\/wp\/v2\/media\/247465"}],"wp:attachment":[{"href":"https:\/\/arantv.az\/index.php?rest_route=%2Fwp%2Fv2%2Fmedia&parent=247464"}],"wp:term":[{"taxonomy":"category","embeddable":true,"href":"https:\/\/arantv.az\/index.php?rest_route=%2Fwp%2Fv2%2Fcategories&post=247464"},{"taxonomy":"post_tag","embeddable":true,"href":"https:\/\/arantv.az\/index.php?rest_route=%2Fwp%2Fv2%2Ftags&post=247464"}],"curies":[{"name":"wp","href":"https:\/\/api.w.org\/{rel}","templated":true}]}}