{"id":247569,"date":"2020-12-04T13:07:34","date_gmt":"2020-12-04T10:07:34","guid":{"rendered":"http:\/\/arantv.az\/?p=247569"},"modified":"2020-12-04T13:07:34","modified_gmt":"2020-12-04T10:07:34","slug":"heyd%c9%99r-m%c9%99scidind%c9%99-v%c9%99t%c9%99n-muharib%c9%99si-s%c9%99hidl%c9%99ri-anilib-v%c9%99hd%c9%99t-namazi-qilinib","status":"publish","type":"post","link":"https:\/\/arantv.az\/?p=247569","title":{"rendered":"Heyd\u0259r m\u0259scidind\u0259 V\u0259t\u0259n m\u00fcharib\u0259si \u015f\u0259hidl\u0259ri an\u0131l\u0131b, V\u0259hd\u0259t namaz\u0131 q\u0131l\u0131n\u0131b"},"content":{"rendered":"<p>Bu g\u00fcn Heyd\u0259r m\u0259scidind\u0259 V\u0259t\u0259n m\u00fcharib\u0259si \u015f\u0259hidl\u0259ri an\u0131l\u0131b, V\u0259hd\u0259t namaz\u0131 q\u0131l\u0131n\u0131b.<\/p>\n<p><strong>ARANTV.AZ<\/strong>-\u0131n m\u0259lumat\u0131na g\u00f6r\u0259, m\u0259rasimd\u0259 Qafqaz M\u00fcs\u0259lmanlar\u0131 \u0130dar\u0259sinin s\u0259dri \u015eeyx\u00fclislam Allah\u015f\u00fck\u00fcr Pa\u015fazad\u0259 i\u015ftirak edib.<\/p>\n<p>V\u0259hd\u0259t namaz\u0131 A.Pa\u015fazad\u0259nin r\u0259hb\u0259rliyi il\u0259 q\u0131l\u0131n\u0131b.<\/p>\n<p>M\u0259rasimd\u0259 \u015f\u0259hidl\u0259rin ruhuna x\u00fctb\u0259l\u0259r oxunub, xatir\u0259l\u0259ri ehtiramla yad edilib.APA<\/p>\n","protected":false},"excerpt":{"rendered":"<p>Bu g\u00fcn Heyd\u0259r m\u0259scidind\u0259 V\u0259t\u0259n m\u00fcharib\u0259si \u015f\u0259hidl\u0259ri an\u0131l\u0131b, V\u0259hd\u0259t namaz\u0131 q\u0131l\u0131n\u0131b. ARANTV.AZ-\u0131n m\u0259lumat\u0131na g\u00f6r\u0259, m\u0259rasimd\u0259 Qafqaz M\u00fcs\u0259lmanlar\u0131 \u0130dar\u0259sinin s\u0259dri \u015eeyx\u00fclislam Allah\u015f\u00fck\u00fcr Pa\u015fazad\u0259 i\u015ftirak edib. V\u0259hd\u0259t namaz\u0131 A.Pa\u015fazad\u0259nin r\u0259hb\u0259rliyi il\u0259 q\u0131l\u0131n\u0131b. M\u0259rasimd\u0259 \u015f\u0259hidl\u0259rin ruhuna x\u00fctb\u0259l\u0259r oxunub, xatir\u0259l\u0259ri ehtiramla yad edilib.APA<\/p>\n","protected":false},"author":2,"featured_media":247570,"comment_status":"closed","ping_status":"closed","sticky":false,"template":"","format":"standard","meta":{"om_disable_all_campaigns":false,"_monsterinsights_skip_tracking":false,"_monsterinsights_sitenote_active":false,"_monsterinsights_sitenote_note":"","_monsterinsights_sitenote_category":0},"categories":[26],"tags":[],"aioseo_notices":[],"gutentor_comment":0,"rttpg_featured_image_url":{"full":["https:\/\/arantv.az\/wp-content\/uploads\/2020\/12\/heyder.jpg",620,382,false],"landscape":["https:\/\/arantv.az\/wp-content\/uploads\/2020\/12\/heyder.jpg",620,382,false],"portraits":["https:\/\/arantv.az\/wp-content\/uploads\/2020\/12\/heyder.jpg",620,382,false],"thumbnail":["https:\/\/arantv.az\/wp-content\/uploads\/2020\/12\/heyder-150x150.jpg",150,150,true],"medium":["https:\/\/arantv.az\/wp-content\/uploads\/2020\/12\/heyder-300x185.jpg",300,185,true],"large":["https:\/\/arantv.az\/wp-content\/uploads\/2020\/12\/heyder.jpg",620,382,false],"1536x1536":["https:\/\/arantv.az\/wp-content\/uploads\/2020\/12\/heyder.jpg",620,382,false],"2048x2048":["https:\/\/arantv.az\/wp-content\/uploads\/2020\/12\/heyder.jpg",620,382,false],"post-thumbnail":["https:\/\/arantv.az\/wp-content\/uploads\/2020\/12\/heyder-240x172.jpg",240,172,true],"advps-thumb-one":["https:\/\/arantv.az\/wp-content\/uploads\/2020\/12\/heyder.jpg",620,382,false]},"rttpg_author":{"display_name":"V\u00fcsal Rafiqo\u011flu","author_link":"https:\/\/arantv.az\/?author=2"},"rttpg_comment":0,"rttpg_category":"<a href=\"https:\/\/arantv.az\/?cat=26\" rel=\"category\">Sosial<\/a>","rttpg_excerpt":"Bu g\u00fcn Heyd\u0259r m\u0259scidind\u0259 V\u0259t\u0259n m\u00fcharib\u0259si \u015f\u0259hidl\u0259ri an\u0131l\u0131b, V\u0259hd\u0259t namaz\u0131 q\u0131l\u0131n\u0131b. ARANTV.AZ-\u0131n m\u0259lumat\u0131na g\u00f6r\u0259, m\u0259rasimd\u0259 Qafqaz M\u00fcs\u0259lmanlar\u0131 \u0130dar\u0259sinin s\u0259dri \u015eeyx\u00fclislam Allah\u015f\u00fck\u00fcr Pa\u015fazad\u0259 i\u015ftirak edib. V\u0259hd\u0259t namaz\u0131 A.Pa\u015fazad\u0259nin r\u0259hb\u0259rliyi il\u0259 q\u0131l\u0131n\u0131b. M\u0259rasimd\u0259 \u015f\u0259hidl\u0259rin ruhuna x\u00fctb\u0259l\u0259r oxunub, xatir\u0259l\u0259ri ehtiramla yad edilib.APA","_links":{"self":[{"href":"https:\/\/arantv.az\/index.php?rest_route=\/wp\/v2\/posts\/247569"}],"collection":[{"href":"https:\/\/arantv.az\/index.php?rest_route=\/wp\/v2\/posts"}],"about":[{"href":"https:\/\/arantv.az\/index.php?rest_route=\/wp\/v2\/types\/post"}],"author":[{"embeddable":true,"href":"https:\/\/arantv.az\/index.php?rest_route=\/wp\/v2\/users\/2"}],"replies":[{"embeddable":true,"href":"https:\/\/arantv.az\/index.php?rest_route=%2Fwp%2Fv2%2Fcomments&post=247569"}],"version-history":[{"count":0,"href":"https:\/\/arantv.az\/index.php?rest_route=\/wp\/v2\/posts\/247569\/revisions"}],"wp:featuredmedia":[{"embeddable":true,"href":"https:\/\/arantv.az\/index.php?rest_route=\/wp\/v2\/media\/247570"}],"wp:attachment":[{"href":"https:\/\/arantv.az\/index.php?rest_route=%2Fwp%2Fv2%2Fmedia&parent=247569"}],"wp:term":[{"taxonomy":"category","embeddable":true,"href":"https:\/\/arantv.az\/index.php?rest_route=%2Fwp%2Fv2%2Fcategories&post=247569"},{"taxonomy":"post_tag","embeddable":true,"href":"https:\/\/arantv.az\/index.php?rest_route=%2Fwp%2Fv2%2Ftags&post=247569"}],"curies":[{"name":"wp","href":"https:\/\/api.w.org\/{rel}","templated":true}]}}