{"id":247573,"date":"2020-12-04T13:08:26","date_gmt":"2020-12-04T10:08:26","guid":{"rendered":"http:\/\/arantv.az\/?p=247573"},"modified":"2020-12-04T13:08:26","modified_gmt":"2020-12-04T10:08:26","slug":"s%c9%99hid-xudayar-yusifzad%c9%99nin-ail%c9%99sin%c9%99-ev-tikil%c9%99c%c9%99k-r%c9%99smi-foto","status":"publish","type":"post","link":"https:\/\/arantv.az\/?p=247573","title":{"rendered":"\u015e\u0259hid Xudayar Yusifzad\u0259nin ail\u0259sin\u0259 ev tikil\u0259c\u0259k &#8211; R\u018fSM\u0130 + FOTO"},"content":{"rendered":"<p>\u018fm\u0259k v\u0259 \u018fhalinin Sosial M\u00fcdafi\u0259si Nazirliyi V\u0259t\u0259n M\u00fcharib\u0259sind\u0259 \u015f\u0259hidlik zirv\u0259sin\u0259 ucalan Xudayar Yusifzad\u0259nin haz\u0131rda kiray\u0259d\u0259 ya\u015fayan ail\u0259si \u00fc\u00e7\u00fcn sosial t\u0259r\u0259fda\u015f\u0131n d\u0259st\u0259yi il\u0259 f\u0259rdi ya\u015fay\u0131\u015f evi tikilm\u0259sini \u00f6hd\u0259sin\u0259 g\u00f6t\u00fcr\u00fcb.<\/p>\n<p>Bununla ba\u011fl\u0131 \u018fm\u0259k v\u0259 \u018fhalinin Sosial M\u00fcdafi\u0259si Nazirliyinin m\u0259tbuat katibi Fazil Tal\u0131bov sosial \u015f\u0259b\u0259k\u0259d\u0259 payla\u015f\u0131m edib.<\/p>\n<p>O\u00a0bildirib ki, nazirliyin \u0259m\u0259kda\u015flar\u0131 ail\u0259 il\u0259 g\u00f6r\u00fc\u015f\u0259r\u0259k, ya\u015fay\u0131\u015f v\u0259ziyy\u0259tl\u0259rini \u00f6yr\u0259nib.<\/p>\n<p>M\u00fc\u0259yy\u0259n olunub ki, \u015f\u0259hidimiz h\u0259l\u0259 azya\u015fl\u0131 olark\u0259n atas\u0131 v\u0259fat edib v\u0259 haz\u0131rda ail\u0259 yeddi n\u0259f\u0259rd\u0259n (\u015f\u0259hidin anas\u0131 Rad\u0259 Qurbanova, pensiya\u00e7\u0131 baba v\u0259 n\u0259n\u0259si, qarda\u015f\u0131 Yusif v\u0259 M\u0259h\u0259mm\u0259d \u00f6z ail\u0259si il\u0259) ibar\u0259tdir. \u00dc\u00e7 il \u0259vv\u0259l ail\u0259nin ya\u015fad\u0131\u011f\u0131 ev yand\u0131\u011f\u0131ndan, B\u0259rd\u0259nin Qaz\u0131qurdal\u0131 k\u0259ndind\u0259 kiray\u0259d\u0259 ya\u015fay\u0131rlar.<\/p>\n<p>\u201cAil\u0259nin yanm\u0131\u015f evinin oldu\u011fu torpaq sah\u0259sind\u0259 Nazirlik sosial t\u0259r\u0259fda\u015f\u0131n d\u0259st\u0259yil\u0259 \u015f\u0259hidimizin ail\u0259si \u00fc\u00e7\u00fcn f\u0259rdi ev tikilm\u0259sini \u00f6hd\u0259sin\u0259 g\u00f6t\u00fcr\u00fcb.<\/p>\n<p>Xudayar\u0131n bac\u0131s\u0131 ail\u0259lidir v\u0259 ail\u0259nin azt\u0259minatl\u0131 olmas\u0131 n\u0259z\u0259r\u0259 al\u0131naraq, \u00fcnvanl\u0131 sosial yard\u0131m almalar\u0131 \u00fc\u00e7\u00fcn m\u00fcraci\u0259t etm\u0259l\u0259rin\u0259 d\u0259st\u0259k g\u00f6st\u0259ril\u0259c\u0259k.<\/p>\n<p>\u015e\u0259hidin qarda\u015flar\u0131ndan biri i\u015fl\u0259yir. Dig\u0259r qarda\u015f\u0131 Yusif is\u0259 art\u0131q \u00f6z\u00fcn\u00fcm\u0259\u015f\u011fulluq proqram\u0131na c\u0259lb edilib. El\u0259 bu g\u00fcn proqram \u00e7\u0259r\u00e7iv\u0259sind\u0259 heyvandarl\u0131q t\u0259s\u0259rr\u00fcfat\u0131n\u0131n yarad\u0131lmas\u0131 \u00fc\u00e7\u00fcn ona mal v\u0259 materiallar veril\u0259c\u0259k.<\/p>\n<p>Allah b\u00fct\u00fcn \u015f\u0259hidl\u0259rimiz\u0259 r\u0259hm\u0259t el\u0259sin! Onlar\u0131n ruhu qar\u015f\u0131s\u0131nda ba\u015f \u0259yirik!\u201d<\/p>\n<div class=\"gallery\">\n<div class=\"gallery-i\"><img src=\"https:\/\/cdn.oxu.az\/uploads\/W1siZiIsIjIwMjAvMTIvMDQvMTIvNDIvNTgvODI2M2JhN2UtNDFmNS00MDA4LTgxZjktNWZiMzUwMWJjNzFhL3gzLmpwZyJdLFsicCIsImVuY29kZSIsImpwZyIsIi1xdWFsaXR5IDgwIl0sWyJwIiwidGh1bWIiLCI1OTB4NTkwXHUwMDNlIl1d?sha=d166a7a42e6928d9\" alt=\"\" \/><\/p>\n<div class=\"gallery-i-caption\"><\/div>\n<\/div>\n<div class=\"gallery-i\"><img src=\"https:\/\/cdn.oxu.az\/uploads\/W1siZiIsIjIwMjAvMTIvMDQvMTIvNDIvNTgvNTk3YWMwMzgtZDE5OS00MzA4LTlkODEtNmY3NjU1MDI0M2VkL3gyLmpwZyJdLFsicCIsImVuY29kZSIsImpwZyIsIi1xdWFsaXR5IDgwIl0sWyJwIiwidGh1bWIiLCI1OTB4NTkwXHUwMDNlIl1d?sha=6a0c32973437fabc\" alt=\"\" \/><\/p>\n<div class=\"gallery-i-caption\"><\/div>\n<\/div>\n<div class=\"gallery-i\"><img src=\"https:\/\/cdn.oxu.az\/uploads\/W1siZiIsIjIwMjAvMTIvMDQvMTIvNDIvNTgvY2U4NGFjYmMtNDQ0OS00ZjdiLWJjNjYtZDI5YzQ3NGU2ZWIyL3gxLmpwZyJdLFsicCIsImVuY29kZSIsImpwZyIsIi1xdWFsaXR5IDgwIl0sWyJwIiwidGh1bWIiLCI1OTB4NTkwXHUwMDNlIl1d?sha=2c936688c212071a\" alt=\"\" \/><\/div>\n<\/div>\n","protected":false},"excerpt":{"rendered":"<p>\u018fm\u0259k v\u0259 \u018fhalinin Sosial M\u00fcdafi\u0259si Nazirliyi V\u0259t\u0259n M\u00fcharib\u0259sind\u0259 \u015f\u0259hidlik zirv\u0259sin\u0259 ucalan Xudayar Yusifzad\u0259nin haz\u0131rda kiray\u0259d\u0259 ya\u015fayan ail\u0259si \u00fc\u00e7\u00fcn sosial t\u0259r\u0259fda\u015f\u0131n d\u0259st\u0259yi il\u0259 f\u0259rdi ya\u015fay\u0131\u015f evi tikilm\u0259sini \u00f6hd\u0259sin\u0259 g\u00f6t\u00fcr\u00fcb. Bununla ba\u011fl\u0131 \u018fm\u0259k v\u0259 \u018fhalinin Sosial M\u00fcdafi\u0259si Nazirliyinin m\u0259tbuat katibi Fazil Tal\u0131bov sosial \u015f\u0259b\u0259k\u0259d\u0259 payla\u015f\u0131m edib. O\u00a0bildirib ki, nazirliyin \u0259m\u0259kda\u015flar\u0131 ail\u0259 il\u0259 g\u00f6r\u00fc\u015f\u0259r\u0259k, ya\u015fay\u0131\u015f v\u0259ziyy\u0259tl\u0259rini \u00f6yr\u0259nib. M\u00fc\u0259yy\u0259n olunub ki, \u015f\u0259hidimiz h\u0259l\u0259 azya\u015fl\u0131 olark\u0259n atas\u0131 v\u0259fat edib v\u0259 haz\u0131rda ail\u0259 yeddi n\u0259f\u0259rd\u0259n (\u015f\u0259hidin anas\u0131 Rad\u0259 Qurbanova, pensiya\u00e7\u0131 baba v\u0259 n\u0259n\u0259si, qarda\u015f\u0131 Yusif v\u0259 M\u0259h\u0259mm\u0259d \u00f6z ail\u0259si il\u0259) ibar\u0259tdir. \u00dc\u00e7 il \u0259vv\u0259l ail\u0259nin ya\u015fad\u0131\u011f\u0131&hellip;<\/p>\n","protected":false},"author":2,"featured_media":247574,"comment_status":"closed","ping_status":"closed","sticky":false,"template":"","format":"standard","meta":{"om_disable_all_campaigns":false,"_monsterinsights_skip_tracking":false,"_monsterinsights_sitenote_active":false,"_monsterinsights_sitenote_note":"","_monsterinsights_sitenote_category":0},"categories":[19],"tags":[],"aioseo_notices":[],"gutentor_comment":0,"rttpg_featured_image_url":{"full":["https:\/\/arantv.az\/wp-content\/uploads\/2020\/12\/x1.jpg",620,388,false],"landscape":["https:\/\/arantv.az\/wp-content\/uploads\/2020\/12\/x1.jpg",620,388,false],"portraits":["https:\/\/arantv.az\/wp-content\/uploads\/2020\/12\/x1.jpg",620,388,false],"thumbnail":["https:\/\/arantv.az\/wp-content\/uploads\/2020\/12\/x1-150x150.jpg",150,150,true],"medium":["https:\/\/arantv.az\/wp-content\/uploads\/2020\/12\/x1-300x188.jpg",300,188,true],"large":["https:\/\/arantv.az\/wp-content\/uploads\/2020\/12\/x1.jpg",620,388,false],"1536x1536":["https:\/\/arantv.az\/wp-content\/uploads\/2020\/12\/x1.jpg",620,388,false],"2048x2048":["https:\/\/arantv.az\/wp-content\/uploads\/2020\/12\/x1.jpg",620,388,false],"post-thumbnail":["https:\/\/arantv.az\/wp-content\/uploads\/2020\/12\/x1-240x172.jpg",240,172,true],"advps-thumb-one":["https:\/\/arantv.az\/wp-content\/uploads\/2020\/12\/x1.jpg",620,388,false]},"rttpg_author":{"display_name":"V\u00fcsal Rafiqo\u011flu","author_link":"https:\/\/arantv.az\/?author=2"},"rttpg_comment":0,"rttpg_category":"<a href=\"https:\/\/arantv.az\/?cat=19\" rel=\"category\">G\u00fcnd\u0259m<\/a>","rttpg_excerpt":"\u018fm\u0259k v\u0259 \u018fhalinin Sosial M\u00fcdafi\u0259si Nazirliyi V\u0259t\u0259n M\u00fcharib\u0259sind\u0259 \u015f\u0259hidlik zirv\u0259sin\u0259 ucalan Xudayar Yusifzad\u0259nin haz\u0131rda kiray\u0259d\u0259 ya\u015fayan ail\u0259si \u00fc\u00e7\u00fcn sosial t\u0259r\u0259fda\u015f\u0131n d\u0259st\u0259yi il\u0259 f\u0259rdi ya\u015fay\u0131\u015f evi tikilm\u0259sini \u00f6hd\u0259sin\u0259 g\u00f6t\u00fcr\u00fcb. Bununla ba\u011fl\u0131 \u018fm\u0259k v\u0259 \u018fhalinin Sosial M\u00fcdafi\u0259si Nazirliyinin m\u0259tbuat katibi Fazil Tal\u0131bov sosial \u015f\u0259b\u0259k\u0259d\u0259 payla\u015f\u0131m edib. O\u00a0bildirib ki, nazirliyin \u0259m\u0259kda\u015flar\u0131 ail\u0259 il\u0259 g\u00f6r\u00fc\u015f\u0259r\u0259k, ya\u015fay\u0131\u015f v\u0259ziyy\u0259tl\u0259rini \u00f6yr\u0259nib. M\u00fc\u0259yy\u0259n&hellip;","_links":{"self":[{"href":"https:\/\/arantv.az\/index.php?rest_route=\/wp\/v2\/posts\/247573"}],"collection":[{"href":"https:\/\/arantv.az\/index.php?rest_route=\/wp\/v2\/posts"}],"about":[{"href":"https:\/\/arantv.az\/index.php?rest_route=\/wp\/v2\/types\/post"}],"author":[{"embeddable":true,"href":"https:\/\/arantv.az\/index.php?rest_route=\/wp\/v2\/users\/2"}],"replies":[{"embeddable":true,"href":"https:\/\/arantv.az\/index.php?rest_route=%2Fwp%2Fv2%2Fcomments&post=247573"}],"version-history":[{"count":0,"href":"https:\/\/arantv.az\/index.php?rest_route=\/wp\/v2\/posts\/247573\/revisions"}],"wp:featuredmedia":[{"embeddable":true,"href":"https:\/\/arantv.az\/index.php?rest_route=\/wp\/v2\/media\/247574"}],"wp:attachment":[{"href":"https:\/\/arantv.az\/index.php?rest_route=%2Fwp%2Fv2%2Fmedia&parent=247573"}],"wp:term":[{"taxonomy":"category","embeddable":true,"href":"https:\/\/arantv.az\/index.php?rest_route=%2Fwp%2Fv2%2Fcategories&post=247573"},{"taxonomy":"post_tag","embeddable":true,"href":"https:\/\/arantv.az\/index.php?rest_route=%2Fwp%2Fv2%2Ftags&post=247573"}],"curies":[{"name":"wp","href":"https:\/\/api.w.org\/{rel}","templated":true}]}}