{"id":247581,"date":"2020-12-04T13:09:59","date_gmt":"2020-12-04T10:09:59","guid":{"rendered":"http:\/\/arantv.az\/?p=247581"},"modified":"2020-12-04T13:09:59","modified_gmt":"2020-12-04T10:09:59","slug":"turkiy%c9%99-s%c9%99firliyi-s%c9%99hidl%c9%99rimizin-xatir%c9%99sini-yad-etdi-foto","status":"publish","type":"post","link":"https:\/\/arantv.az\/?p=247581","title":{"rendered":"T\u00fcrkiy\u0259 s\u0259firliyi \u015f\u0259hidl\u0259rimizin xatir\u0259sini yad etdi &#8211; FOTO"},"content":{"rendered":"<p>T\u00fcrkiy\u0259nin \u00f6lk\u0259mizd\u0259ki s\u0259firliyind\u0259 Az\u0259rbaycan\u0131n\u00a0\u0259razi b\u00fct\u00f6vl\u00fcy\u00fc\u00a0u\u011frunda can\u0131n\u0131 f\u0259da etmi\u015f V\u0259t\u0259n M\u00fcharib\u0259si \u015f\u0259hidl\u0259rinin \u0259ziz xatir\u0259si bir d\u0259qiq\u0259lik s\u00fckutla an\u0131blar.<\/p>\n<article class=\"news\">\n<div class=\"news-inner\">\n<p>T\u00fcrkiy\u0259nin \u00f6lk\u0259mizd\u0259ki f\u00f6vq\u0259lad\u0259 v\u0259\u00a0s\u0259lahiyy\u0259tli s\u0259firi \u018frkan \u00d6zoral ba\u015fda olmaqla s\u0259firliyin b\u00fct\u00fcn \u0259m\u0259kda\u015flar\u0131 tam hey\u0259tl\u0259 \u015f\u0259hidl\u0259rimizi bir d\u0259qiq\u0259lik s\u00fckutla yad edibl\u0259r.<\/p>\n<div>\n<div class=\"twitter-tweet twitter-tweet-rendered\"><iframe id=\"twitter-widget-0\" class=\"\" title=\"Twitter Tweet\" src=\"https:\/\/platform.twitter.com\/embed\/index.html?creatorScreenName=oxuaz&amp;dnt=false&amp;embedId=twitter-widget-0&amp;frame=false&amp;hideCard=false&amp;hideThread=false&amp;id=1334774379113230337&amp;lang=en&amp;origin=https%3A%2F%2Foxu.az%2Fpolitics%2F446151&amp;siteScreenName=oxuaz&amp;theme=light&amp;widgetsVersion=ed20a2b%3A1601588405575&amp;width=550px\" frameborder=\"0\" scrolling=\"no\" allowfullscreen=\"allowfullscreen\" data-tweet-id=\"1334774379113230337\" data-mce-fragment=\"1\"><\/iframe><\/div>\n<\/div>\n<\/div>\n<\/article>\n<h2 class=\"news-share-title\"><\/h2>\n","protected":false},"excerpt":{"rendered":"<p>T\u00fcrkiy\u0259nin \u00f6lk\u0259mizd\u0259ki s\u0259firliyind\u0259 Az\u0259rbaycan\u0131n\u00a0\u0259razi b\u00fct\u00f6vl\u00fcy\u00fc\u00a0u\u011frunda can\u0131n\u0131 f\u0259da etmi\u015f V\u0259t\u0259n M\u00fcharib\u0259si \u015f\u0259hidl\u0259rinin \u0259ziz xatir\u0259si bir d\u0259qiq\u0259lik s\u00fckutla an\u0131blar. T\u00fcrkiy\u0259nin \u00f6lk\u0259mizd\u0259ki f\u00f6vq\u0259lad\u0259 v\u0259\u00a0s\u0259lahiyy\u0259tli s\u0259firi \u018frkan \u00d6zoral ba\u015fda olmaqla s\u0259firliyin b\u00fct\u00fcn \u0259m\u0259kda\u015flar\u0131 tam hey\u0259tl\u0259 \u015f\u0259hidl\u0259rimizi bir d\u0259qiq\u0259lik s\u00fckutla yad edibl\u0259r.<\/p>\n","protected":false},"author":2,"featured_media":247582,"comment_status":"closed","ping_status":"closed","sticky":false,"template":"","format":"standard","meta":{"om_disable_all_campaigns":false,"_monsterinsights_skip_tracking":false,"_monsterinsights_sitenote_active":false,"_monsterinsights_sitenote_note":"","_monsterinsights_sitenote_category":0},"categories":[4],"tags":[],"aioseo_notices":[],"gutentor_comment":0,"rttpg_featured_image_url":{"full":["https:\/\/arantv.az\/wp-content\/uploads\/2020\/12\/T\u00c3\u00bcrkiye1.jpg",620,465,false],"landscape":["https:\/\/arantv.az\/wp-content\/uploads\/2020\/12\/T\u00c3\u00bcrkiye1.jpg",620,465,false],"portraits":["https:\/\/arantv.az\/wp-content\/uploads\/2020\/12\/T\u00c3\u00bcrkiye1.jpg",620,465,false],"thumbnail":["https:\/\/arantv.az\/wp-content\/uploads\/2020\/12\/T\u00c3\u00bcrkiye1-150x150.jpg",150,150,true],"medium":["https:\/\/arantv.az\/wp-content\/uploads\/2020\/12\/T\u00c3\u00bcrkiye1-300x225.jpg",300,225,true],"large":["https:\/\/arantv.az\/wp-content\/uploads\/2020\/12\/T\u00c3\u00bcrkiye1.jpg",620,465,false],"1536x1536":["https:\/\/arantv.az\/wp-content\/uploads\/2020\/12\/T\u00c3\u00bcrkiye1.jpg",620,465,false],"2048x2048":["https:\/\/arantv.az\/wp-content\/uploads\/2020\/12\/T\u00c3\u00bcrkiye1.jpg",620,465,false],"post-thumbnail":["https:\/\/arantv.az\/wp-content\/uploads\/2020\/12\/T\u00c3\u00bcrkiye1-240x172.jpg",240,172,true],"advps-thumb-one":["https:\/\/arantv.az\/wp-content\/uploads\/2020\/12\/T\u00c3\u00bcrkiye1.jpg",620,465,false]},"rttpg_author":{"display_name":"V\u00fcsal Rafiqo\u011flu","author_link":"https:\/\/arantv.az\/?author=2"},"rttpg_comment":0,"rttpg_category":"<a href=\"https:\/\/arantv.az\/?cat=4\" rel=\"category\">Siyas\u0259t<\/a>","rttpg_excerpt":"T\u00fcrkiy\u0259nin \u00f6lk\u0259mizd\u0259ki s\u0259firliyind\u0259 Az\u0259rbaycan\u0131n\u00a0\u0259razi b\u00fct\u00f6vl\u00fcy\u00fc\u00a0u\u011frunda can\u0131n\u0131 f\u0259da etmi\u015f V\u0259t\u0259n M\u00fcharib\u0259si \u015f\u0259hidl\u0259rinin \u0259ziz xatir\u0259si bir d\u0259qiq\u0259lik s\u00fckutla an\u0131blar. T\u00fcrkiy\u0259nin \u00f6lk\u0259mizd\u0259ki f\u00f6vq\u0259lad\u0259 v\u0259\u00a0s\u0259lahiyy\u0259tli s\u0259firi \u018frkan \u00d6zoral ba\u015fda olmaqla s\u0259firliyin b\u00fct\u00fcn \u0259m\u0259kda\u015flar\u0131 tam hey\u0259tl\u0259 \u015f\u0259hidl\u0259rimizi bir d\u0259qiq\u0259lik s\u00fckutla yad edibl\u0259r.","_links":{"self":[{"href":"https:\/\/arantv.az\/index.php?rest_route=\/wp\/v2\/posts\/247581"}],"collection":[{"href":"https:\/\/arantv.az\/index.php?rest_route=\/wp\/v2\/posts"}],"about":[{"href":"https:\/\/arantv.az\/index.php?rest_route=\/wp\/v2\/types\/post"}],"author":[{"embeddable":true,"href":"https:\/\/arantv.az\/index.php?rest_route=\/wp\/v2\/users\/2"}],"replies":[{"embeddable":true,"href":"https:\/\/arantv.az\/index.php?rest_route=%2Fwp%2Fv2%2Fcomments&post=247581"}],"version-history":[{"count":0,"href":"https:\/\/arantv.az\/index.php?rest_route=\/wp\/v2\/posts\/247581\/revisions"}],"wp:featuredmedia":[{"embeddable":true,"href":"https:\/\/arantv.az\/index.php?rest_route=\/wp\/v2\/media\/247582"}],"wp:attachment":[{"href":"https:\/\/arantv.az\/index.php?rest_route=%2Fwp%2Fv2%2Fmedia&parent=247581"}],"wp:term":[{"taxonomy":"category","embeddable":true,"href":"https:\/\/arantv.az\/index.php?rest_route=%2Fwp%2Fv2%2Fcategories&post=247581"},{"taxonomy":"post_tag","embeddable":true,"href":"https:\/\/arantv.az\/index.php?rest_route=%2Fwp%2Fv2%2Ftags&post=247581"}],"curies":[{"name":"wp","href":"https:\/\/api.w.org\/{rel}","templated":true}]}}