{"id":247589,"date":"2020-12-04T13:11:34","date_gmt":"2020-12-04T10:11:34","guid":{"rendered":"http:\/\/arantv.az\/?p=247589"},"modified":"2020-12-04T13:11:34","modified_gmt":"2020-12-04T10:11:34","slug":"qazimizin-qarsilandigi-anin-goruntusu-h%c9%99ft%c9%99nin-fotosu-secildi-foto","status":"publish","type":"post","link":"https:\/\/arantv.az\/?p=247589","title":{"rendered":"Qazimizin qar\u015f\u0131land\u0131\u011f\u0131 an\u0131n g\u00f6r\u00fcnt\u00fcs\u00fc h\u0259ft\u0259nin fotosu se\u00e7ildi &#8211; FOTO"},"content":{"rendered":"<p>Az\u0259rbaycan ordusunun torpaqlar\u0131n\u0131 azad etm\u0259k u\u011frunda\u00a0apard\u0131\u011f\u0131 44 g\u00fcnl\u00fck m\u00fcharib\u0259d\u0259 yaralanaraq bir aya\u011f\u0131n\u0131 itir\u0259n 23 ya\u015fl\u0131 qazimiz Abbas Abbasl\u0131n\u0131n m\u00fcalic\u0259 ald\u0131\u011f\u0131 x\u0259st\u0259xanadan \u00e7\u0131xd\u0131qdan sonra evin\u0259 qay\u0131td\u0131\u011f\u0131 an\u0131n \u015f\u0259klini \u201cAnadolu\u201d agentliyi h\u0259ft\u0259nin fotosu se\u00e7ib.<\/p>\n<p>Fotoda yax\u0131nlar\u0131n\u0131n Abbas\u0131 Az\u0259rbaycan v\u0259 T\u00fcrkiy\u0259 bayraqlar\u0131 il\u0259\u00a0qar\u015f\u0131lamalar\u0131 \u0259ks olunub.<\/p>\n<p>Qeyd ed\u0259k ki, fotonun m\u00fc\u0259llifi R\u0259sul R\u0259himovdur.<\/p>\n<div class=\"gallery\">\n<div class=\"gallery-i\"><img src=\"https:\/\/cdn.oxu.az\/uploads\/W1siZiIsIjIwMjAvMTIvMDQvMTIvMTcvMjIvNTdiZTczMDItYmNmNC00Yjk5LTlhZTktNWE0OTQxOGQxNWNiL3RodW1ic19iMl9jNDhhY2Q0NWY3NGI1NzRjNjQzNWIzMTZjMzk1NDk3YS5qcGciXSxbInAiLCJlbmNvZGUiLCJqcGciLCItcXVhbGl0eSA4MCJdLFsicCIsInRodW1iIiwiNTkweDU5MFx1MDAzZSJdXQ?sha=528de400c1fa06e4\" alt=\"\" \/><\/div>\n<\/div>\n","protected":false},"excerpt":{"rendered":"<p>Az\u0259rbaycan ordusunun torpaqlar\u0131n\u0131 azad etm\u0259k u\u011frunda\u00a0apard\u0131\u011f\u0131 44 g\u00fcnl\u00fck m\u00fcharib\u0259d\u0259 yaralanaraq bir aya\u011f\u0131n\u0131 itir\u0259n 23 ya\u015fl\u0131 qazimiz Abbas Abbasl\u0131n\u0131n m\u00fcalic\u0259 ald\u0131\u011f\u0131 x\u0259st\u0259xanadan \u00e7\u0131xd\u0131qdan sonra evin\u0259 qay\u0131td\u0131\u011f\u0131 an\u0131n \u015f\u0259klini \u201cAnadolu\u201d agentliyi h\u0259ft\u0259nin fotosu se\u00e7ib. Fotoda yax\u0131nlar\u0131n\u0131n Abbas\u0131 Az\u0259rbaycan v\u0259 T\u00fcrkiy\u0259 bayraqlar\u0131 il\u0259\u00a0qar\u015f\u0131lamalar\u0131 \u0259ks olunub. Qeyd ed\u0259k ki, fotonun m\u00fc\u0259llifi R\u0259sul R\u0259himovdur.<\/p>\n","protected":false},"author":2,"featured_media":247590,"comment_status":"closed","ping_status":"closed","sticky":false,"template":"","format":"standard","meta":{"om_disable_all_campaigns":false,"_monsterinsights_skip_tracking":false,"_monsterinsights_sitenote_active":false,"_monsterinsights_sitenote_note":"","_monsterinsights_sitenote_category":0},"categories":[26],"tags":[],"aioseo_notices":[],"gutentor_comment":0,"rttpg_featured_image_url":{"full":["https:\/\/arantv.az\/wp-content\/uploads\/2020\/12\/Abbas.jpg",620,395,false],"landscape":["https:\/\/arantv.az\/wp-content\/uploads\/2020\/12\/Abbas.jpg",620,395,false],"portraits":["https:\/\/arantv.az\/wp-content\/uploads\/2020\/12\/Abbas.jpg",620,395,false],"thumbnail":["https:\/\/arantv.az\/wp-content\/uploads\/2020\/12\/Abbas-150x150.jpg",150,150,true],"medium":["https:\/\/arantv.az\/wp-content\/uploads\/2020\/12\/Abbas-300x191.jpg",300,191,true],"large":["https:\/\/arantv.az\/wp-content\/uploads\/2020\/12\/Abbas.jpg",620,395,false],"1536x1536":["https:\/\/arantv.az\/wp-content\/uploads\/2020\/12\/Abbas.jpg",620,395,false],"2048x2048":["https:\/\/arantv.az\/wp-content\/uploads\/2020\/12\/Abbas.jpg",620,395,false],"post-thumbnail":["https:\/\/arantv.az\/wp-content\/uploads\/2020\/12\/Abbas-240x172.jpg",240,172,true],"advps-thumb-one":["https:\/\/arantv.az\/wp-content\/uploads\/2020\/12\/Abbas.jpg",620,395,false]},"rttpg_author":{"display_name":"V\u00fcsal Rafiqo\u011flu","author_link":"https:\/\/arantv.az\/?author=2"},"rttpg_comment":0,"rttpg_category":"<a href=\"https:\/\/arantv.az\/?cat=26\" rel=\"category\">Sosial<\/a>","rttpg_excerpt":"Az\u0259rbaycan ordusunun torpaqlar\u0131n\u0131 azad etm\u0259k u\u011frunda\u00a0apard\u0131\u011f\u0131 44 g\u00fcnl\u00fck m\u00fcharib\u0259d\u0259 yaralanaraq bir aya\u011f\u0131n\u0131 itir\u0259n 23 ya\u015fl\u0131 qazimiz Abbas Abbasl\u0131n\u0131n m\u00fcalic\u0259 ald\u0131\u011f\u0131 x\u0259st\u0259xanadan \u00e7\u0131xd\u0131qdan sonra evin\u0259 qay\u0131td\u0131\u011f\u0131 an\u0131n \u015f\u0259klini \u201cAnadolu\u201d agentliyi h\u0259ft\u0259nin fotosu se\u00e7ib. Fotoda yax\u0131nlar\u0131n\u0131n Abbas\u0131 Az\u0259rbaycan v\u0259 T\u00fcrkiy\u0259 bayraqlar\u0131 il\u0259\u00a0qar\u015f\u0131lamalar\u0131 \u0259ks olunub. Qeyd ed\u0259k ki, fotonun m\u00fc\u0259llifi R\u0259sul R\u0259himovdur.","_links":{"self":[{"href":"https:\/\/arantv.az\/index.php?rest_route=\/wp\/v2\/posts\/247589"}],"collection":[{"href":"https:\/\/arantv.az\/index.php?rest_route=\/wp\/v2\/posts"}],"about":[{"href":"https:\/\/arantv.az\/index.php?rest_route=\/wp\/v2\/types\/post"}],"author":[{"embeddable":true,"href":"https:\/\/arantv.az\/index.php?rest_route=\/wp\/v2\/users\/2"}],"replies":[{"embeddable":true,"href":"https:\/\/arantv.az\/index.php?rest_route=%2Fwp%2Fv2%2Fcomments&post=247589"}],"version-history":[{"count":0,"href":"https:\/\/arantv.az\/index.php?rest_route=\/wp\/v2\/posts\/247589\/revisions"}],"wp:featuredmedia":[{"embeddable":true,"href":"https:\/\/arantv.az\/index.php?rest_route=\/wp\/v2\/media\/247590"}],"wp:attachment":[{"href":"https:\/\/arantv.az\/index.php?rest_route=%2Fwp%2Fv2%2Fmedia&parent=247589"}],"wp:term":[{"taxonomy":"category","embeddable":true,"href":"https:\/\/arantv.az\/index.php?rest_route=%2Fwp%2Fv2%2Fcategories&post=247589"},{"taxonomy":"post_tag","embeddable":true,"href":"https:\/\/arantv.az\/index.php?rest_route=%2Fwp%2Fv2%2Ftags&post=247589"}],"curies":[{"name":"wp","href":"https:\/\/api.w.org\/{rel}","templated":true}]}}