{"id":247597,"date":"2020-12-04T13:12:57","date_gmt":"2020-12-04T10:12:57","guid":{"rendered":"http:\/\/arantv.az\/?p=247597"},"modified":"2020-12-04T13:12:57","modified_gmt":"2020-12-04T10:12:57","slug":"bu-gun-turkiy%c9%99d%c9%99-90-min-m%c9%99scidd%c9%99-s%c9%99hidl%c9%99rimiz-yad-edilir","status":"publish","type":"post","link":"https:\/\/arantv.az\/?p=247597","title":{"rendered":"Bu g\u00fcn T\u00fcrkiy\u0259d\u0259 90 min m\u0259scidd\u0259 \u015f\u0259hidl\u0259rimiz yad edilir"},"content":{"rendered":"<p>\u201cBu g\u00fcn T\u00fcrkiy\u0259d\u0259 90 min m\u0259scidd\u0259 \u015f\u0259hidl\u0259rimiz yad edilir, onlar\u0131n ruhlar\u0131na dualar oxunur\u201d.<\/p>\n<p>Report\u00a0x\u0259b\u0259r verir ki, bunu Qafqaz M\u00fcs\u0259lmanlar\u0131 \u0130dar\u0259sinin s\u0259dri \u015feyx\u00fclislam Allah\u015f\u00fck\u00fcr Pa\u015fazad\u0259 bu gu\u0308n Heyd\u0259r m\u0259scidind\u0259 V\u0259t\u0259n Mu\u0308harib\u0259si s\u0327\u0259hidl\u0259rinin an\u0131m m\u0259rasimind\u0259 \u00e7\u0131x\u0131\u015f\u0131 zaman\u0131 deyib.<\/p>\n<p>\u201cBunun \u00fc\u00e7\u00fcn T\u00fcrkiy\u0259 r\u0259rhb\u0259rliyin\u0259 v\u0259 T\u00fcrkiy\u0259 D\u0259yan\u0259t \u0130\u015fl\u0259ri ba\u015fqan\u0131 Ali Erba\u015fa minn\u0259tdarl\u0131\u011f\u0131m\u0131 bildirir\u0259m.<\/p>\n<p>Bizim iranl\u0131 qarda\u015flar\u0131m\u0131z da \u015f\u0259hidl\u0259rimiz \u00fc\u00e7\u00fcn dualar oxuyurlar. Onlara da t\u0259\u015f\u0259kk\u00fcr\u00fcm\u00fc bildirir\u0259m\u201d, &#8211; Allah\u015f\u00fck\u00fcr Pa\u015fazad\u0259 \u0259lav\u0259 edib.<\/p>\n","protected":false},"excerpt":{"rendered":"<p>\u201cBu g\u00fcn T\u00fcrkiy\u0259d\u0259 90 min m\u0259scidd\u0259 \u015f\u0259hidl\u0259rimiz yad edilir, onlar\u0131n ruhlar\u0131na dualar oxunur\u201d. Report\u00a0x\u0259b\u0259r verir ki, bunu Qafqaz M\u00fcs\u0259lmanlar\u0131 \u0130dar\u0259sinin s\u0259dri \u015feyx\u00fclislam Allah\u015f\u00fck\u00fcr Pa\u015fazad\u0259 bu gu\u0308n Heyd\u0259r m\u0259scidind\u0259 V\u0259t\u0259n Mu\u0308harib\u0259si s\u0327\u0259hidl\u0259rinin an\u0131m m\u0259rasimind\u0259 \u00e7\u0131x\u0131\u015f\u0131 zaman\u0131 deyib. \u201cBunun \u00fc\u00e7\u00fcn T\u00fcrkiy\u0259 r\u0259rhb\u0259rliyin\u0259 v\u0259 T\u00fcrkiy\u0259 D\u0259yan\u0259t \u0130\u015fl\u0259ri ba\u015fqan\u0131 Ali Erba\u015fa minn\u0259tdarl\u0131\u011f\u0131m\u0131 bildirir\u0259m. Bizim iranl\u0131 qarda\u015flar\u0131m\u0131z da \u015f\u0259hidl\u0259rimiz \u00fc\u00e7\u00fcn dualar oxuyurlar. Onlara da t\u0259\u015f\u0259kk\u00fcr\u00fcm\u00fc bildirir\u0259m\u201d, &#8211; Allah\u015f\u00fck\u00fcr Pa\u015fazad\u0259 \u0259lav\u0259 edib.<\/p>\n","protected":false},"author":2,"featured_media":247598,"comment_status":"closed","ping_status":"closed","sticky":false,"template":"","format":"standard","meta":{"om_disable_all_campaigns":false,"_monsterinsights_skip_tracking":false,"_monsterinsights_sitenote_active":false,"_monsterinsights_sitenote_note":"","_monsterinsights_sitenote_category":0},"categories":[26],"tags":[],"aioseo_notices":[],"gutentor_comment":0,"rttpg_featured_image_url":{"full":["https:\/\/arantv.az\/wp-content\/uploads\/2020\/12\/seyx.jpg",620,387,false],"landscape":["https:\/\/arantv.az\/wp-content\/uploads\/2020\/12\/seyx.jpg",620,387,false],"portraits":["https:\/\/arantv.az\/wp-content\/uploads\/2020\/12\/seyx.jpg",620,387,false],"thumbnail":["https:\/\/arantv.az\/wp-content\/uploads\/2020\/12\/seyx-150x150.jpg",150,150,true],"medium":["https:\/\/arantv.az\/wp-content\/uploads\/2020\/12\/seyx-300x187.jpg",300,187,true],"large":["https:\/\/arantv.az\/wp-content\/uploads\/2020\/12\/seyx.jpg",620,387,false],"1536x1536":["https:\/\/arantv.az\/wp-content\/uploads\/2020\/12\/seyx.jpg",620,387,false],"2048x2048":["https:\/\/arantv.az\/wp-content\/uploads\/2020\/12\/seyx.jpg",620,387,false],"post-thumbnail":["https:\/\/arantv.az\/wp-content\/uploads\/2020\/12\/seyx-240x172.jpg",240,172,true],"advps-thumb-one":["https:\/\/arantv.az\/wp-content\/uploads\/2020\/12\/seyx.jpg",620,387,false]},"rttpg_author":{"display_name":"V\u00fcsal Rafiqo\u011flu","author_link":"https:\/\/arantv.az\/?author=2"},"rttpg_comment":0,"rttpg_category":"<a href=\"https:\/\/arantv.az\/?cat=26\" rel=\"category\">Sosial<\/a>","rttpg_excerpt":"\u201cBu g\u00fcn T\u00fcrkiy\u0259d\u0259 90 min m\u0259scidd\u0259 \u015f\u0259hidl\u0259rimiz yad edilir, onlar\u0131n ruhlar\u0131na dualar oxunur\u201d. Report\u00a0x\u0259b\u0259r verir ki, bunu Qafqaz M\u00fcs\u0259lmanlar\u0131 \u0130dar\u0259sinin s\u0259dri \u015feyx\u00fclislam Allah\u015f\u00fck\u00fcr Pa\u015fazad\u0259 bu gu\u0308n Heyd\u0259r m\u0259scidind\u0259 V\u0259t\u0259n Mu\u0308harib\u0259si s\u0327\u0259hidl\u0259rinin an\u0131m m\u0259rasimind\u0259 \u00e7\u0131x\u0131\u015f\u0131 zaman\u0131 deyib. \u201cBunun \u00fc\u00e7\u00fcn T\u00fcrkiy\u0259 r\u0259rhb\u0259rliyin\u0259 v\u0259 T\u00fcrkiy\u0259 D\u0259yan\u0259t \u0130\u015fl\u0259ri ba\u015fqan\u0131 Ali Erba\u015fa minn\u0259tdarl\u0131\u011f\u0131m\u0131 bildirir\u0259m. Bizim iranl\u0131 qarda\u015flar\u0131m\u0131z da \u015f\u0259hidl\u0259rimiz \u00fc\u00e7\u00fcn&hellip;","_links":{"self":[{"href":"https:\/\/arantv.az\/index.php?rest_route=\/wp\/v2\/posts\/247597"}],"collection":[{"href":"https:\/\/arantv.az\/index.php?rest_route=\/wp\/v2\/posts"}],"about":[{"href":"https:\/\/arantv.az\/index.php?rest_route=\/wp\/v2\/types\/post"}],"author":[{"embeddable":true,"href":"https:\/\/arantv.az\/index.php?rest_route=\/wp\/v2\/users\/2"}],"replies":[{"embeddable":true,"href":"https:\/\/arantv.az\/index.php?rest_route=%2Fwp%2Fv2%2Fcomments&post=247597"}],"version-history":[{"count":0,"href":"https:\/\/arantv.az\/index.php?rest_route=\/wp\/v2\/posts\/247597\/revisions"}],"wp:featuredmedia":[{"embeddable":true,"href":"https:\/\/arantv.az\/index.php?rest_route=\/wp\/v2\/media\/247598"}],"wp:attachment":[{"href":"https:\/\/arantv.az\/index.php?rest_route=%2Fwp%2Fv2%2Fmedia&parent=247597"}],"wp:term":[{"taxonomy":"category","embeddable":true,"href":"https:\/\/arantv.az\/index.php?rest_route=%2Fwp%2Fv2%2Fcategories&post=247597"},{"taxonomy":"post_tag","embeddable":true,"href":"https:\/\/arantv.az\/index.php?rest_route=%2Fwp%2Fv2%2Ftags&post=247597"}],"curies":[{"name":"wp","href":"https:\/\/api.w.org\/{rel}","templated":true}]}}