{"id":247603,"date":"2020-12-04T13:17:14","date_gmt":"2020-12-04T10:17:14","guid":{"rendered":"http:\/\/arantv.az\/?p=247603"},"modified":"2020-12-04T13:17:14","modified_gmt":"2020-12-04T10:17:14","slug":"t%c9%99z%c9%99pir-m%c9%99scidind%c9%99-s%c9%99hidl%c9%99rimizin-xatir%c9%99si-yad-edilib","status":"publish","type":"post","link":"https:\/\/arantv.az\/?p=247603","title":{"rendered":"T\u0259z\u0259pir m\u0259scidind\u0259 \u015f\u0259hidl\u0259rimizin xatir\u0259si yad edilib"},"content":{"rendered":"<p>Dekabr\u0131n 4-d\u0259 T\u0259z\u0259pir m\u0259scidind\u0259 V\u0259t\u0259n M\u00fcharib\u0259si \u015f\u0259hidl\u0259rinin xatir\u0259si yad edilib. S\u0327\u0259hidl\u0259rin ruhuna dualar oxunub, namaz q\u0131l\u0131n\u0131b.<\/p>\n<p><strong>ARANTV.AZ\u00a0<\/strong> x\u0259b\u0259r verir ki, Qafqaz M\u00fcs\u0259lmanlar\u0131 \u0130dar\u0259si s\u0259drinin m\u00fcavini Fuad Nurullayev jurnalistl\u0259r\u0259 a\u00e7\u0131qlamas\u0131nda bu g\u00fcn V\u0259t\u0259n u\u011frunda canlar\u0131n\u0131 f\u0259da etmi\u015f \u015f\u0259hidl\u0259rimizin xatir\u0259sinin d\u0259rin ehtiramla yad edildiyini bildirib.<\/p>\n<div id=\"AdviadNativeVideo0\" class=\"AdviadNativeVideo\"><\/div>\n<p>O deyib ki, 30 il idi torpaqlar\u0131m\u0131z i\u015f\u011fal alt\u0131nda idi. Azad edilmi\u015f \u0259razil\u0259rimizd\u0259ki m\u0259scidl\u0259r b\u0259rpa edil\u0259c\u0259k, h\u0259min m\u0259scidl\u0259rd\u0259n azan s\u0259sl\u0259ri e\u015fidil\u0259c\u0259k.<\/p>\n<p>Bu g\u00fcn bir \u00e7ox m\u0259scidl\u0259rd\u0259, kils\u0259l\u0259rd\u0259, sinaqoqlarda \u015f\u0259hidl\u0259rimizin xatir\u0259si yad edilir. M\u00fcq\u0259dd\u0259s Quran\u0131n buyurdu\u011fu kimi, \u015f\u0259hidl\u0259r \u00f6lm\u0259zdir.AZ\u018fRTAC<\/p>\n","protected":false},"excerpt":{"rendered":"<p>Dekabr\u0131n 4-d\u0259 T\u0259z\u0259pir m\u0259scidind\u0259 V\u0259t\u0259n M\u00fcharib\u0259si \u015f\u0259hidl\u0259rinin xatir\u0259si yad edilib. S\u0327\u0259hidl\u0259rin ruhuna dualar oxunub, namaz q\u0131l\u0131n\u0131b. ARANTV.AZ\u00a0 x\u0259b\u0259r verir ki, Qafqaz M\u00fcs\u0259lmanlar\u0131 \u0130dar\u0259si s\u0259drinin m\u00fcavini Fuad Nurullayev jurnalistl\u0259r\u0259 a\u00e7\u0131qlamas\u0131nda bu g\u00fcn V\u0259t\u0259n u\u011frunda canlar\u0131n\u0131 f\u0259da etmi\u015f \u015f\u0259hidl\u0259rimizin xatir\u0259sinin d\u0259rin ehtiramla yad edildiyini bildirib. O deyib ki, 30 il idi torpaqlar\u0131m\u0131z i\u015f\u011fal alt\u0131nda idi. Azad edilmi\u015f \u0259razil\u0259rimizd\u0259ki m\u0259scidl\u0259r b\u0259rpa edil\u0259c\u0259k, h\u0259min m\u0259scidl\u0259rd\u0259n azan s\u0259sl\u0259ri e\u015fidil\u0259c\u0259k. Bu g\u00fcn bir \u00e7ox m\u0259scidl\u0259rd\u0259, kils\u0259l\u0259rd\u0259, sinaqoqlarda \u015f\u0259hidl\u0259rimizin xatir\u0259si yad edilir. M\u00fcq\u0259dd\u0259s Quran\u0131n buyurdu\u011fu kimi, \u015f\u0259hidl\u0259r \u00f6lm\u0259zdir.AZ\u018fRTAC<\/p>\n","protected":false},"author":2,"featured_media":247604,"comment_status":"closed","ping_status":"closed","sticky":false,"template":"","format":"standard","meta":{"om_disable_all_campaigns":false,"_monsterinsights_skip_tracking":false,"_monsterinsights_sitenote_active":false,"_monsterinsights_sitenote_note":"","_monsterinsights_sitenote_category":0},"categories":[26],"tags":[],"aioseo_notices":[],"gutentor_comment":0,"rttpg_featured_image_url":{"full":["https:\/\/arantv.az\/wp-content\/uploads\/2020\/12\/mos.jpg",620,349,false],"landscape":["https:\/\/arantv.az\/wp-content\/uploads\/2020\/12\/mos.jpg",620,349,false],"portraits":["https:\/\/arantv.az\/wp-content\/uploads\/2020\/12\/mos.jpg",620,349,false],"thumbnail":["https:\/\/arantv.az\/wp-content\/uploads\/2020\/12\/mos-150x150.jpg",150,150,true],"medium":["https:\/\/arantv.az\/wp-content\/uploads\/2020\/12\/mos-300x169.jpg",300,169,true],"large":["https:\/\/arantv.az\/wp-content\/uploads\/2020\/12\/mos.jpg",620,349,false],"1536x1536":["https:\/\/arantv.az\/wp-content\/uploads\/2020\/12\/mos.jpg",620,349,false],"2048x2048":["https:\/\/arantv.az\/wp-content\/uploads\/2020\/12\/mos.jpg",620,349,false],"post-thumbnail":["https:\/\/arantv.az\/wp-content\/uploads\/2020\/12\/mos-240x172.jpg",240,172,true],"advps-thumb-one":["https:\/\/arantv.az\/wp-content\/uploads\/2020\/12\/mos.jpg",620,349,false]},"rttpg_author":{"display_name":"V\u00fcsal Rafiqo\u011flu","author_link":"https:\/\/arantv.az\/?author=2"},"rttpg_comment":0,"rttpg_category":"<a href=\"https:\/\/arantv.az\/?cat=26\" rel=\"category\">Sosial<\/a>","rttpg_excerpt":"Dekabr\u0131n 4-d\u0259 T\u0259z\u0259pir m\u0259scidind\u0259 V\u0259t\u0259n M\u00fcharib\u0259si \u015f\u0259hidl\u0259rinin xatir\u0259si yad edilib. S\u0327\u0259hidl\u0259rin ruhuna dualar oxunub, namaz q\u0131l\u0131n\u0131b. ARANTV.AZ\u00a0 x\u0259b\u0259r verir ki, Qafqaz M\u00fcs\u0259lmanlar\u0131 \u0130dar\u0259si s\u0259drinin m\u00fcavini Fuad Nurullayev jurnalistl\u0259r\u0259 a\u00e7\u0131qlamas\u0131nda bu g\u00fcn V\u0259t\u0259n u\u011frunda canlar\u0131n\u0131 f\u0259da etmi\u015f \u015f\u0259hidl\u0259rimizin xatir\u0259sinin d\u0259rin ehtiramla yad edildiyini bildirib. O deyib ki, 30 il idi torpaqlar\u0131m\u0131z i\u015f\u011fal alt\u0131nda idi. Azad edilmi\u015f&hellip;","_links":{"self":[{"href":"https:\/\/arantv.az\/index.php?rest_route=\/wp\/v2\/posts\/247603"}],"collection":[{"href":"https:\/\/arantv.az\/index.php?rest_route=\/wp\/v2\/posts"}],"about":[{"href":"https:\/\/arantv.az\/index.php?rest_route=\/wp\/v2\/types\/post"}],"author":[{"embeddable":true,"href":"https:\/\/arantv.az\/index.php?rest_route=\/wp\/v2\/users\/2"}],"replies":[{"embeddable":true,"href":"https:\/\/arantv.az\/index.php?rest_route=%2Fwp%2Fv2%2Fcomments&post=247603"}],"version-history":[{"count":0,"href":"https:\/\/arantv.az\/index.php?rest_route=\/wp\/v2\/posts\/247603\/revisions"}],"wp:featuredmedia":[{"embeddable":true,"href":"https:\/\/arantv.az\/index.php?rest_route=\/wp\/v2\/media\/247604"}],"wp:attachment":[{"href":"https:\/\/arantv.az\/index.php?rest_route=%2Fwp%2Fv2%2Fmedia&parent=247603"}],"wp:term":[{"taxonomy":"category","embeddable":true,"href":"https:\/\/arantv.az\/index.php?rest_route=%2Fwp%2Fv2%2Fcategories&post=247603"},{"taxonomy":"post_tag","embeddable":true,"href":"https:\/\/arantv.az\/index.php?rest_route=%2Fwp%2Fv2%2Ftags&post=247603"}],"curies":[{"name":"wp","href":"https:\/\/api.w.org\/{rel}","templated":true}]}}