{"id":247611,"date":"2020-12-04T13:18:09","date_gmt":"2020-12-04T10:18:09","guid":{"rendered":"http:\/\/arantv.az\/?p=247611"},"modified":"2020-12-04T13:18:09","modified_gmt":"2020-12-04T10:18:09","slug":"guls%c9%99n-imanova-t%c9%99%c9%99ssuf-ki-b%c9%99zi-koronavirus-x%c9%99st%c9%99l%c9%99ri-is%c9%99-cixir-v%c9%99-basqalarini-yoluxdurur","status":"publish","type":"post","link":"https:\/\/arantv.az\/?p=247611","title":{"rendered":"G\u00fcl\u015f\u0259n \u0130manova: \u201cT\u0259\u0259ss\u00fcf ki, b\u0259zi koronavirus x\u0259st\u0259l\u0259ri i\u015f\u0259 \u00e7\u0131x\u0131r v\u0259 ba\u015fqalar\u0131n\u0131 yoluxdurur\u201d"},"content":{"rendered":"<p>B\u00fct\u00fcn d\u00fcnyada koronavirus pandemiyas\u0131na qar\u015f\u0131 m\u00fcbariz\u0259 davam edir, lakin buna baxmayaraq, Az\u0259rbaycanda da daxil olmaqla, dem\u0259k olar ki, h\u0259r yerd\u0259 yoluxanlar\u0131n say\u0131 art\u0131r. M\u0259rk\u0259zi G\u00f6mr\u00fck X\u0259st\u0259xanas\u0131n\u0131n x\u0259st\u0259l\u0259r\u0259 xidm\u0259t \u015f\u00f6b\u0259sinin m\u00fcdiri G\u00fcl\u015f\u0259n \u0130manova\u00a0<a href=\"https:\/\/media.az\/society\/1067801613\/uvy-nekotorye-inficirovannye-covid-19-hodyat-na-rabotu-i-zarazhayut-drugih-intervyu\/?fbclid=IwAR3D5knh_cIOuTRsgcdqls4OPAqIaBuxhysWWvBWLeWGKE3yrDXvSiNXbTc\" target=\"_blank\" rel=\"noopener\">Media.az<\/a>-a bunun s\u0259b\u0259bl\u0259ri bar\u0259d\u0259 dan\u0131\u015f\u0131b.<\/p>\n<p>Onun s\u00f6zl\u0259rin\u0259 g\u00f6r\u0259, Az\u0259rbaycanda epidemiyan\u0131n ba\u015flan\u011f\u0131c\u0131ndan b\u0259ri g\u00f6r\u00fcl\u0259n ard\u0131c\u0131l v\u0259 d\u00fc\u015f\u00fcn\u00fclm\u00fc\u015f t\u0259dbirl\u0259r infeksiyalar\u0131n miqyas\u0131n\u0131 minimuma endirdi. Ancaq pay\u0131z-q\u0131\u015f f\u0259slinin g\u0259lm\u0259si il\u0259 x\u0259st\u0259l\u0259rin say\u0131 artma\u011fa ba\u015flay\u0131b v\u0259 bu, pandemiya il\u0259 m\u00fcbariz\u0259ni \u00e7\u0259tinl\u0259\u015fdirib.<\/p>\n<p>\u201cCOVID-19-a\u00a0qar\u015f\u0131 peyv\u0259nd h\u0259l\u0259 k\u00fctl\u0259vi d\u00f6vriyy\u0259y\u0259 burax\u0131lmay\u0131b, d\u00fcnyada yoluxmu\u015f insanlar\u0131n say\u0131nda s\u00fcr\u0259tli art\u0131m var. T\u0259\u0259ss\u00fcf ki, ox\u015far bir tendensiya Az\u0259rbaycanda da m\u00fc\u015fahid\u0259 olunur ki, bu da bizi narahat etm\u0259y\u0259 bilm\u0259z. \u00dcst\u0259lik, bu, m\u00f6vs\u00fcmi respirator x\u0259st\u0259likl\u0259rin say\u0131n\u0131n artmas\u0131 fonunda ba\u015f verir\u201d.<\/p>\n<div id=\"AdviadNativeVideo0\" class=\"AdviadNativeVideo\"><\/div>\n<p>G.\u0130manova elementar m\u00fcdafi\u0259 t\u0259dbirl\u0259rind\u0259n daim b\u0259hs edildiyin\u0259 baxmayaraq, b\u0259zi v\u0259t\u0259nda\u015flar\u0131n h\u0259l\u0259 d\u0259 qoruyucu maskalar\u0131 s\u0259hv istifad\u0259 etm\u0259sind\u0259n t\u0259\u0259ss\u00fcf etdiyini bildirdi.<\/p>\n<p>\u201c\u00c7\u0259n\u0259l\u0259rinin \u00fcst\u00fcnd\u0259 saxlay\u0131rlar, yaxud eyni maskan\u0131 bir ne\u00e7\u0259 g\u00fcn ard\u0131c\u0131l istifad\u0259 edirl\u0259r, \u00e7irkli maskalar\u0131 h\u0259r yer\u0259 at\u0131rlar v\u0259 b\u0259zi hallarda \u00fcnsiyy\u0259t zaman\u0131 onu \u00e7\u0131xar\u0131rlar. X\u0259st\u0259liyin k\u00fctl\u0259vi \u015f\u0259kild\u0259 yay\u0131lmas\u0131n\u0131n dig\u0259r bir s\u0259b\u0259bi d\u0259 sosial m\u0259saf\u0259y\u0259 \u0259m\u0259l edilm\u0259m\u0259sidir. \u018fhaliy\u0259 m\u00fct\u0259madi olaraq m\u0259lumat verilm\u0259sin\u0259 v\u0259 qaydalara riay\u0259t etm\u0259y\u0259 \u00e7a\u011f\u0131r\u0131\u015flara baxmayaraq, h\u0259l\u0259 d\u0259 m\u00fcxt\u0259lif k\u00fctl\u0259vi t\u0259dbirl\u0259r t\u0259\u015fkil ed\u0259n insanlar var, hans\u0131 ki, burada maska tax\u0131lm\u0131r, sosial m\u0259saf\u0259d\u0259n is\u0259 \u00fcmumiyy\u0259tl\u0259 dan\u0131\u015fma\u011fa d\u0259ym\u0259z. Bel\u0259likl\u0259, virusun daha da yay\u0131lmas\u0131na \u015f\u0259rait yarad\u0131rlar\u201d, &#8211; dey\u0259 \u015f\u00f6b\u0259 m\u00fcdiri \u0259lav\u0259 etdi.<\/p>\n<p>O, h\u0259m\u00e7inin koronavirusun varl\u0131\u011f\u0131na inanmayan, yaxud x\u0259st\u0259liyin ona ke\u00e7m\u0259y\u0259c\u0259yini d\u00fc\u015f\u00fcn\u0259n \u015f\u0259xsl\u0259rin d\u0259\u00a0infeksiyan\u0131n k\u00fctl\u0259vi yay\u0131lmas\u0131na s\u0259b\u0259b oldu\u011funu dedi:<\/p>\n<p>\u201cBu ona g\u0259tirir ki, onlar karantin qaydalar\u0131na riay\u0259t etm\u0259k ist\u0259mirl\u0259r. B\u0259zi m\u00fc\u0259ssis\u0259l\u0259rd\u0259 maska ancaq c\u0259rim\u0259l\u0259rd\u0259n qorunmaq \u00fc\u00e7\u00fcn tax\u0131l\u0131r\u201d.<\/p>\n<p>H\u0259kim son zamanlarda\u00a0evd\u0259 m\u00fcalic\u0259 olunan koronavirus x\u0259st\u0259l\u0259rinin t\u0259cridetm\u0259 qaydalar\u0131n\u0131 pozmas\u0131 il\u0259 ba\u011fl\u0131 x\u0259b\u0259rl\u0259r\u0259 d\u0259 toxundu:<\/p>\n<p>\u201cYa\u015fay\u0131\u015f yerl\u0259rini t\u0259rk edirl\u0259r, h\u0259y\u0259t\u0259, k\u00fc\u00e7\u0259y\u0259, bazara \u00e7\u0131x\u0131rlar v\u0259 bununla da x\u0259st\u0259liyi ba\u015fqalar\u0131na yoluxdururlar. H\u0259tta b\u0259zi yoluxmu\u015f insanlar\u0131n i\u015f\u0259 \u00e7\u0131xd\u0131qlar\u0131na dair d\u0259lill\u0259r var. Bu q\u0259buledilm\u0259zdir! \u018flb\u0259tt\u0259, bu c\u00fcr davran\u0131\u015flar\u0131na g\u00f6r\u0259 inzibati qaydada c\u0259zaland\u0131r\u0131l\u0131rlar, ancaq ba\u015fqalar\u0131na vurdu\u011fu ziyanlar \u00f6l\u00e7\u00fcl\u0259 g\u0259lm\u0259z d\u0259r\u0259c\u0259d\u0259dir&#8230;\u201d<\/p>\n<p>Sonda G.\u0130manova pandemiyan\u0131n h\u0259l\u0259 bir m\u00fcdd\u0259t d\u0259 davam ed\u0259c\u0259yi bar\u0259d\u0259 elm adamlar\u0131n\u0131n proqnozlar\u0131n\u0131 xat\u0131rladaraq, k\u00fctl\u0259vi vaksinasiyaya q\u0259d\u0259r h\u0259r k\u0259si t\u0259l\u0259b olunan qaydalara ciddi \u0259m\u0259l etm\u0259y\u0259 \u00e7a\u011f\u0131rd\u0131.<\/p>\n","protected":false},"excerpt":{"rendered":"<p>B\u00fct\u00fcn d\u00fcnyada koronavirus pandemiyas\u0131na qar\u015f\u0131 m\u00fcbariz\u0259 davam edir, lakin buna baxmayaraq, Az\u0259rbaycanda da daxil olmaqla, dem\u0259k olar ki, h\u0259r yerd\u0259 yoluxanlar\u0131n say\u0131 art\u0131r. M\u0259rk\u0259zi G\u00f6mr\u00fck X\u0259st\u0259xanas\u0131n\u0131n x\u0259st\u0259l\u0259r\u0259 xidm\u0259t \u015f\u00f6b\u0259sinin m\u00fcdiri G\u00fcl\u015f\u0259n \u0130manova\u00a0Media.az-a bunun s\u0259b\u0259bl\u0259ri bar\u0259d\u0259 dan\u0131\u015f\u0131b. Onun s\u00f6zl\u0259rin\u0259 g\u00f6r\u0259, Az\u0259rbaycanda epidemiyan\u0131n ba\u015flan\u011f\u0131c\u0131ndan b\u0259ri g\u00f6r\u00fcl\u0259n ard\u0131c\u0131l v\u0259 d\u00fc\u015f\u00fcn\u00fclm\u00fc\u015f t\u0259dbirl\u0259r infeksiyalar\u0131n miqyas\u0131n\u0131 minimuma endirdi. Ancaq pay\u0131z-q\u0131\u015f f\u0259slinin g\u0259lm\u0259si il\u0259 x\u0259st\u0259l\u0259rin say\u0131 artma\u011fa ba\u015flay\u0131b v\u0259 bu, pandemiya il\u0259 m\u00fcbariz\u0259ni \u00e7\u0259tinl\u0259\u015fdirib. \u201cCOVID-19-a\u00a0qar\u015f\u0131 peyv\u0259nd h\u0259l\u0259 k\u00fctl\u0259vi d\u00f6vriyy\u0259y\u0259 burax\u0131lmay\u0131b, d\u00fcnyada yoluxmu\u015f insanlar\u0131n say\u0131nda s\u00fcr\u0259tli art\u0131m var. T\u0259\u0259ss\u00fcf ki, ox\u015far bir tendensiya Az\u0259rbaycanda da m\u00fc\u015fahid\u0259 olunur ki,&hellip;<\/p>\n","protected":false},"author":2,"featured_media":247612,"comment_status":"closed","ping_status":"closed","sticky":false,"template":"","format":"standard","meta":{"om_disable_all_campaigns":false,"_monsterinsights_skip_tracking":false,"_monsterinsights_sitenote_active":false,"_monsterinsights_sitenote_note":"","_monsterinsights_sitenote_category":0},"categories":[26],"tags":[],"aioseo_notices":[],"gutentor_comment":0,"rttpg_featured_image_url":{"full":["https:\/\/arantv.az\/wp-content\/uploads\/2020\/12\/1606984675_64172bbf-0734-4b12-bd4b-5c9f1e0b4031.jpg",620,331,false],"landscape":["https:\/\/arantv.az\/wp-content\/uploads\/2020\/12\/1606984675_64172bbf-0734-4b12-bd4b-5c9f1e0b4031.jpg",620,331,false],"portraits":["https:\/\/arantv.az\/wp-content\/uploads\/2020\/12\/1606984675_64172bbf-0734-4b12-bd4b-5c9f1e0b4031.jpg",620,331,false],"thumbnail":["https:\/\/arantv.az\/wp-content\/uploads\/2020\/12\/1606984675_64172bbf-0734-4b12-bd4b-5c9f1e0b4031-150x150.jpg",150,150,true],"medium":["https:\/\/arantv.az\/wp-content\/uploads\/2020\/12\/1606984675_64172bbf-0734-4b12-bd4b-5c9f1e0b4031-300x160.jpg",300,160,true],"large":["https:\/\/arantv.az\/wp-content\/uploads\/2020\/12\/1606984675_64172bbf-0734-4b12-bd4b-5c9f1e0b4031.jpg",620,331,false],"1536x1536":["https:\/\/arantv.az\/wp-content\/uploads\/2020\/12\/1606984675_64172bbf-0734-4b12-bd4b-5c9f1e0b4031.jpg",620,331,false],"2048x2048":["https:\/\/arantv.az\/wp-content\/uploads\/2020\/12\/1606984675_64172bbf-0734-4b12-bd4b-5c9f1e0b4031.jpg",620,331,false],"post-thumbnail":["https:\/\/arantv.az\/wp-content\/uploads\/2020\/12\/1606984675_64172bbf-0734-4b12-bd4b-5c9f1e0b4031-240x172.jpg",240,172,true],"advps-thumb-one":["https:\/\/arantv.az\/wp-content\/uploads\/2020\/12\/1606984675_64172bbf-0734-4b12-bd4b-5c9f1e0b4031.jpg",620,331,false]},"rttpg_author":{"display_name":"V\u00fcsal Rafiqo\u011flu","author_link":"https:\/\/arantv.az\/?author=2"},"rttpg_comment":0,"rttpg_category":"<a href=\"https:\/\/arantv.az\/?cat=26\" rel=\"category\">Sosial<\/a>","rttpg_excerpt":"B\u00fct\u00fcn d\u00fcnyada koronavirus pandemiyas\u0131na qar\u015f\u0131 m\u00fcbariz\u0259 davam edir, lakin buna baxmayaraq, Az\u0259rbaycanda da daxil olmaqla, dem\u0259k olar ki, h\u0259r yerd\u0259 yoluxanlar\u0131n say\u0131 art\u0131r. M\u0259rk\u0259zi G\u00f6mr\u00fck X\u0259st\u0259xanas\u0131n\u0131n x\u0259st\u0259l\u0259r\u0259 xidm\u0259t \u015f\u00f6b\u0259sinin m\u00fcdiri G\u00fcl\u015f\u0259n \u0130manova\u00a0Media.az-a bunun s\u0259b\u0259bl\u0259ri bar\u0259d\u0259 dan\u0131\u015f\u0131b. Onun s\u00f6zl\u0259rin\u0259 g\u00f6r\u0259, Az\u0259rbaycanda epidemiyan\u0131n ba\u015flan\u011f\u0131c\u0131ndan b\u0259ri g\u00f6r\u00fcl\u0259n ard\u0131c\u0131l v\u0259 d\u00fc\u015f\u00fcn\u00fclm\u00fc\u015f t\u0259dbirl\u0259r infeksiyalar\u0131n miqyas\u0131n\u0131 minimuma endirdi. Ancaq pay\u0131z-q\u0131\u015f f\u0259slinin&hellip;","_links":{"self":[{"href":"https:\/\/arantv.az\/index.php?rest_route=\/wp\/v2\/posts\/247611"}],"collection":[{"href":"https:\/\/arantv.az\/index.php?rest_route=\/wp\/v2\/posts"}],"about":[{"href":"https:\/\/arantv.az\/index.php?rest_route=\/wp\/v2\/types\/post"}],"author":[{"embeddable":true,"href":"https:\/\/arantv.az\/index.php?rest_route=\/wp\/v2\/users\/2"}],"replies":[{"embeddable":true,"href":"https:\/\/arantv.az\/index.php?rest_route=%2Fwp%2Fv2%2Fcomments&post=247611"}],"version-history":[{"count":0,"href":"https:\/\/arantv.az\/index.php?rest_route=\/wp\/v2\/posts\/247611\/revisions"}],"wp:featuredmedia":[{"embeddable":true,"href":"https:\/\/arantv.az\/index.php?rest_route=\/wp\/v2\/media\/247612"}],"wp:attachment":[{"href":"https:\/\/arantv.az\/index.php?rest_route=%2Fwp%2Fv2%2Fmedia&parent=247611"}],"wp:term":[{"taxonomy":"category","embeddable":true,"href":"https:\/\/arantv.az\/index.php?rest_route=%2Fwp%2Fv2%2Fcategories&post=247611"},{"taxonomy":"post_tag","embeddable":true,"href":"https:\/\/arantv.az\/index.php?rest_route=%2Fwp%2Fv2%2Ftags&post=247611"}],"curies":[{"name":"wp","href":"https:\/\/api.w.org\/{rel}","templated":true}]}}