{"id":247627,"date":"2020-12-04T13:24:50","date_gmt":"2020-12-04T10:24:50","guid":{"rendered":"http:\/\/arantv.az\/?p=247627"},"modified":"2020-12-04T13:24:50","modified_gmt":"2020-12-04T10:24:50","slug":"xudayarin-%c9%99n-boyuk-arzusu-evl%c9%99nm%c9%99k-idi-anasi-danisdi","status":"publish","type":"post","link":"https:\/\/arantv.az\/?p=247627","title":{"rendered":"&#8220;Xudayar\u0131n \u0259n b\u00f6y\u00fck ARZUSU evl\u0259nm\u0259k idi&#8221;- ANASI DANI\u015eDI"},"content":{"rendered":"<p>H\u0259r birimizin q\u0259lbind\u0259 \u00f6z\u00fcn\u0259m\u0259xsus yer tapan V\u0259t\u0259n f\u0259daisi, \u015f\u0259hid Xudayar Yusifzad\u0259nin \u00f6z\u00fcnd\u0259n geri qalan xatir\u0259l\u0259ri h\u0259r k\u0259si k\u00f6vr\u0259ldir.<\/p>\n<p>\u015e\u0259hidimizin anas\u0131 Rad\u0259 xan\u0131m Qurbanova\u00a0<a title=\"en son xeberler 2020\" href=\"https:\/\/sonxeber.az\/\" target=\"_blank\" rel=\"noopener\">Sonxeber.az<\/a>-a dan\u0131\u015f\u0131b:<\/p>\n<div id=\"AdviadNativeVideo0\" class=\"AdviadNativeVideo\"><\/div>\n<p>&#8220;Xudayar 24 g\u00fcnl\u00fck olanda atas\u0131n\u0131 itirib. M\u0259n ona h\u0259m ata, h\u0259m ana olmu\u015fam. Xudayar a\u011f\u0131ll\u0131, d\u0259rrak\u0259li u\u015faq olub. A\u011fcab\u0259did\u0259 ke\u00e7iril\u0259n mu\u011fam m\u00fcsaqib\u0259sind\u0259 birinci yer\u0259 \u00e7\u0131x\u0131b. Buna baxmayaraq bu s\u0259n\u0259ti davam etdirm\u0259yib, h\u0259rbiy\u0259 mara\u011f\u0131 oldu\u011fu \u00fc\u00e7\u00fcn h\u0259rb\u00e7i olmaq ist\u0259yib. H\u0259rbi forma geyinm\u0259yi \u00e7ox ist\u0259yirdi. H\u0259tta \u0259lifba bayram\u0131 olanda da h\u0259rbi forma geyinmi\u015fdi.<\/p>\n<p>Evimiz 2017- ci ild\u0259 q\u0131saqapanmadan yanm\u0131\u015fd\u0131. H\u0259min ild\u0259n b\u0259ri kiray\u0259d\u0259 qal\u0131r\u0131q. Onun \u0259n b\u00f6y\u00fck arzusu arzusu ev tikdirib, evl\u0259nm\u0259k, \u00f6z\u00fcn\u0259 toy etm\u0259k idi. Biz\u0259 sevdiyi q\u0131z\u0131n oldu\u011funu demirdi, amma fikrind\u0259n ba\u015fa d\u00fc\u015f\u00fcrd\u00fck ki, \u00fcr\u0259yind\u0259 kims\u0259 var dey\u0259 bel\u0259 deyir.<\/p>\n<p>H\u0259rbiy\u0259 getm\u0259yini bizd\u0259n gizl\u0259dib. Onun boyuna, igidliyiin\u0259 nec\u0259 qalib g\u0259l\u0259 bildil\u0259r?! \u0130nanmaq olmur. Adama el\u0259 g\u0259lir ki, el\u0259 bil yuxudasan, n\u0259 vaxt g\u00f6r\u00fc\u015f\u0259c\u0259ks\u0259n. Bunu ancaq \u015f\u0259hid analar\u0131 ba\u015fa d\u00fc\u015f\u0259 bil\u0259r.<\/p>\n<p>\u015e\u0259hidl\u0259r xiyaban\u0131nda g\u00f6rd\u00fcm ki, 1992- ci ild\u0259 \u00f6vladlar\u0131 \u015f\u0259hid olan analar onlar\u0131n torpa\u011f\u0131n\u0131 sevin\u0259r\u0259k \u00f6p\u00fcrd\u00fcl\u0259r ki, qan\u0131n\u0131z yerd\u0259 qalmad\u0131&#8221;.<\/p>\n","protected":false},"excerpt":{"rendered":"<p>H\u0259r birimizin q\u0259lbind\u0259 \u00f6z\u00fcn\u0259m\u0259xsus yer tapan V\u0259t\u0259n f\u0259daisi, \u015f\u0259hid Xudayar Yusifzad\u0259nin \u00f6z\u00fcnd\u0259n geri qalan xatir\u0259l\u0259ri h\u0259r k\u0259si k\u00f6vr\u0259ldir. \u015e\u0259hidimizin anas\u0131 Rad\u0259 xan\u0131m Qurbanova\u00a0Sonxeber.az-a dan\u0131\u015f\u0131b: &#8220;Xudayar 24 g\u00fcnl\u00fck olanda atas\u0131n\u0131 itirib. M\u0259n ona h\u0259m ata, h\u0259m ana olmu\u015fam. Xudayar a\u011f\u0131ll\u0131, d\u0259rrak\u0259li u\u015faq olub. A\u011fcab\u0259did\u0259 ke\u00e7iril\u0259n mu\u011fam m\u00fcsaqib\u0259sind\u0259 birinci yer\u0259 \u00e7\u0131x\u0131b. Buna baxmayaraq bu s\u0259n\u0259ti davam etdirm\u0259yib, h\u0259rbiy\u0259 mara\u011f\u0131 oldu\u011fu \u00fc\u00e7\u00fcn h\u0259rb\u00e7i olmaq ist\u0259yib. H\u0259rbi forma geyinm\u0259yi \u00e7ox ist\u0259yirdi. H\u0259tta \u0259lifba bayram\u0131 olanda da h\u0259rbi forma geyinmi\u015fdi. Evimiz 2017- ci ild\u0259 q\u0131saqapanmadan yanm\u0131\u015fd\u0131. H\u0259min ild\u0259n b\u0259ri kiray\u0259d\u0259 qal\u0131r\u0131q. Onun \u0259n b\u00f6y\u00fck arzusu&hellip;<\/p>\n","protected":false},"author":2,"featured_media":247628,"comment_status":"closed","ping_status":"closed","sticky":false,"template":"","format":"standard","meta":{"om_disable_all_campaigns":false,"_monsterinsights_skip_tracking":false,"_monsterinsights_sitenote_active":false,"_monsterinsights_sitenote_note":"","_monsterinsights_sitenote_category":0},"categories":[26],"tags":[],"aioseo_notices":[],"gutentor_comment":0,"rttpg_featured_image_url":{"full":["https:\/\/arantv.az\/wp-content\/uploads\/2020\/12\/16070706601606890411129034672_3197874823.jpg",517,600,false],"landscape":["https:\/\/arantv.az\/wp-content\/uploads\/2020\/12\/16070706601606890411129034672_3197874823.jpg",517,600,false],"portraits":["https:\/\/arantv.az\/wp-content\/uploads\/2020\/12\/16070706601606890411129034672_3197874823.jpg",517,600,false],"thumbnail":["https:\/\/arantv.az\/wp-content\/uploads\/2020\/12\/16070706601606890411129034672_3197874823-150x150.jpg",150,150,true],"medium":["https:\/\/arantv.az\/wp-content\/uploads\/2020\/12\/16070706601606890411129034672_3197874823-259x300.jpg",259,300,true],"large":["https:\/\/arantv.az\/wp-content\/uploads\/2020\/12\/16070706601606890411129034672_3197874823.jpg",517,600,false],"1536x1536":["https:\/\/arantv.az\/wp-content\/uploads\/2020\/12\/16070706601606890411129034672_3197874823.jpg",517,600,false],"2048x2048":["https:\/\/arantv.az\/wp-content\/uploads\/2020\/12\/16070706601606890411129034672_3197874823.jpg",517,600,false],"post-thumbnail":["https:\/\/arantv.az\/wp-content\/uploads\/2020\/12\/16070706601606890411129034672_3197874823-240x172.jpg",240,172,true],"advps-thumb-one":["https:\/\/arantv.az\/wp-content\/uploads\/2020\/12\/16070706601606890411129034672_3197874823.jpg",517,600,false]},"rttpg_author":{"display_name":"V\u00fcsal Rafiqo\u011flu","author_link":"https:\/\/arantv.az\/?author=2"},"rttpg_comment":0,"rttpg_category":"<a href=\"https:\/\/arantv.az\/?cat=26\" rel=\"category\">Sosial<\/a>","rttpg_excerpt":"H\u0259r birimizin q\u0259lbind\u0259 \u00f6z\u00fcn\u0259m\u0259xsus yer tapan V\u0259t\u0259n f\u0259daisi, \u015f\u0259hid Xudayar Yusifzad\u0259nin \u00f6z\u00fcnd\u0259n geri qalan xatir\u0259l\u0259ri h\u0259r k\u0259si k\u00f6vr\u0259ldir. \u015e\u0259hidimizin anas\u0131 Rad\u0259 xan\u0131m Qurbanova\u00a0Sonxeber.az-a dan\u0131\u015f\u0131b: &#8220;Xudayar 24 g\u00fcnl\u00fck olanda atas\u0131n\u0131 itirib. M\u0259n ona h\u0259m ata, h\u0259m ana olmu\u015fam. Xudayar a\u011f\u0131ll\u0131, d\u0259rrak\u0259li u\u015faq olub. A\u011fcab\u0259did\u0259 ke\u00e7iril\u0259n mu\u011fam m\u00fcsaqib\u0259sind\u0259 birinci yer\u0259 \u00e7\u0131x\u0131b. Buna baxmayaraq bu s\u0259n\u0259ti davam etdirm\u0259yib,&hellip;","_links":{"self":[{"href":"https:\/\/arantv.az\/index.php?rest_route=\/wp\/v2\/posts\/247627"}],"collection":[{"href":"https:\/\/arantv.az\/index.php?rest_route=\/wp\/v2\/posts"}],"about":[{"href":"https:\/\/arantv.az\/index.php?rest_route=\/wp\/v2\/types\/post"}],"author":[{"embeddable":true,"href":"https:\/\/arantv.az\/index.php?rest_route=\/wp\/v2\/users\/2"}],"replies":[{"embeddable":true,"href":"https:\/\/arantv.az\/index.php?rest_route=%2Fwp%2Fv2%2Fcomments&post=247627"}],"version-history":[{"count":0,"href":"https:\/\/arantv.az\/index.php?rest_route=\/wp\/v2\/posts\/247627\/revisions"}],"wp:featuredmedia":[{"embeddable":true,"href":"https:\/\/arantv.az\/index.php?rest_route=\/wp\/v2\/media\/247628"}],"wp:attachment":[{"href":"https:\/\/arantv.az\/index.php?rest_route=%2Fwp%2Fv2%2Fmedia&parent=247627"}],"wp:term":[{"taxonomy":"category","embeddable":true,"href":"https:\/\/arantv.az\/index.php?rest_route=%2Fwp%2Fv2%2Fcategories&post=247627"},{"taxonomy":"post_tag","embeddable":true,"href":"https:\/\/arantv.az\/index.php?rest_route=%2Fwp%2Fv2%2Ftags&post=247627"}],"curies":[{"name":"wp","href":"https:\/\/api.w.org\/{rel}","templated":true}]}}