{"id":247647,"date":"2020-12-04T13:28:52","date_gmt":"2020-12-04T10:28:52","guid":{"rendered":"http:\/\/arantv.az\/?p=247647"},"modified":"2020-12-04T13:28:52","modified_gmt":"2020-12-04T10:28:52","slug":"bizi-d%c9%99-c%c9%99k-qardas-tanisinlar-dey%c9%99n-tankci-s%c9%99hid-oldu","status":"publish","type":"post","link":"https:\/\/arantv.az\/?p=247647","title":{"rendered":"&#8220;Bizi d\u0259 \u00e7\u0259k qarda\u015f, tan\u0131s\u0131nlar&#8221; dey\u0259n tank\u00e7\u0131 \u015e\u018fH\u0130D OLDU"},"content":{"rendered":"<p>Sosial \u015f\u0259b\u0259k\u0259l\u0259rd\u0259 tank\u00e7\u0131 \u0259sg\u0259rimizin fotosu yer al\u0131b.<\/p>\n<p><strong>ARANTV.AZ<\/strong>\u00a0\u00a0<a title=\"en son xeberler 2020\" href=\"https:\/\/sonxeber.az\/\" target=\"_blank\" rel=\"noopener\">Sonxeber.az<\/a>-a istinad\u0259n\u00a0<a title=\"xeberler son xeberler 2020\" href=\"https:\/\/big.az\/\" target=\"_blank\" rel=\"noopener\">x\u0259b\u0259r<\/a>\u00a0verir ki, h\u0259min \u015f\u0259hid 2013-c\u00fc ild\u0259 h\u0259rbi parada haz\u0131rl\u0131q zaman\u0131 &#8220;Bizi d\u0259 \u00e7\u0259k qarda\u015f, tan\u0131s\u0131nlar&#8221; demi\u015fdi. Onun bu s\u00f6z\u00fcnd\u0259n sonra fotosu \u00e7\u0259kilib, sosial \u015f\u0259b\u0259k\u0259l\u0259rd\u0259 payla\u015f\u0131l\u0131b.<\/p>\n<div id=\"AdviadNativeVideo0\" class=\"AdviadNativeVideo\"><\/div>\n<p>Fotonun m\u00fc\u0259llifi qeyd edir ki, tan\u0131madan fotosunu \u00e7\u0259kib, payla\u015fd\u0131\u011f\u0131 bu igid gizirimiz V\u0259t\u0259n m\u00fcharib\u0259sind\u0259 \u015f\u0259hid olub.<\/p>\n<p>Qeyd ed\u0259k ki, fotodaki tankist \u015e\u0259hidimiz gizir \u0130ntiqam Abbasovdur.<\/p>\n","protected":false},"excerpt":{"rendered":"<p>Sosial \u015f\u0259b\u0259k\u0259l\u0259rd\u0259 tank\u00e7\u0131 \u0259sg\u0259rimizin fotosu yer al\u0131b. ARANTV.AZ\u00a0\u00a0Sonxeber.az-a istinad\u0259n\u00a0x\u0259b\u0259r\u00a0verir ki, h\u0259min \u015f\u0259hid 2013-c\u00fc ild\u0259 h\u0259rbi parada haz\u0131rl\u0131q zaman\u0131 &#8220;Bizi d\u0259 \u00e7\u0259k qarda\u015f, tan\u0131s\u0131nlar&#8221; demi\u015fdi. Onun bu s\u00f6z\u00fcnd\u0259n sonra fotosu \u00e7\u0259kilib, sosial \u015f\u0259b\u0259k\u0259l\u0259rd\u0259 payla\u015f\u0131l\u0131b. Fotonun m\u00fc\u0259llifi qeyd edir ki, tan\u0131madan fotosunu \u00e7\u0259kib, payla\u015fd\u0131\u011f\u0131 bu igid gizirimiz V\u0259t\u0259n m\u00fcharib\u0259sind\u0259 \u015f\u0259hid olub. Qeyd ed\u0259k ki, fotodaki tankist \u015e\u0259hidimiz gizir \u0130ntiqam Abbasovdur.<\/p>\n","protected":false},"author":2,"featured_media":247648,"comment_status":"closed","ping_status":"closed","sticky":false,"template":"","format":"standard","meta":{"om_disable_all_campaigns":false,"_monsterinsights_skip_tracking":false,"_monsterinsights_sitenote_active":false,"_monsterinsights_sitenote_note":"","_monsterinsights_sitenote_category":0},"categories":[26],"tags":[],"aioseo_notices":[],"gutentor_comment":0,"rttpg_featured_image_url":{"full":["https:\/\/arantv.az\/wp-content\/uploads\/2020\/12\/cek_31607071890.jpg",549,451,false],"landscape":["https:\/\/arantv.az\/wp-content\/uploads\/2020\/12\/cek_31607071890.jpg",549,451,false],"portraits":["https:\/\/arantv.az\/wp-content\/uploads\/2020\/12\/cek_31607071890.jpg",549,451,false],"thumbnail":["https:\/\/arantv.az\/wp-content\/uploads\/2020\/12\/cek_31607071890-150x150.jpg",150,150,true],"medium":["https:\/\/arantv.az\/wp-content\/uploads\/2020\/12\/cek_31607071890-300x246.jpg",300,246,true],"large":["https:\/\/arantv.az\/wp-content\/uploads\/2020\/12\/cek_31607071890.jpg",549,451,false],"1536x1536":["https:\/\/arantv.az\/wp-content\/uploads\/2020\/12\/cek_31607071890.jpg",549,451,false],"2048x2048":["https:\/\/arantv.az\/wp-content\/uploads\/2020\/12\/cek_31607071890.jpg",549,451,false],"post-thumbnail":["https:\/\/arantv.az\/wp-content\/uploads\/2020\/12\/cek_31607071890-240x172.jpg",240,172,true],"advps-thumb-one":["https:\/\/arantv.az\/wp-content\/uploads\/2020\/12\/cek_31607071890.jpg",549,451,false]},"rttpg_author":{"display_name":"V\u00fcsal Rafiqo\u011flu","author_link":"https:\/\/arantv.az\/?author=2"},"rttpg_comment":0,"rttpg_category":"<a href=\"https:\/\/arantv.az\/?cat=26\" rel=\"category\">Sosial<\/a>","rttpg_excerpt":"Sosial \u015f\u0259b\u0259k\u0259l\u0259rd\u0259 tank\u00e7\u0131 \u0259sg\u0259rimizin fotosu yer al\u0131b. ARANTV.AZ\u00a0\u00a0Sonxeber.az-a istinad\u0259n\u00a0x\u0259b\u0259r\u00a0verir ki, h\u0259min \u015f\u0259hid 2013-c\u00fc ild\u0259 h\u0259rbi parada haz\u0131rl\u0131q zaman\u0131 &#8220;Bizi d\u0259 \u00e7\u0259k qarda\u015f, tan\u0131s\u0131nlar&#8221; demi\u015fdi. Onun bu s\u00f6z\u00fcnd\u0259n sonra fotosu \u00e7\u0259kilib, sosial \u015f\u0259b\u0259k\u0259l\u0259rd\u0259 payla\u015f\u0131l\u0131b. Fotonun m\u00fc\u0259llifi qeyd edir ki, tan\u0131madan fotosunu \u00e7\u0259kib, payla\u015fd\u0131\u011f\u0131 bu igid gizirimiz V\u0259t\u0259n m\u00fcharib\u0259sind\u0259 \u015f\u0259hid olub. Qeyd ed\u0259k ki, fotodaki tankist \u015e\u0259hidimiz&hellip;","_links":{"self":[{"href":"https:\/\/arantv.az\/index.php?rest_route=\/wp\/v2\/posts\/247647"}],"collection":[{"href":"https:\/\/arantv.az\/index.php?rest_route=\/wp\/v2\/posts"}],"about":[{"href":"https:\/\/arantv.az\/index.php?rest_route=\/wp\/v2\/types\/post"}],"author":[{"embeddable":true,"href":"https:\/\/arantv.az\/index.php?rest_route=\/wp\/v2\/users\/2"}],"replies":[{"embeddable":true,"href":"https:\/\/arantv.az\/index.php?rest_route=%2Fwp%2Fv2%2Fcomments&post=247647"}],"version-history":[{"count":0,"href":"https:\/\/arantv.az\/index.php?rest_route=\/wp\/v2\/posts\/247647\/revisions"}],"wp:featuredmedia":[{"embeddable":true,"href":"https:\/\/arantv.az\/index.php?rest_route=\/wp\/v2\/media\/247648"}],"wp:attachment":[{"href":"https:\/\/arantv.az\/index.php?rest_route=%2Fwp%2Fv2%2Fmedia&parent=247647"}],"wp:term":[{"taxonomy":"category","embeddable":true,"href":"https:\/\/arantv.az\/index.php?rest_route=%2Fwp%2Fv2%2Fcategories&post=247647"},{"taxonomy":"post_tag","embeddable":true,"href":"https:\/\/arantv.az\/index.php?rest_route=%2Fwp%2Fv2%2Ftags&post=247647"}],"curies":[{"name":"wp","href":"https:\/\/api.w.org\/{rel}","templated":true}]}}