{"id":247655,"date":"2020-12-04T13:30:26","date_gmt":"2020-12-04T10:30:26","guid":{"rendered":"http:\/\/arantv.az\/?p=247655"},"modified":"2020-12-04T13:30:26","modified_gmt":"2020-12-04T10:30:26","slug":"h%c9%99rbcinin-sosial-s%c9%99b%c9%99k%c9%99l%c9%99rd%c9%99-m%c9%99shurlasan-oglu-atasindan-danisdi-video","status":"publish","type":"post","link":"https:\/\/arantv.az\/?p=247655","title":{"rendered":"H\u018fRB\u00c7\u0130N\u0130N sosial \u015f\u0259b\u0259k\u0259l\u0259rd\u0259 m\u0259\u015fhurla\u015fan O\u011eLU atas\u0131ndan DANI\u015eDI &#8211; V\u0130DEO"},"content":{"rendered":"<p>Son g\u00fcnl\u0259r sosial \u015f\u0259b\u0259k\u0259d\u0259 \u0259n \u00e7ox videosu payla\u015f\u0131lan h\u0259rb\u00e7i \u00f6vlad\u0131 Zaur M\u0259mm\u0259dzad\u0259 &#8220;Vaxt\u0259 g\u0259ldi&#8221; proqram\u0131ndan qonaq olub.<\/p>\n<p><strong>ARANTV.AZ\u00a0<\/strong>\u00a0<a title=\"xeberler son xeberler 2020\" href=\"https:\/\/big.az\/\" target=\"_blank\" rel=\"noopener\">x\u0259b\u0259r<\/a>\u00a0verir ki, atas\u0131 X\u0259yal\u0259ddin M\u0259mm\u0259dovla birlikd\u0259 proqrama g\u0259l\u0259n Zaur atas\u0131 il\u0259 telefon s\u00f6hb\u0259tiyl\u0259 tan\u0131n\u0131rd\u0131. Zaur bildirib ki, h\u0259r g\u00fcn atas\u0131 \u00fc\u00e7\u00fcn dua edib:<\/p>\n<div id=\"AdviadNativeVideo0\" class=\"AdviadNativeVideo\"><\/div>\n<p>&#8220;Atam m\u0259n\u0259 verdiyi b\u00fct\u00fcn s\u00f6zl\u0259ri tutub. \u0130nan\u0131rd\u0131m ki, qay\u0131dacaq, \u015f\u0259hid olmayacaq&#8221;.<\/p>\n<p>H\u0259rb\u00e7imiz X\u0259yal\u0259ddin M\u0259mm\u0259dov h\u0259l\u0259 yay d\u00f6y\u00fc\u015fl\u0259rind\u0259 k\u00f6n\u00fcll\u00fc olaraq qeydiyyatdan ke\u00e7diyini s\u00f6yl\u0259yib:<\/p>\n<p>&#8220;M\u0259n v\u0259 dostlar\u0131m sakit oturmad\u0131q, m\u00fcxt\u0259lif qrumlara m\u00fcraci\u0259t etdik ki, d\u00f6y\u00fc\u015f\u0259 getm\u0259k ist\u0259yirik. Deyirdil\u0259r, \u0259mr var, 35 ya\u015fa q\u0259d\u0259rdir. Sonra yen\u0259 d\u0259 m\u00fcraci\u0259t etdik v\u0259 g\u00f6nd\u0259rdil\u0259r. Bizim qat\u0131ld\u0131\u011f\u0131m\u0131z b\u00f6l\u00fckd\u0259kil\u0259rin 90 faizi birinci Qaraba\u011f m\u00fcharib\u0259sind\u0259 d\u00f6y\u00fc\u015f\u0259nl\u0259r idi. Birm\u0259nal\u0131 qar\u015f\u0131lanmaya bil\u0259r, amma bu m\u0259s\u0259l\u0259d\u0259 ail\u0259 ikinci plana ke\u00e7ir. Erm\u0259ni kimdir ki, bizim torpaq onlarda qals\u0131n? \u0130ll\u0259rdir q\u0259lbimizd\u0259 ya\u015fayan intiqam hissi alovland\u0131&#8221;. \/Ax\u015fam.az<\/p>\n<div class=\"embed-responsive embed-responsive-16by9\"><iframe loading=\"lazy\" id=\"nmqembedid\" class=\"embed-responsive-item\" title=\"video player\" src=\"https:\/\/izle.az\/embed\/y8-2NTI0NjQ1MjC1sDA1MAAA\" width=\"600\" height=\"340\" frameborder=\"0\" scrolling=\"no\" allowfullscreen=\"allowfullscreen\" data-mce-fragment=\"1\"><\/iframe><\/div>\n<p>&nbsp;<\/p>\n","protected":false},"excerpt":{"rendered":"<p>Son g\u00fcnl\u0259r sosial \u015f\u0259b\u0259k\u0259d\u0259 \u0259n \u00e7ox videosu payla\u015f\u0131lan h\u0259rb\u00e7i \u00f6vlad\u0131 Zaur M\u0259mm\u0259dzad\u0259 &#8220;Vaxt\u0259 g\u0259ldi&#8221; proqram\u0131ndan qonaq olub. ARANTV.AZ\u00a0\u00a0x\u0259b\u0259r\u00a0verir ki, atas\u0131 X\u0259yal\u0259ddin M\u0259mm\u0259dovla birlikd\u0259 proqrama g\u0259l\u0259n Zaur atas\u0131 il\u0259 telefon s\u00f6hb\u0259tiyl\u0259 tan\u0131n\u0131rd\u0131. Zaur bildirib ki, h\u0259r g\u00fcn atas\u0131 \u00fc\u00e7\u00fcn dua edib: &#8220;Atam m\u0259n\u0259 verdiyi b\u00fct\u00fcn s\u00f6zl\u0259ri tutub. \u0130nan\u0131rd\u0131m ki, qay\u0131dacaq, \u015f\u0259hid olmayacaq&#8221;. H\u0259rb\u00e7imiz X\u0259yal\u0259ddin M\u0259mm\u0259dov h\u0259l\u0259 yay d\u00f6y\u00fc\u015fl\u0259rind\u0259 k\u00f6n\u00fcll\u00fc olaraq qeydiyyatdan ke\u00e7diyini s\u00f6yl\u0259yib: &#8220;M\u0259n v\u0259 dostlar\u0131m sakit oturmad\u0131q, m\u00fcxt\u0259lif qrumlara m\u00fcraci\u0259t etdik ki, d\u00f6y\u00fc\u015f\u0259 getm\u0259k ist\u0259yirik. Deyirdil\u0259r, \u0259mr var, 35 ya\u015fa q\u0259d\u0259rdir. Sonra yen\u0259 d\u0259 m\u00fcraci\u0259t etdik v\u0259 g\u00f6nd\u0259rdil\u0259r. Bizim qat\u0131ld\u0131\u011f\u0131m\u0131z&hellip;<\/p>\n","protected":false},"author":2,"featured_media":247656,"comment_status":"closed","ping_status":"closed","sticky":false,"template":"","format":"standard","meta":{"om_disable_all_campaigns":false,"_monsterinsights_skip_tracking":false,"_monsterinsights_sitenote_active":false,"_monsterinsights_sitenote_note":"","_monsterinsights_sitenote_category":0},"categories":[26],"tags":[],"aioseo_notices":[],"gutentor_comment":0,"rttpg_featured_image_url":{"full":["https:\/\/arantv.az\/wp-content\/uploads\/2020\/12\/211899_7y9syya1wt.jpg",650,401,false],"landscape":["https:\/\/arantv.az\/wp-content\/uploads\/2020\/12\/211899_7y9syya1wt.jpg",650,401,false],"portraits":["https:\/\/arantv.az\/wp-content\/uploads\/2020\/12\/211899_7y9syya1wt.jpg",650,401,false],"thumbnail":["https:\/\/arantv.az\/wp-content\/uploads\/2020\/12\/211899_7y9syya1wt-150x150.jpg",150,150,true],"medium":["https:\/\/arantv.az\/wp-content\/uploads\/2020\/12\/211899_7y9syya1wt-300x185.jpg",300,185,true],"large":["https:\/\/arantv.az\/wp-content\/uploads\/2020\/12\/211899_7y9syya1wt.jpg",640,395,false],"1536x1536":["https:\/\/arantv.az\/wp-content\/uploads\/2020\/12\/211899_7y9syya1wt.jpg",650,401,false],"2048x2048":["https:\/\/arantv.az\/wp-content\/uploads\/2020\/12\/211899_7y9syya1wt.jpg",650,401,false],"post-thumbnail":["https:\/\/arantv.az\/wp-content\/uploads\/2020\/12\/211899_7y9syya1wt-240x172.jpg",240,172,true],"advps-thumb-one":["https:\/\/arantv.az\/wp-content\/uploads\/2020\/12\/211899_7y9syya1wt.jpg",650,401,false]},"rttpg_author":{"display_name":"V\u00fcsal Rafiqo\u011flu","author_link":"https:\/\/arantv.az\/?author=2"},"rttpg_comment":0,"rttpg_category":"<a href=\"https:\/\/arantv.az\/?cat=26\" rel=\"category\">Sosial<\/a>","rttpg_excerpt":"Son g\u00fcnl\u0259r sosial \u015f\u0259b\u0259k\u0259d\u0259 \u0259n \u00e7ox videosu payla\u015f\u0131lan h\u0259rb\u00e7i \u00f6vlad\u0131 Zaur M\u0259mm\u0259dzad\u0259 &#8220;Vaxt\u0259 g\u0259ldi&#8221; proqram\u0131ndan qonaq olub. ARANTV.AZ\u00a0\u00a0x\u0259b\u0259r\u00a0verir ki, atas\u0131 X\u0259yal\u0259ddin M\u0259mm\u0259dovla birlikd\u0259 proqrama g\u0259l\u0259n Zaur atas\u0131 il\u0259 telefon s\u00f6hb\u0259tiyl\u0259 tan\u0131n\u0131rd\u0131. Zaur bildirib ki, h\u0259r g\u00fcn atas\u0131 \u00fc\u00e7\u00fcn dua edib: &#8220;Atam m\u0259n\u0259 verdiyi b\u00fct\u00fcn s\u00f6zl\u0259ri tutub. \u0130nan\u0131rd\u0131m ki, qay\u0131dacaq, \u015f\u0259hid olmayacaq&#8221;. H\u0259rb\u00e7imiz X\u0259yal\u0259ddin M\u0259mm\u0259dov h\u0259l\u0259&hellip;","_links":{"self":[{"href":"https:\/\/arantv.az\/index.php?rest_route=\/wp\/v2\/posts\/247655"}],"collection":[{"href":"https:\/\/arantv.az\/index.php?rest_route=\/wp\/v2\/posts"}],"about":[{"href":"https:\/\/arantv.az\/index.php?rest_route=\/wp\/v2\/types\/post"}],"author":[{"embeddable":true,"href":"https:\/\/arantv.az\/index.php?rest_route=\/wp\/v2\/users\/2"}],"replies":[{"embeddable":true,"href":"https:\/\/arantv.az\/index.php?rest_route=%2Fwp%2Fv2%2Fcomments&post=247655"}],"version-history":[{"count":0,"href":"https:\/\/arantv.az\/index.php?rest_route=\/wp\/v2\/posts\/247655\/revisions"}],"wp:featuredmedia":[{"embeddable":true,"href":"https:\/\/arantv.az\/index.php?rest_route=\/wp\/v2\/media\/247656"}],"wp:attachment":[{"href":"https:\/\/arantv.az\/index.php?rest_route=%2Fwp%2Fv2%2Fmedia&parent=247655"}],"wp:term":[{"taxonomy":"category","embeddable":true,"href":"https:\/\/arantv.az\/index.php?rest_route=%2Fwp%2Fv2%2Fcategories&post=247655"},{"taxonomy":"post_tag","embeddable":true,"href":"https:\/\/arantv.az\/index.php?rest_route=%2Fwp%2Fv2%2Ftags&post=247655"}],"curies":[{"name":"wp","href":"https:\/\/api.w.org\/{rel}","templated":true}]}}