{"id":247663,"date":"2020-12-04T13:32:20","date_gmt":"2020-12-04T10:32:20","guid":{"rendered":"http:\/\/arantv.az\/?p=247663"},"modified":"2020-12-04T13:32:20","modified_gmt":"2020-12-04T10:32:20","slug":"siy%c9%99z%c9%99nd%c9%99-yasadigi-unvani-t%c9%99rk-ed%c9%99n-covid-19-x%c9%99st%c9%99si-mu%c9%99yy%c9%99n-edilib-video","status":"publish","type":"post","link":"https:\/\/arantv.az\/?p=247663","title":{"rendered":"Siy\u0259z\u0259nd\u0259 ya\u015fad\u0131\u011f\u0131 \u00fcnvan\u0131 t\u0259rk ed\u0259n \u201cCOV\u0130D-19\u201d x\u0259st\u0259si m\u00fc\u0259yy\u0259n edilib &#8211; V\u0130DEO"},"content":{"rendered":"<p>Siy\u0259z\u0259nd\u0259 ya\u015fad\u0131\u011f\u0131 \u00fcnvan\u0131 t\u0259rk ed\u0259n daha bir\u00a0\u201cCOV\u0130D-19\u201d x\u0259st\u0259si m\u00fc\u0259yy\u0259n edilib.<\/p>\n<p>Bu bar\u0259d\u0259\u00a0Daxili \u0130\u015fl\u0259r Nazirliyinin (D\u0130N) M\u0259tbuat Xidm\u0259tinin Quba regional qrupundan m\u0259lumat verilib.<\/p>\n<p>Bildirilib ki, Siy\u0259z\u0259n Rayon Polis \u015e\u00f6b\u0259sinin \u0259m\u0259kda\u015flar\u0131 t\u0259r\u0259find\u0259n rayon \u0259razisind\u0259 koronavirus testi m\u00fcsb\u0259t \u00e7\u0131xm\u0131\u015f \u015f\u0259xsl\u0259rin ya\u015fad\u0131\u011f\u0131 \u00fcnvan\u0131 t\u0259rk edib-etm\u0259m\u0259si yoxlan\u0131lark\u0259n rayonun S\u0259dan k\u0259nd sakini Rufan\u0259 \u018fliyevan\u0131n karantin qaydalar\u0131na zidd davranaraq ya\u015fad\u0131\u011f\u0131 \u00fcnvan\u0131 t\u0259rk etdiyi m\u00fc\u0259yy\u0259n edilib.<\/p>\n<div id=\"AdviadNativeVideo0\" class=\"AdviadNativeVideo\"><\/div>\n<p>\u015e\u00f6b\u0259 \u0259m\u0259kda\u015flar\u0131 t\u0259r\u0259find\u0259n R.\u018fliyeva sat\u0131c\u0131 kimi i\u015fl\u0259diyi ma\u011fazada a\u015fkarlanaraq ya\u015fad\u0131\u011f\u0131 \u00fcnvana qaytar\u0131l\u0131b.<\/p>\n<p>H\u0259min \u015f\u0259xsin t\u00f6r\u0259tdiyi \u0259m\u0259l\u0259 h\u00fcquqi qiym\u0259t verilm\u0259si \u00fc\u00e7\u00fcn Siy\u0259z\u0259n RP\u015e-d\u0259 ara\u015fd\u0131rmalar apar\u0131l\u0131r.<\/p>\n<div><iframe loading=\"lazy\" src=\"https:\/\/player.baku.tv\/embed\/29603\" width=\"560\" height=\"315\" frameborder=\"0\" allowfullscreen=\"allowfullscreen\" data-mce-fragment=\"1\"><\/iframe><\/div>\n<p>&nbsp;<\/p>\n","protected":false},"excerpt":{"rendered":"<p>Siy\u0259z\u0259nd\u0259 ya\u015fad\u0131\u011f\u0131 \u00fcnvan\u0131 t\u0259rk ed\u0259n daha bir\u00a0\u201cCOV\u0130D-19\u201d x\u0259st\u0259si m\u00fc\u0259yy\u0259n edilib. Bu bar\u0259d\u0259\u00a0Daxili \u0130\u015fl\u0259r Nazirliyinin (D\u0130N) M\u0259tbuat Xidm\u0259tinin Quba regional qrupundan m\u0259lumat verilib. Bildirilib ki, Siy\u0259z\u0259n Rayon Polis \u015e\u00f6b\u0259sinin \u0259m\u0259kda\u015flar\u0131 t\u0259r\u0259find\u0259n rayon \u0259razisind\u0259 koronavirus testi m\u00fcsb\u0259t \u00e7\u0131xm\u0131\u015f \u015f\u0259xsl\u0259rin ya\u015fad\u0131\u011f\u0131 \u00fcnvan\u0131 t\u0259rk edib-etm\u0259m\u0259si yoxlan\u0131lark\u0259n rayonun S\u0259dan k\u0259nd sakini Rufan\u0259 \u018fliyevan\u0131n karantin qaydalar\u0131na zidd davranaraq ya\u015fad\u0131\u011f\u0131 \u00fcnvan\u0131 t\u0259rk etdiyi m\u00fc\u0259yy\u0259n edilib. \u015e\u00f6b\u0259 \u0259m\u0259kda\u015flar\u0131 t\u0259r\u0259find\u0259n R.\u018fliyeva sat\u0131c\u0131 kimi i\u015fl\u0259diyi ma\u011fazada a\u015fkarlanaraq ya\u015fad\u0131\u011f\u0131 \u00fcnvana qaytar\u0131l\u0131b. H\u0259min \u015f\u0259xsin t\u00f6r\u0259tdiyi \u0259m\u0259l\u0259 h\u00fcquqi qiym\u0259t verilm\u0259si \u00fc\u00e7\u00fcn Siy\u0259z\u0259n RP\u015e-d\u0259 ara\u015fd\u0131rmalar apar\u0131l\u0131r. &nbsp;<\/p>\n","protected":false},"author":2,"featured_media":247664,"comment_status":"closed","ping_status":"closed","sticky":false,"template":"","format":"standard","meta":{"om_disable_all_campaigns":false,"_monsterinsights_skip_tracking":false,"_monsterinsights_sitenote_active":false,"_monsterinsights_sitenote_note":"","_monsterinsights_sitenote_category":0},"categories":[26],"tags":[],"aioseo_notices":[],"gutentor_comment":0,"rttpg_featured_image_url":{"full":["https:\/\/arantv.az\/wp-content\/uploads\/2020\/12\/129264073_709864926633865_5917967717205399110_n.jpg",620,349,false],"landscape":["https:\/\/arantv.az\/wp-content\/uploads\/2020\/12\/129264073_709864926633865_5917967717205399110_n.jpg",620,349,false],"portraits":["https:\/\/arantv.az\/wp-content\/uploads\/2020\/12\/129264073_709864926633865_5917967717205399110_n.jpg",620,349,false],"thumbnail":["https:\/\/arantv.az\/wp-content\/uploads\/2020\/12\/129264073_709864926633865_5917967717205399110_n-150x150.jpg",150,150,true],"medium":["https:\/\/arantv.az\/wp-content\/uploads\/2020\/12\/129264073_709864926633865_5917967717205399110_n-300x169.jpg",300,169,true],"large":["https:\/\/arantv.az\/wp-content\/uploads\/2020\/12\/129264073_709864926633865_5917967717205399110_n.jpg",620,349,false],"1536x1536":["https:\/\/arantv.az\/wp-content\/uploads\/2020\/12\/129264073_709864926633865_5917967717205399110_n.jpg",620,349,false],"2048x2048":["https:\/\/arantv.az\/wp-content\/uploads\/2020\/12\/129264073_709864926633865_5917967717205399110_n.jpg",620,349,false],"post-thumbnail":["https:\/\/arantv.az\/wp-content\/uploads\/2020\/12\/129264073_709864926633865_5917967717205399110_n-240x172.jpg",240,172,true],"advps-thumb-one":["https:\/\/arantv.az\/wp-content\/uploads\/2020\/12\/129264073_709864926633865_5917967717205399110_n.jpg",620,349,false]},"rttpg_author":{"display_name":"V\u00fcsal Rafiqo\u011flu","author_link":"https:\/\/arantv.az\/?author=2"},"rttpg_comment":0,"rttpg_category":"<a href=\"https:\/\/arantv.az\/?cat=26\" rel=\"category\">Sosial<\/a>","rttpg_excerpt":"Siy\u0259z\u0259nd\u0259 ya\u015fad\u0131\u011f\u0131 \u00fcnvan\u0131 t\u0259rk ed\u0259n daha bir\u00a0\u201cCOV\u0130D-19\u201d x\u0259st\u0259si m\u00fc\u0259yy\u0259n edilib. Bu bar\u0259d\u0259\u00a0Daxili \u0130\u015fl\u0259r Nazirliyinin (D\u0130N) M\u0259tbuat Xidm\u0259tinin Quba regional qrupundan m\u0259lumat verilib. Bildirilib ki, Siy\u0259z\u0259n Rayon Polis \u015e\u00f6b\u0259sinin \u0259m\u0259kda\u015flar\u0131 t\u0259r\u0259find\u0259n rayon \u0259razisind\u0259 koronavirus testi m\u00fcsb\u0259t \u00e7\u0131xm\u0131\u015f \u015f\u0259xsl\u0259rin ya\u015fad\u0131\u011f\u0131 \u00fcnvan\u0131 t\u0259rk edib-etm\u0259m\u0259si yoxlan\u0131lark\u0259n rayonun S\u0259dan k\u0259nd sakini Rufan\u0259 \u018fliyevan\u0131n karantin qaydalar\u0131na zidd davranaraq ya\u015fad\u0131\u011f\u0131 \u00fcnvan\u0131 t\u0259rk&hellip;","_links":{"self":[{"href":"https:\/\/arantv.az\/index.php?rest_route=\/wp\/v2\/posts\/247663"}],"collection":[{"href":"https:\/\/arantv.az\/index.php?rest_route=\/wp\/v2\/posts"}],"about":[{"href":"https:\/\/arantv.az\/index.php?rest_route=\/wp\/v2\/types\/post"}],"author":[{"embeddable":true,"href":"https:\/\/arantv.az\/index.php?rest_route=\/wp\/v2\/users\/2"}],"replies":[{"embeddable":true,"href":"https:\/\/arantv.az\/index.php?rest_route=%2Fwp%2Fv2%2Fcomments&post=247663"}],"version-history":[{"count":0,"href":"https:\/\/arantv.az\/index.php?rest_route=\/wp\/v2\/posts\/247663\/revisions"}],"wp:featuredmedia":[{"embeddable":true,"href":"https:\/\/arantv.az\/index.php?rest_route=\/wp\/v2\/media\/247664"}],"wp:attachment":[{"href":"https:\/\/arantv.az\/index.php?rest_route=%2Fwp%2Fv2%2Fmedia&parent=247663"}],"wp:term":[{"taxonomy":"category","embeddable":true,"href":"https:\/\/arantv.az\/index.php?rest_route=%2Fwp%2Fv2%2Fcategories&post=247663"},{"taxonomy":"post_tag","embeddable":true,"href":"https:\/\/arantv.az\/index.php?rest_route=%2Fwp%2Fv2%2Ftags&post=247663"}],"curies":[{"name":"wp","href":"https:\/\/api.w.org\/{rel}","templated":true}]}}