{"id":247667,"date":"2020-12-04T13:33:56","date_gmt":"2020-12-04T10:33:56","guid":{"rendered":"http:\/\/arantv.az\/?p=247667"},"modified":"2020-12-04T13:33:56","modified_gmt":"2020-12-04T10:33:56","slug":"m%c9%99ni-gull%c9%99-altinda-suruy%c9%99r%c9%99k-%c9%99razid%c9%99n-cixardilar-qarabag-qazisi","status":"publish","type":"post","link":"https:\/\/arantv.az\/?p=247667","title":{"rendered":"M\u0259ni g\u00fcll\u0259 alt\u0131nda s\u00fcr\u00fcy\u0259r\u0259k \u0259razid\u0259n \u00e7\u0131xard\u0131lar &#8211; Qaraba\u011f qazisi"},"content":{"rendered":"<p><strong>Az\u0259rbaycan \u0259sg\u0259rl\u0259ri d\u00f6y\u00fc\u015fl\u0259r zaman\u0131 \u00f6l\u00fcm\u0259 \u00fcz\u00fca\u00e7\u0131q, g\u00fcl\u0259r\u00fcz gedirdil\u0259r.<\/strong><\/p>\n<p><strong>ARANTV.AZ<\/strong>\u00a0<a href=\"http:\/\/az.trend.az\/\" target=\"_blank\" rel=\"noopener\">Trend<\/a>-\u0259 istinad\u0259n bildirir ki,\u00a0bunu ikinci Qaraba\u011f m\u00fcharib\u0259si qazisi mayor Elnur \u0130sayev deyib.<\/p>\n<p>1993-c\u00fc ild\u0259 Ali H\u0259rbi M\u0259kt\u0259b\u0259 q\u0259bul olan E.\u0130sayev bu t\u0259hsil m\u00fc\u0259ssis\u0259sini bitirdikd\u0259n sonra 2014-c\u00fc il\u0259d\u0259k h\u0259rbi xidm\u0259td\u0259 olub:<\/p>\n<p>&#8220;H\u0259rbi xidm\u0259td\u0259n t\u0259rxis olunduqdan sonra orta m\u0259kt\u0259bd\u0259 h\u0259rbi m\u00fc\u0259llim i\u015fl\u0259dim. M\u00fcharib\u0259 ba\u015flayanda V\u0259t\u0259n \u00e7a\u011f\u0131rd\u0131\u011f\u0131 \u00fc\u00e7\u00fcn getdim. F\u00fczuli istiqam\u0259tind\u0259 olan al\u0131nmaz qala oktyabr\u0131n 18-d\u0259 k\u0259\u015ffiyyat b\u00f6l\u00fcy\u00fcm\u00fcz t\u0259r\u0259find\u0259n erm\u0259nil\u0259rd\u0259n al\u0131nd\u0131 v\u0259 \u0259mr edildi ki, n\u00f6vb\u0259ti istiqam\u0259t \u00fczr\u0259 h\u0259r\u0259k\u0259t ed\u0259k. El\u0259 v\u0259ziyy\u0259t yarand\u0131 ki, 100 n\u0259f\u0259r erm\u0259ni h\u0259rb\u00e7isi il\u0259 \u00fcz-\u00fcz\u0259 qald\u0131q. D\u00fc\u015fm\u0259n bizi g\u00f6rd\u00fc v\u0259 mina atma\u011fa, snayperl\u0259rl\u0259 at\u0259\u015f\u0259 tutma\u011fa ba\u015flad\u0131. M\u0259n h\u0259min d\u00f6y\u00fc\u015fd\u0259 Az\u0259rbaycan \u0259sg\u0259rinin \u00e7ox igid oldu\u011funu bir daha g\u00f6rd\u00fcm. G\u00fcll\u0259 at\u0131l\u0131rd\u0131, o, \u0259sg\u0259rin yan\u0131ndan ke\u00e7irdi, deyirdim ki, ba\u015f\u0131n\u0131z\u0131 \u0259yin. Amma \u0259sg\u0259rl\u0259rimiz ba\u015f\u0131n\u0131 \u0259ym\u0259d\u0259n yenid\u0259n d\u00fc\u015fm\u0259nin \u00fcz\u0259rin\u0259 gedirdil\u0259r. Onlar \u00f6l\u00fcm\u0259 \u00fcz\u00fca\u00e7\u0131q, g\u00fcl\u0259r\u00fcz gedirdil\u0259r&#8221;.<\/p>\n<p>E.\u0130sayev h\u0259min d\u00f6y\u00fc\u015fl\u0259rd\u0259 d\u00fc\u015fm\u0259nin atd\u0131\u011f\u0131 mina n\u0259tic\u0259sind\u0259 aya\u011f\u0131ndan yaralansa da, d\u00f6y\u00fc\u015f\u0259 davam etm\u0259y\u0259 \u00e7al\u0131\u015f\u0131b: &#8220;Amma \u00e7oxlu qan itirdiyim \u00fc\u00e7\u00fcn taq\u0259tim qalmam\u0131\u015fd\u0131. B\u00f6l\u00fcy\u0259 x\u0259b\u0259r ed\u0259nd\u0259n sonra m\u0259ni g\u00fcll\u0259 alt\u0131nda 10 km s\u00fcr\u00fcy\u0259r\u0259k \u0259razid\u0259n \u00e7\u0131xard\u0131lar v\u0259 hospitala \u00e7atd\u0131rd\u0131lar. \u018fslind\u0259, m\u0259n o v\u0259ziyy\u0259tim\u0259 g\u00f6r\u0259 \u00f6lm\u0259li idim. Amma h\u0259kiml\u0259rimizin say\u0259sind\u0259 h\u0259yata qay\u0131td\u0131m. \u018fsg\u0259rl\u0259rimiz kimi h\u0259kiml\u0259rimiz d\u0259 \u015fanl\u0131 d\u00f6y\u00fc\u015f yolu ke\u00e7dil\u0259r&#8221;.<\/p>\n","protected":false},"excerpt":{"rendered":"<p>Az\u0259rbaycan \u0259sg\u0259rl\u0259ri d\u00f6y\u00fc\u015fl\u0259r zaman\u0131 \u00f6l\u00fcm\u0259 \u00fcz\u00fca\u00e7\u0131q, g\u00fcl\u0259r\u00fcz gedirdil\u0259r. ARANTV.AZ\u00a0Trend-\u0259 istinad\u0259n bildirir ki,\u00a0bunu ikinci Qaraba\u011f m\u00fcharib\u0259si qazisi mayor Elnur \u0130sayev deyib. 1993-c\u00fc ild\u0259 Ali H\u0259rbi M\u0259kt\u0259b\u0259 q\u0259bul olan E.\u0130sayev bu t\u0259hsil m\u00fc\u0259ssis\u0259sini bitirdikd\u0259n sonra 2014-c\u00fc il\u0259d\u0259k h\u0259rbi xidm\u0259td\u0259 olub: &#8220;H\u0259rbi xidm\u0259td\u0259n t\u0259rxis olunduqdan sonra orta m\u0259kt\u0259bd\u0259 h\u0259rbi m\u00fc\u0259llim i\u015fl\u0259dim. M\u00fcharib\u0259 ba\u015flayanda V\u0259t\u0259n \u00e7a\u011f\u0131rd\u0131\u011f\u0131 \u00fc\u00e7\u00fcn getdim. F\u00fczuli istiqam\u0259tind\u0259 olan al\u0131nmaz qala oktyabr\u0131n 18-d\u0259 k\u0259\u015ffiyyat b\u00f6l\u00fcy\u00fcm\u00fcz t\u0259r\u0259find\u0259n erm\u0259nil\u0259rd\u0259n al\u0131nd\u0131 v\u0259 \u0259mr edildi ki, n\u00f6vb\u0259ti istiqam\u0259t \u00fczr\u0259 h\u0259r\u0259k\u0259t ed\u0259k. El\u0259 v\u0259ziyy\u0259t yarand\u0131 ki, 100 n\u0259f\u0259r erm\u0259ni h\u0259rb\u00e7isi il\u0259 \u00fcz-\u00fcz\u0259 qald\u0131q. D\u00fc\u015fm\u0259n bizi g\u00f6rd\u00fc v\u0259&hellip;<\/p>\n","protected":false},"author":2,"featured_media":247668,"comment_status":"closed","ping_status":"closed","sticky":false,"template":"","format":"standard","meta":{"om_disable_all_campaigns":false,"_monsterinsights_skip_tracking":false,"_monsterinsights_sitenote_active":false,"_monsterinsights_sitenote_note":"","_monsterinsights_sitenote_category":0},"categories":[26],"tags":[],"aioseo_notices":[],"gutentor_comment":0,"rttpg_featured_image_url":{"full":["https:\/\/arantv.az\/wp-content\/uploads\/2020\/12\/902399.jpg",800,600,false],"landscape":["https:\/\/arantv.az\/wp-content\/uploads\/2020\/12\/902399.jpg",800,600,false],"portraits":["https:\/\/arantv.az\/wp-content\/uploads\/2020\/12\/902399.jpg",800,600,false],"thumbnail":["https:\/\/arantv.az\/wp-content\/uploads\/2020\/12\/902399-150x150.jpg",150,150,true],"medium":["https:\/\/arantv.az\/wp-content\/uploads\/2020\/12\/902399-300x225.jpg",300,225,true],"large":["https:\/\/arantv.az\/wp-content\/uploads\/2020\/12\/902399.jpg",640,480,false],"1536x1536":["https:\/\/arantv.az\/wp-content\/uploads\/2020\/12\/902399.jpg",800,600,false],"2048x2048":["https:\/\/arantv.az\/wp-content\/uploads\/2020\/12\/902399.jpg",800,600,false],"post-thumbnail":["https:\/\/arantv.az\/wp-content\/uploads\/2020\/12\/902399-240x172.jpg",240,172,true],"advps-thumb-one":["https:\/\/arantv.az\/wp-content\/uploads\/2020\/12\/902399.jpg",800,600,false]},"rttpg_author":{"display_name":"V\u00fcsal Rafiqo\u011flu","author_link":"https:\/\/arantv.az\/?author=2"},"rttpg_comment":0,"rttpg_category":"<a href=\"https:\/\/arantv.az\/?cat=26\" rel=\"category\">Sosial<\/a>","rttpg_excerpt":"Az\u0259rbaycan \u0259sg\u0259rl\u0259ri d\u00f6y\u00fc\u015fl\u0259r zaman\u0131 \u00f6l\u00fcm\u0259 \u00fcz\u00fca\u00e7\u0131q, g\u00fcl\u0259r\u00fcz gedirdil\u0259r. ARANTV.AZ\u00a0Trend-\u0259 istinad\u0259n bildirir ki,\u00a0bunu ikinci Qaraba\u011f m\u00fcharib\u0259si qazisi mayor Elnur \u0130sayev deyib. 1993-c\u00fc ild\u0259 Ali H\u0259rbi M\u0259kt\u0259b\u0259 q\u0259bul olan E.\u0130sayev bu t\u0259hsil m\u00fc\u0259ssis\u0259sini bitirdikd\u0259n sonra 2014-c\u00fc il\u0259d\u0259k h\u0259rbi xidm\u0259td\u0259 olub: &#8220;H\u0259rbi xidm\u0259td\u0259n t\u0259rxis olunduqdan sonra orta m\u0259kt\u0259bd\u0259 h\u0259rbi m\u00fc\u0259llim i\u015fl\u0259dim. M\u00fcharib\u0259 ba\u015flayanda V\u0259t\u0259n \u00e7a\u011f\u0131rd\u0131\u011f\u0131 \u00fc\u00e7\u00fcn getdim. F\u00fczuli&hellip;","_links":{"self":[{"href":"https:\/\/arantv.az\/index.php?rest_route=\/wp\/v2\/posts\/247667"}],"collection":[{"href":"https:\/\/arantv.az\/index.php?rest_route=\/wp\/v2\/posts"}],"about":[{"href":"https:\/\/arantv.az\/index.php?rest_route=\/wp\/v2\/types\/post"}],"author":[{"embeddable":true,"href":"https:\/\/arantv.az\/index.php?rest_route=\/wp\/v2\/users\/2"}],"replies":[{"embeddable":true,"href":"https:\/\/arantv.az\/index.php?rest_route=%2Fwp%2Fv2%2Fcomments&post=247667"}],"version-history":[{"count":0,"href":"https:\/\/arantv.az\/index.php?rest_route=\/wp\/v2\/posts\/247667\/revisions"}],"wp:featuredmedia":[{"embeddable":true,"href":"https:\/\/arantv.az\/index.php?rest_route=\/wp\/v2\/media\/247668"}],"wp:attachment":[{"href":"https:\/\/arantv.az\/index.php?rest_route=%2Fwp%2Fv2%2Fmedia&parent=247667"}],"wp:term":[{"taxonomy":"category","embeddable":true,"href":"https:\/\/arantv.az\/index.php?rest_route=%2Fwp%2Fv2%2Fcategories&post=247667"},{"taxonomy":"post_tag","embeddable":true,"href":"https:\/\/arantv.az\/index.php?rest_route=%2Fwp%2Fv2%2Ftags&post=247667"}],"curies":[{"name":"wp","href":"https:\/\/api.w.org\/{rel}","templated":true}]}}