{"id":247675,"date":"2020-12-04T13:35:27","date_gmt":"2020-12-04T10:35:27","guid":{"rendered":"http:\/\/arantv.az\/?p=247675"},"modified":"2020-12-04T13:35:27","modified_gmt":"2020-12-04T10:35:27","slug":"guclu-dovl%c9%99tin-h%c9%99rbcisi-olmaq-cox-qururvericidir-qarabag-qazisi","status":"publish","type":"post","link":"https:\/\/arantv.az\/?p=247675","title":{"rendered":"&#8220;G\u00fccl\u00fc d\u00f6vl\u0259tin h\u0259rb\u00e7isi olmaq \u00e7ox q\u00fcrurvericidir&#8221; &#8211; Qaraba\u011f qazisi"},"content":{"rendered":"<blockquote><p><strong><em>G\u00fccl\u00fc d\u00f6vl\u0259tin h\u0259rb\u00e7isi olmaq \u00e7ox q\u00fcrurvericidir.<\/em><\/strong><\/p><\/blockquote>\n<p><strong>ARANTV.AZ\u00a0\u00a0<\/strong><a href=\"http:\/\/az.trend.az\/\" target=\"_blank\" rel=\"noopener\">Trend<\/a>-\u0259 istinad\u0259n bildirir ki,\u00a0bunu II Qaraba\u011f m\u00fcharib\u0259sind\u0259 i\u015ftirak ed\u0259n, C\u0259bray\u0131l\u0131n i\u015f\u011faldan azad edilm\u0259sind\u0259 x\u00fcsusi xidm\u0259tl\u0259ri olan qazi F\u0259rid Ba\u011f\u0131rl\u0131 deyib.<\/p>\n<p>X\u00fcsusi t\u0259yinatl\u0131 h\u0259rb\u00e7i kimi \u00e7al\u0131\u015fan 28 ya\u015fl\u0131 F.Ba\u011f\u0131rl\u0131 Hadrut u\u011frunda apar\u0131lan d\u00f6y\u00fc\u015fl\u0259rd\u0259 yaralan\u0131b:<\/p>\n<p>&#8220;C\u0259bray\u0131l\u0131n k\u0259ndl\u0259rini i\u015f\u011faldan azad ed\u0259rk\u0259n birinci e\u015falonu g\u00f6t\u00fcrd\u00fckd\u0259n sonra ikinci e\u015falonu g\u00f6t\u00fcrm\u0259yimiz gec\u0259 saatlar\u0131na t\u0259sad\u00fcf etdi. Gec\u0259 bir qrup arxadan manevr ed\u0259r\u0259k h\u0259min postlara daxil olduq. Onlar\u0131 orada m\u0259hv ed\u0259r\u0259k ir\u0259lil\u0259m\u0259y\u0259 ba\u015flad\u0131q. C\u0259bray\u0131l rayonunu ald\u0131qdan sonra Hadrut istiqam\u0259tin\u0259 do\u011fru h\u0259r\u0259k\u0259t etdik. H\u0259min yol y\u00fcks\u0259klik idi. Orada pusquya d\u00fc\u015f\u0259r\u0259k yaraland\u0131m. T\u0259\u0259ss\u00fcf edir\u0259m ki, bu \u015fanl\u0131 m\u00fcbariz\u0259d\u0259 ax\u0131r\u0131nc\u0131 g\u00fcn\u0259 q\u0259d\u0259r d\u00f6y\u00fc\u015f yolda\u015flar\u0131m\u0131z\u0131n yan\u0131nda ola bilm\u0259dim&#8221;.<\/p>\n<p>M\u00fcharib\u0259d\u0259 olark\u0259n q\u0131z \u00f6vlad\u0131 d\u00fcnyaya g\u0259l\u0259n F.Ba\u011f\u0131rl\u0131 onu iki ay sonra g\u00f6r\u00fcb: &#8220;M\u0259n \u00f6z\u00fcm d\u0259 1992-ci ild\u0259 m\u00fcharib\u0259 d\u00f6vr\u00fcnd\u0259 d\u00fcnyaya g\u0259lmi\u015f\u0259m. K\u00f6rp\u0259m d\u0259 m\u00fcharib\u0259 d\u00f6vr\u00fcnd\u0259 d\u00fcnyaya g\u0259lib&#8221;.<\/p>\n<p>Atas\u0131n\u0131 m\u00fcharib\u0259d\u0259n bir ne\u00e7\u0259 g\u00fcn \u0259vv\u0259l itir\u0259n F.Ba\u011f\u0131rl\u0131 onun da olduqca v\u0259t\u0259np\u0259rv\u0259r oldu\u011funu s\u00f6yl\u0259yib:<\/p>\n<p>&#8220;O da h\u0259r zaman V\u0259t\u0259n, torpaq deyirdi. M\u0259n x\u00fcsusi t\u0259yinatl\u0131 kimi \u00e7al\u0131\u015fma\u011fa ba\u015flayanda da atam bilirdi ki, m\u0259n bunu V\u0259t\u0259n\u0259 g\u00f6r\u0259 edir\u0259m&#8221;.<\/p>\n","protected":false},"excerpt":{"rendered":"<p>G\u00fccl\u00fc d\u00f6vl\u0259tin h\u0259rb\u00e7isi olmaq \u00e7ox q\u00fcrurvericidir. ARANTV.AZ\u00a0\u00a0Trend-\u0259 istinad\u0259n bildirir ki,\u00a0bunu II Qaraba\u011f m\u00fcharib\u0259sind\u0259 i\u015ftirak ed\u0259n, C\u0259bray\u0131l\u0131n i\u015f\u011faldan azad edilm\u0259sind\u0259 x\u00fcsusi xidm\u0259tl\u0259ri olan qazi F\u0259rid Ba\u011f\u0131rl\u0131 deyib. X\u00fcsusi t\u0259yinatl\u0131 h\u0259rb\u00e7i kimi \u00e7al\u0131\u015fan 28 ya\u015fl\u0131 F.Ba\u011f\u0131rl\u0131 Hadrut u\u011frunda apar\u0131lan d\u00f6y\u00fc\u015fl\u0259rd\u0259 yaralan\u0131b: &#8220;C\u0259bray\u0131l\u0131n k\u0259ndl\u0259rini i\u015f\u011faldan azad ed\u0259rk\u0259n birinci e\u015falonu g\u00f6t\u00fcrd\u00fckd\u0259n sonra ikinci e\u015falonu g\u00f6t\u00fcrm\u0259yimiz gec\u0259 saatlar\u0131na t\u0259sad\u00fcf etdi. Gec\u0259 bir qrup arxadan manevr ed\u0259r\u0259k h\u0259min postlara daxil olduq. Onlar\u0131 orada m\u0259hv ed\u0259r\u0259k ir\u0259lil\u0259m\u0259y\u0259 ba\u015flad\u0131q. C\u0259bray\u0131l rayonunu ald\u0131qdan sonra Hadrut istiqam\u0259tin\u0259 do\u011fru h\u0259r\u0259k\u0259t etdik. H\u0259min yol y\u00fcks\u0259klik idi. Orada pusquya d\u00fc\u015f\u0259r\u0259k yaraland\u0131m. T\u0259\u0259ss\u00fcf edir\u0259m&hellip;<\/p>\n","protected":false},"author":2,"featured_media":247676,"comment_status":"closed","ping_status":"closed","sticky":false,"template":"","format":"standard","meta":{"om_disable_all_campaigns":false,"_monsterinsights_skip_tracking":false,"_monsterinsights_sitenote_active":false,"_monsterinsights_sitenote_note":"","_monsterinsights_sitenote_category":0},"categories":[26],"tags":[],"aioseo_notices":[],"gutentor_comment":0,"rttpg_featured_image_url":{"full":["https:\/\/arantv.az\/wp-content\/uploads\/2020\/12\/902339.jpg",800,600,false],"landscape":["https:\/\/arantv.az\/wp-content\/uploads\/2020\/12\/902339.jpg",800,600,false],"portraits":["https:\/\/arantv.az\/wp-content\/uploads\/2020\/12\/902339.jpg",800,600,false],"thumbnail":["https:\/\/arantv.az\/wp-content\/uploads\/2020\/12\/902339-150x150.jpg",150,150,true],"medium":["https:\/\/arantv.az\/wp-content\/uploads\/2020\/12\/902339-300x225.jpg",300,225,true],"large":["https:\/\/arantv.az\/wp-content\/uploads\/2020\/12\/902339.jpg",640,480,false],"1536x1536":["https:\/\/arantv.az\/wp-content\/uploads\/2020\/12\/902339.jpg",800,600,false],"2048x2048":["https:\/\/arantv.az\/wp-content\/uploads\/2020\/12\/902339.jpg",800,600,false],"post-thumbnail":["https:\/\/arantv.az\/wp-content\/uploads\/2020\/12\/902339-240x172.jpg",240,172,true],"advps-thumb-one":["https:\/\/arantv.az\/wp-content\/uploads\/2020\/12\/902339.jpg",800,600,false]},"rttpg_author":{"display_name":"V\u00fcsal Rafiqo\u011flu","author_link":"https:\/\/arantv.az\/?author=2"},"rttpg_comment":0,"rttpg_category":"<a href=\"https:\/\/arantv.az\/?cat=26\" rel=\"category\">Sosial<\/a>","rttpg_excerpt":"G\u00fccl\u00fc d\u00f6vl\u0259tin h\u0259rb\u00e7isi olmaq \u00e7ox q\u00fcrurvericidir. ARANTV.AZ\u00a0\u00a0Trend-\u0259 istinad\u0259n bildirir ki,\u00a0bunu II Qaraba\u011f m\u00fcharib\u0259sind\u0259 i\u015ftirak ed\u0259n, C\u0259bray\u0131l\u0131n i\u015f\u011faldan azad edilm\u0259sind\u0259 x\u00fcsusi xidm\u0259tl\u0259ri olan qazi F\u0259rid Ba\u011f\u0131rl\u0131 deyib. X\u00fcsusi t\u0259yinatl\u0131 h\u0259rb\u00e7i kimi \u00e7al\u0131\u015fan 28 ya\u015fl\u0131 F.Ba\u011f\u0131rl\u0131 Hadrut u\u011frunda apar\u0131lan d\u00f6y\u00fc\u015fl\u0259rd\u0259 yaralan\u0131b: &#8220;C\u0259bray\u0131l\u0131n k\u0259ndl\u0259rini i\u015f\u011faldan azad ed\u0259rk\u0259n birinci e\u015falonu g\u00f6t\u00fcrd\u00fckd\u0259n sonra ikinci e\u015falonu g\u00f6t\u00fcrm\u0259yimiz gec\u0259 saatlar\u0131na t\u0259sad\u00fcf etdi.&hellip;","_links":{"self":[{"href":"https:\/\/arantv.az\/index.php?rest_route=\/wp\/v2\/posts\/247675"}],"collection":[{"href":"https:\/\/arantv.az\/index.php?rest_route=\/wp\/v2\/posts"}],"about":[{"href":"https:\/\/arantv.az\/index.php?rest_route=\/wp\/v2\/types\/post"}],"author":[{"embeddable":true,"href":"https:\/\/arantv.az\/index.php?rest_route=\/wp\/v2\/users\/2"}],"replies":[{"embeddable":true,"href":"https:\/\/arantv.az\/index.php?rest_route=%2Fwp%2Fv2%2Fcomments&post=247675"}],"version-history":[{"count":0,"href":"https:\/\/arantv.az\/index.php?rest_route=\/wp\/v2\/posts\/247675\/revisions"}],"wp:featuredmedia":[{"embeddable":true,"href":"https:\/\/arantv.az\/index.php?rest_route=\/wp\/v2\/media\/247676"}],"wp:attachment":[{"href":"https:\/\/arantv.az\/index.php?rest_route=%2Fwp%2Fv2%2Fmedia&parent=247675"}],"wp:term":[{"taxonomy":"category","embeddable":true,"href":"https:\/\/arantv.az\/index.php?rest_route=%2Fwp%2Fv2%2Fcategories&post=247675"},{"taxonomy":"post_tag","embeddable":true,"href":"https:\/\/arantv.az\/index.php?rest_route=%2Fwp%2Fv2%2Ftags&post=247675"}],"curies":[{"name":"wp","href":"https:\/\/api.w.org\/{rel}","templated":true}]}}