{"id":247700,"date":"2020-12-04T13:48:27","date_gmt":"2020-12-04T10:48:27","guid":{"rendered":"http:\/\/arantv.az\/?p=247700"},"modified":"2020-12-04T13:48:27","modified_gmt":"2020-12-04T10:48:27","slug":"iki-q%c9%99lp%c9%99-h%c9%99l%c9%99-d%c9%99-b%c9%99d%c9%99nimd%c9%99dir-19-yasli-qazimiz","status":"publish","type":"post","link":"https:\/\/arantv.az\/?p=247700","title":{"rendered":"&#8220;\u0130ki q\u0259lp\u0259 h\u0259l\u0259 d\u0259 b\u0259d\u0259nimd\u0259dir&#8221; &#8211; 19 ya\u015fl\u0131 qazimiz"},"content":{"rendered":"<p><strong>Torpaqlar\u0131m\u0131zn d\u00fc\u015fm\u0259n tapda\u011f\u0131ndan azad olunmas\u0131 u\u011frunda d\u00f6y\u00fc\u015f\u0259 qat\u0131lan\u00a0igidl\u0259rimizd\u0259n biri d\u0259 S\u0259rxan M\u0259mm\u0259dovdur.<\/strong><\/p>\n<div id=\"AdviadNativeVideo0\" class=\"AdviadNativeVideo\"><\/div>\n<p><strong>ARANTV.AZ<\/strong> x\u0259b\u0259r verir ki, T\u00fcrkiy\u0259nin Anadolu Agentliyi T\u0259rt\u0259rd\u0259 m\u0259skunla\u015fan q\u0259hr\u0259man\u0131m\u0131z\u0131n igidliyi v\u0259 \u015f\u00fccay\u0259ti haqq\u0131nda reportaj haz\u0131rlay\u0131b.<\/p>\n<p>Erm\u0259nil\u0259rin 1993-c\u00fc ild\u0259 A\u011fd\u0259r\u0259ni i\u015f\u011fal etm\u0259sind\u0259n sonra m\u0259cburi k\u00f6\u00e7k\u00fcn olan S\u0259rxan v\u0259 ail\u0259si 30 il\u0259 yax\u0131nd\u0131r T\u0259rt\u0259r rayonunda m\u0259skunla\u015f\u0131b. V\u0259t\u0259n m\u00fcharib\u0259sind\u0259 i\u015ftirak ed\u0259n S\u0259rxan d\u00fc\u015fm\u0259nin minaatanlardan at\u0259\u015f a\u00e7mas\u0131 n\u0259tic\u0259sind\u0259 sol aya\u011f\u0131ndan yaralan\u0131b. 19 ya\u015fl\u0131 igid m\u00fcsahib\u0259si zaman\u0131 m\u00fcharib\u0259d\u0259 nec\u0259 yaralanmas\u0131ndan dan\u0131\u015f\u0131b:<\/p>\n<p>\u201cF\u00fczuli istiqam\u0259tind\u0259 d\u00f6y\u00fc\u015f\u0259-d\u00f6y\u00fc\u015f\u0259 qaba\u011fa gedirdik. Sonra komandirimiz &#8220;ir\u0259li&#8221; \u0259mrini verdi. \u018fks h\u00fccuma ke\u00e7\u0259nd\u0259 d\u00fc\u015fm\u0259n bizi\u00a0minaatanlardan at\u0259\u015f\u0259 tutdu. Bundan sonra iki dostum v\u0259\u00a0m\u0259n yaraland\u0131q. H\u0259rbi x\u0259st\u0259xanaya yerl\u0259\u015fdiril\u0259r\u0259k \u0259m\u0259liyyat olundum. H\u0259kiml\u0259r b\u0259d\u0259nimd\u0259n \u00e7oxlu sayda q\u0259lp\u0259 qal\u0131qlar\u0131 \u00e7\u0131xartd\u0131. Lakin ikisi h\u0259l\u0259 d\u0259 b\u0259d\u0259nimd\u0259dir\u201d.<\/p>\n<p>S\u0259rxan M\u0259mm\u0259dov h\u0259min vaxt bo\u011faz\u0131ndan, \u00e7iynind\u0259n v\u0259\u00a0qolundan da yaralan\u0131b. Q\u0259hr\u0259man\u0131m\u0131z\u0131n sol aya\u011f\u0131 amputasiya edilib. O, yaralanan dostlar\u0131n\u0131n s\u0259hh\u0259tinin yax\u015f\u0131 oldu\u011funu bildirir. S\u0259rxan torpaqlar\u0131m\u0131z i\u015f\u011faldan azad olundu\u011fu \u00fc\u00e7\u00fcn sevinc hissi ke\u00e7irdiyini v\u0259 tezlikl\u0259 do\u011fma yurdu A\u011fd\u0259r\u0259y\u0259 qay\u0131tmaq ist\u0259diyini dil\u0259 g\u0259tirib.<\/p>\n<p><img src=\"https:\/\/axsam.az\/img\/pics\/large\/2020-12\/211909_r2pgz3akli.jpg\" alt=\"\" align=\"baseline\" border=\"0\" hspace=\"0\" \/><\/p>\n","protected":false},"excerpt":{"rendered":"<p>Torpaqlar\u0131m\u0131zn d\u00fc\u015fm\u0259n tapda\u011f\u0131ndan azad olunmas\u0131 u\u011frunda d\u00f6y\u00fc\u015f\u0259 qat\u0131lan\u00a0igidl\u0259rimizd\u0259n biri d\u0259 S\u0259rxan M\u0259mm\u0259dovdur. ARANTV.AZ x\u0259b\u0259r verir ki, T\u00fcrkiy\u0259nin Anadolu Agentliyi T\u0259rt\u0259rd\u0259 m\u0259skunla\u015fan q\u0259hr\u0259man\u0131m\u0131z\u0131n igidliyi v\u0259 \u015f\u00fccay\u0259ti haqq\u0131nda reportaj haz\u0131rlay\u0131b. Erm\u0259nil\u0259rin 1993-c\u00fc ild\u0259 A\u011fd\u0259r\u0259ni i\u015f\u011fal etm\u0259sind\u0259n sonra m\u0259cburi k\u00f6\u00e7k\u00fcn olan S\u0259rxan v\u0259 ail\u0259si 30 il\u0259 yax\u0131nd\u0131r T\u0259rt\u0259r rayonunda m\u0259skunla\u015f\u0131b. V\u0259t\u0259n m\u00fcharib\u0259sind\u0259 i\u015ftirak ed\u0259n S\u0259rxan d\u00fc\u015fm\u0259nin minaatanlardan at\u0259\u015f a\u00e7mas\u0131 n\u0259tic\u0259sind\u0259 sol aya\u011f\u0131ndan yaralan\u0131b. 19 ya\u015fl\u0131 igid m\u00fcsahib\u0259si zaman\u0131 m\u00fcharib\u0259d\u0259 nec\u0259 yaralanmas\u0131ndan dan\u0131\u015f\u0131b: \u201cF\u00fczuli istiqam\u0259tind\u0259 d\u00f6y\u00fc\u015f\u0259-d\u00f6y\u00fc\u015f\u0259 qaba\u011fa gedirdik. Sonra komandirimiz &#8220;ir\u0259li&#8221; \u0259mrini verdi. \u018fks h\u00fccuma ke\u00e7\u0259nd\u0259 d\u00fc\u015fm\u0259n bizi\u00a0minaatanlardan at\u0259\u015f\u0259 tutdu. Bundan sonra iki dostum&hellip;<\/p>\n","protected":false},"author":2,"featured_media":247701,"comment_status":"closed","ping_status":"closed","sticky":false,"template":"","format":"standard","meta":{"om_disable_all_campaigns":false,"_monsterinsights_skip_tracking":false,"_monsterinsights_sitenote_active":false,"_monsterinsights_sitenote_note":"","_monsterinsights_sitenote_category":0},"categories":[26],"tags":[],"aioseo_notices":[],"gutentor_comment":0,"rttpg_featured_image_url":{"full":["https:\/\/arantv.az\/wp-content\/uploads\/2020\/12\/211911_a3p3nbpomx.jpg",1000,617,false],"landscape":["https:\/\/arantv.az\/wp-content\/uploads\/2020\/12\/211911_a3p3nbpomx.jpg",1000,617,false],"portraits":["https:\/\/arantv.az\/wp-content\/uploads\/2020\/12\/211911_a3p3nbpomx.jpg",1000,617,false],"thumbnail":["https:\/\/arantv.az\/wp-content\/uploads\/2020\/12\/211911_a3p3nbpomx-150x150.jpg",150,150,true],"medium":["https:\/\/arantv.az\/wp-content\/uploads\/2020\/12\/211911_a3p3nbpomx-300x185.jpg",300,185,true],"large":["https:\/\/arantv.az\/wp-content\/uploads\/2020\/12\/211911_a3p3nbpomx.jpg",640,395,false],"1536x1536":["https:\/\/arantv.az\/wp-content\/uploads\/2020\/12\/211911_a3p3nbpomx.jpg",1000,617,false],"2048x2048":["https:\/\/arantv.az\/wp-content\/uploads\/2020\/12\/211911_a3p3nbpomx.jpg",1000,617,false],"post-thumbnail":["https:\/\/arantv.az\/wp-content\/uploads\/2020\/12\/211911_a3p3nbpomx-240x172.jpg",240,172,true],"advps-thumb-one":["https:\/\/arantv.az\/wp-content\/uploads\/2020\/12\/211911_a3p3nbpomx.jpg",1000,617,false]},"rttpg_author":{"display_name":"V\u00fcsal Rafiqo\u011flu","author_link":"https:\/\/arantv.az\/?author=2"},"rttpg_comment":0,"rttpg_category":"<a href=\"https:\/\/arantv.az\/?cat=26\" rel=\"category\">Sosial<\/a>","rttpg_excerpt":"Torpaqlar\u0131m\u0131zn d\u00fc\u015fm\u0259n tapda\u011f\u0131ndan azad olunmas\u0131 u\u011frunda d\u00f6y\u00fc\u015f\u0259 qat\u0131lan\u00a0igidl\u0259rimizd\u0259n biri d\u0259 S\u0259rxan M\u0259mm\u0259dovdur. ARANTV.AZ x\u0259b\u0259r verir ki, T\u00fcrkiy\u0259nin Anadolu Agentliyi T\u0259rt\u0259rd\u0259 m\u0259skunla\u015fan q\u0259hr\u0259man\u0131m\u0131z\u0131n igidliyi v\u0259 \u015f\u00fccay\u0259ti haqq\u0131nda reportaj haz\u0131rlay\u0131b. Erm\u0259nil\u0259rin 1993-c\u00fc ild\u0259 A\u011fd\u0259r\u0259ni i\u015f\u011fal etm\u0259sind\u0259n sonra m\u0259cburi k\u00f6\u00e7k\u00fcn olan S\u0259rxan v\u0259 ail\u0259si 30 il\u0259 yax\u0131nd\u0131r T\u0259rt\u0259r rayonunda m\u0259skunla\u015f\u0131b. V\u0259t\u0259n m\u00fcharib\u0259sind\u0259 i\u015ftirak ed\u0259n S\u0259rxan d\u00fc\u015fm\u0259nin minaatanlardan at\u0259\u015f&hellip;","_links":{"self":[{"href":"https:\/\/arantv.az\/index.php?rest_route=\/wp\/v2\/posts\/247700"}],"collection":[{"href":"https:\/\/arantv.az\/index.php?rest_route=\/wp\/v2\/posts"}],"about":[{"href":"https:\/\/arantv.az\/index.php?rest_route=\/wp\/v2\/types\/post"}],"author":[{"embeddable":true,"href":"https:\/\/arantv.az\/index.php?rest_route=\/wp\/v2\/users\/2"}],"replies":[{"embeddable":true,"href":"https:\/\/arantv.az\/index.php?rest_route=%2Fwp%2Fv2%2Fcomments&post=247700"}],"version-history":[{"count":0,"href":"https:\/\/arantv.az\/index.php?rest_route=\/wp\/v2\/posts\/247700\/revisions"}],"wp:featuredmedia":[{"embeddable":true,"href":"https:\/\/arantv.az\/index.php?rest_route=\/wp\/v2\/media\/247701"}],"wp:attachment":[{"href":"https:\/\/arantv.az\/index.php?rest_route=%2Fwp%2Fv2%2Fmedia&parent=247700"}],"wp:term":[{"taxonomy":"category","embeddable":true,"href":"https:\/\/arantv.az\/index.php?rest_route=%2Fwp%2Fv2%2Fcategories&post=247700"},{"taxonomy":"post_tag","embeddable":true,"href":"https:\/\/arantv.az\/index.php?rest_route=%2Fwp%2Fv2%2Ftags&post=247700"}],"curies":[{"name":"wp","href":"https:\/\/api.w.org\/{rel}","templated":true}]}}