{"id":247704,"date":"2020-12-04T13:49:46","date_gmt":"2020-12-04T10:49:46","guid":{"rendered":"http:\/\/arantv.az\/?p=247704"},"modified":"2020-12-04T13:49:46","modified_gmt":"2020-12-04T10:49:46","slug":"t%c9%99hsil-naziri-s%c9%99hid-olan-mu%c9%99lliml%c9%99rl%c9%99-bagli-paylasim-edib","status":"publish","type":"post","link":"https:\/\/arantv.az\/?p=247704","title":{"rendered":"T\u0259hsil naziri \u015f\u0259hid olan m\u00fc\u0259lliml\u0259rl\u0259 ba\u011fl\u0131 payla\u015f\u0131m edib"},"content":{"rendered":"<p><strong>T\u0259hsil naziri Emin \u018fmrullayev V\u0259t\u0259n m\u00fcharib\u0259sind\u0259 \u015f\u0259hid olan m\u00fc\u0259lliml\u0259rl\u0259 ba\u011fl\u0131 payla\u015f\u0131m edib.<\/strong><\/p>\n<div id=\"AdviadNativeVideo0\" class=\"AdviadNativeVideo\"><\/div>\n<p><strong>ARANTV.AZ<\/strong>-\u0131n m\u0259lumat\u0131na g\u00f6r\u0259, payla\u015f\u0131mda deyilir:<\/p>\n<p>\u201cAz\u0259rbaycan m\u00fc\u0259llimi V\u0259t\u0259n m\u00fcharib\u0259sind\u0259n \u00fcz\u00fca\u011f, ba\u015f\u0131uca \u00e7\u0131xd\u0131. H\u0259m \u00f6z\u00fc \u015f\u0259hidlik zirv\u0259sin\u0259 ucald\u0131, h\u0259m d\u0259 yeti\u015fdirdiyi V\u0259t\u0259n \u00f6vladlar\u0131 bu ad\u0131 haqq etdil\u0259r! D\u00fc\u015fm\u0259n\u0259 d\u0259rs ke\u00e7\u0259n m\u00fc\u0259lliml\u0259rimizi ehtiramla an\u0131r\u0131q!&#8221;<\/p>\n<p><img src=\"https:\/\/axsam.az\/img\/pics\/large\/2020-12\/211914_zv1aydw567.jpeg\" alt=\"\" align=\"baseline\" border=\"0\" hspace=\"0\" \/><\/p>\n","protected":false},"excerpt":{"rendered":"<p>T\u0259hsil naziri Emin \u018fmrullayev V\u0259t\u0259n m\u00fcharib\u0259sind\u0259 \u015f\u0259hid olan m\u00fc\u0259lliml\u0259rl\u0259 ba\u011fl\u0131 payla\u015f\u0131m edib. ARANTV.AZ-\u0131n m\u0259lumat\u0131na g\u00f6r\u0259, payla\u015f\u0131mda deyilir: \u201cAz\u0259rbaycan m\u00fc\u0259llimi V\u0259t\u0259n m\u00fcharib\u0259sind\u0259n \u00fcz\u00fca\u011f, ba\u015f\u0131uca \u00e7\u0131xd\u0131. H\u0259m \u00f6z\u00fc \u015f\u0259hidlik zirv\u0259sin\u0259 ucald\u0131, h\u0259m d\u0259 yeti\u015fdirdiyi V\u0259t\u0259n \u00f6vladlar\u0131 bu ad\u0131 haqq etdil\u0259r! D\u00fc\u015fm\u0259n\u0259 d\u0259rs ke\u00e7\u0259n m\u00fc\u0259lliml\u0259rimizi ehtiramla an\u0131r\u0131q!&#8221;<\/p>\n","protected":false},"author":2,"featured_media":247705,"comment_status":"closed","ping_status":"closed","sticky":false,"template":"","format":"standard","meta":{"om_disable_all_campaigns":false,"_monsterinsights_skip_tracking":false,"_monsterinsights_sitenote_active":false,"_monsterinsights_sitenote_note":"","_monsterinsights_sitenote_category":0},"categories":[26],"tags":[],"aioseo_notices":[],"gutentor_comment":0,"rttpg_featured_image_url":{"full":["https:\/\/arantv.az\/wp-content\/uploads\/2020\/12\/211913_rjyexe9q2a.jpg",1000,617,false],"landscape":["https:\/\/arantv.az\/wp-content\/uploads\/2020\/12\/211913_rjyexe9q2a.jpg",1000,617,false],"portraits":["https:\/\/arantv.az\/wp-content\/uploads\/2020\/12\/211913_rjyexe9q2a.jpg",1000,617,false],"thumbnail":["https:\/\/arantv.az\/wp-content\/uploads\/2020\/12\/211913_rjyexe9q2a-150x150.jpg",150,150,true],"medium":["https:\/\/arantv.az\/wp-content\/uploads\/2020\/12\/211913_rjyexe9q2a-300x185.jpg",300,185,true],"large":["https:\/\/arantv.az\/wp-content\/uploads\/2020\/12\/211913_rjyexe9q2a.jpg",640,395,false],"1536x1536":["https:\/\/arantv.az\/wp-content\/uploads\/2020\/12\/211913_rjyexe9q2a.jpg",1000,617,false],"2048x2048":["https:\/\/arantv.az\/wp-content\/uploads\/2020\/12\/211913_rjyexe9q2a.jpg",1000,617,false],"post-thumbnail":["https:\/\/arantv.az\/wp-content\/uploads\/2020\/12\/211913_rjyexe9q2a-240x172.jpg",240,172,true],"advps-thumb-one":["https:\/\/arantv.az\/wp-content\/uploads\/2020\/12\/211913_rjyexe9q2a.jpg",1000,617,false]},"rttpg_author":{"display_name":"V\u00fcsal Rafiqo\u011flu","author_link":"https:\/\/arantv.az\/?author=2"},"rttpg_comment":0,"rttpg_category":"<a href=\"https:\/\/arantv.az\/?cat=26\" rel=\"category\">Sosial<\/a>","rttpg_excerpt":"T\u0259hsil naziri Emin \u018fmrullayev V\u0259t\u0259n m\u00fcharib\u0259sind\u0259 \u015f\u0259hid olan m\u00fc\u0259lliml\u0259rl\u0259 ba\u011fl\u0131 payla\u015f\u0131m edib. ARANTV.AZ-\u0131n m\u0259lumat\u0131na g\u00f6r\u0259, payla\u015f\u0131mda deyilir: \u201cAz\u0259rbaycan m\u00fc\u0259llimi V\u0259t\u0259n m\u00fcharib\u0259sind\u0259n \u00fcz\u00fca\u011f, ba\u015f\u0131uca \u00e7\u0131xd\u0131. H\u0259m \u00f6z\u00fc \u015f\u0259hidlik zirv\u0259sin\u0259 ucald\u0131, h\u0259m d\u0259 yeti\u015fdirdiyi V\u0259t\u0259n \u00f6vladlar\u0131 bu ad\u0131 haqq etdil\u0259r! D\u00fc\u015fm\u0259n\u0259 d\u0259rs ke\u00e7\u0259n m\u00fc\u0259lliml\u0259rimizi ehtiramla an\u0131r\u0131q!&#8221;","_links":{"self":[{"href":"https:\/\/arantv.az\/index.php?rest_route=\/wp\/v2\/posts\/247704"}],"collection":[{"href":"https:\/\/arantv.az\/index.php?rest_route=\/wp\/v2\/posts"}],"about":[{"href":"https:\/\/arantv.az\/index.php?rest_route=\/wp\/v2\/types\/post"}],"author":[{"embeddable":true,"href":"https:\/\/arantv.az\/index.php?rest_route=\/wp\/v2\/users\/2"}],"replies":[{"embeddable":true,"href":"https:\/\/arantv.az\/index.php?rest_route=%2Fwp%2Fv2%2Fcomments&post=247704"}],"version-history":[{"count":0,"href":"https:\/\/arantv.az\/index.php?rest_route=\/wp\/v2\/posts\/247704\/revisions"}],"wp:featuredmedia":[{"embeddable":true,"href":"https:\/\/arantv.az\/index.php?rest_route=\/wp\/v2\/media\/247705"}],"wp:attachment":[{"href":"https:\/\/arantv.az\/index.php?rest_route=%2Fwp%2Fv2%2Fmedia&parent=247704"}],"wp:term":[{"taxonomy":"category","embeddable":true,"href":"https:\/\/arantv.az\/index.php?rest_route=%2Fwp%2Fv2%2Fcategories&post=247704"},{"taxonomy":"post_tag","embeddable":true,"href":"https:\/\/arantv.az\/index.php?rest_route=%2Fwp%2Fv2%2Ftags&post=247704"}],"curies":[{"name":"wp","href":"https:\/\/api.w.org\/{rel}","templated":true}]}}